{"id":3864,"date":"2015-09-08T21:13:22","date_gmt":"2015-09-09T00:13:22","guid":{"rendered":"http:\/\/blogdoeloiltoncajuhy.com.br\/site\/?p=3864"},"modified":"2015-09-08T21:13:22","modified_gmt":"2015-09-09T00:13:22","slug":"justica-solta-padrinho-de-menino-morto-falta-de-laudos-motivou-liberacao","status":"publish","type":"post","link":"https:\/\/blogdoeloiltoncajuhy.com.br\/site\/justica-solta-padrinho-de-menino-morto-falta-de-laudos-motivou-liberacao\/","title":{"rendered":"Justi\u00e7a solta padrinho de menino morto; falta de laudos motivou libera\u00e7\u00e3o"},"content":{"rendered":"<p><a href=\"https:\/\/i0.wp.com\/blogdoeloiltoncajuhy.com.br\/site\/wp-content\/uploads\/2015\/08\/rafael2.jpg\"><img data-recalc-dims=\"1\" fetchpriority=\"high\" decoding=\"async\" class=\"aligncenter size-full wp-image-3312\" src=\"https:\/\/i0.wp.com\/blogdoeloiltoncajuhy.com.br\/site\/wp-content\/uploads\/2015\/08\/rafael2.jpg?resize=800%2C529\" alt=\"rafael2\" width=\"800\" height=\"529\" srcset=\"https:\/\/i0.wp.com\/blogdoeloiltoncajuhy.com.br\/site\/wp-content\/uploads\/2015\/08\/rafael2.jpg?w=800&amp;ssl=1 800w, https:\/\/i0.wp.com\/blogdoeloiltoncajuhy.com.br\/site\/wp-content\/uploads\/2015\/08\/rafael2.jpg?resize=300%2C198&amp;ssl=1 300w, https:\/\/i0.wp.com\/blogdoeloiltoncajuhy.com.br\/site\/wp-content\/uploads\/2015\/08\/rafael2.jpg?resize=250%2C165&amp;ssl=1 250w\" sizes=\"(max-width: 800px) 100vw, 800px\" \/><\/a>A pris\u00e3o em flagrante de Rafael Pinheiro de Jesus \u2013 acusado de oculta\u00e7\u00e3o de cad\u00e1ver do garoto Marcus Vin\u00edcius, de dois anos, no bairro de Itapu\u00e3 \u2013 foi revogada nesta ter\u00e7a-feira (8), pela ju\u00edza Gelzi Maria Almeida Souza.<\/p>\n<p>De acordo com a pe\u00e7a processual, \u201ca aus\u00eancia dos laudos periciais necess\u00e1rios ao esclarecimento da morte do menor impedem a correta tipifica\u00e7\u00e3o e consequente distribui\u00e7\u00e3o entre as promotorias de justi\u00e7a de \u00e1reas diversas\u201d e, por isso, optou-se pela libera\u00e7\u00e3o do acusado.<\/p>\n<p>Rafael Pinheiro foi preso no dia 19 de agosto ap\u00f3s apontar onde estava o corpo do garoto que era seu afilhado. Em depoimento \u00e0 pol\u00edcia, ele disse que o garoto \u201csufocou\u201d ap\u00f3s tomar um mingau.<\/p>\n<p><em>*Bahia Not\u00edcias<\/em><\/p>\n","protected":false},"excerpt":{"rendered":"<p>A pris\u00e3o em flagrante de Rafael Pinheiro de Jesus \u2013 acusado de oculta\u00e7\u00e3o de cad\u00e1ver do garoto Marcus Vin\u00edcius, de dois anos, no bairro de Itapu\u00e3 \u2013 foi revogada nesta ter\u00e7a-feira (8), pela ju\u00edza Gelzi Maria Almeida Souza. De acordo com a pe\u00e7a processual, \u201ca aus\u00eancia dos laudos periciais necess\u00e1rios ao esclarecimento da morte do [&hellip;]<\/p>\n","protected":false},"author":2,"featured_media":0,"comment_status":"open","ping_status":"open","sticky":false,"template":"","format":"standard","meta":{"_acf_changed":false,"_monsterinsights_skip_tracking":false,"_monsterinsights_sitenote_active":false,"_monsterinsights_sitenote_note":"","_monsterinsights_sitenote_category":0,"_jetpack_memberships_contains_paid_content":false,"footnotes":"","jetpack_publicize_message":"","jetpack_publicize_feature_enabled":true,"jetpack_social_post_already_shared":true,"jetpack_social_options":{"image_generator_settings":{"template":"highway","default_image_id":0,"font":"","enabled":false},"version":2}},"categories":[5,1],"tags":[],"class_list":["post-3864","post","type-post","status-publish","format-standard","hentry","category-cotidiano","category-noticias"],"acf":[],"jetpack_publicize_connections":[],"jetpack_featured_media_url":"","jetpack_sharing_enabled":true,"publishpress_future_workflow_manual_trigger":{"enabledWorkflows":[]},"_links":{"self":[{"href":"https:\/\/blogdoeloiltoncajuhy.com.br\/site\/wp-json\/wp\/v2\/posts\/3864","targetHints":{"allow":["GET"]}}],"collection":[{"href":"https:\/\/blogdoeloiltoncajuhy.com.br\/site\/wp-json\/wp\/v2\/posts"}],"about":[{"href":"https:\/\/blogdoeloiltoncajuhy.com.br\/site\/wp-json\/wp\/v2\/types\/post"}],"author":[{"embeddable":true,"href":"https:\/\/blogdoeloiltoncajuhy.com.br\/site\/wp-json\/wp\/v2\/users\/2"}],"replies":[{"embeddable":true,"href":"https:\/\/blogdoeloiltoncajuhy.com.br\/site\/wp-json\/wp\/v2\/comments?post=3864"}],"version-history":[{"count":1,"href":"https:\/\/blogdoeloiltoncajuhy.com.br\/site\/wp-json\/wp\/v2\/posts\/3864\/revisions"}],"predecessor-version":[{"id":3865,"href":"https:\/\/blogdoeloiltoncajuhy.com.br\/site\/wp-json\/wp\/v2\/posts\/3864\/revisions\/3865"}],"wp:attachment":[{"href":"https:\/\/blogdoeloiltoncajuhy.com.br\/site\/wp-json\/wp\/v2\/media?parent=3864"}],"wp:term":[{"taxonomy":"category","embeddable":true,"href":"https:\/\/blogdoeloiltoncajuhy.com.br\/site\/wp-json\/wp\/v2\/categories?post=3864"},{"taxonomy":"post_tag","embeddable":true,"href":"https:\/\/blogdoeloiltoncajuhy.com.br\/site\/wp-json\/wp\/v2\/tags?post=3864"}],"curies":[{"name":"wp","href":"https:\/\/api.w.org\/{rel}","templated":true}]}}