{"id":38634,"date":"2019-11-07T15:08:26","date_gmt":"2019-11-07T18:08:26","guid":{"rendered":"http:\/\/blogdoeloiltoncajuhy.com.br\/site\/?p=38634"},"modified":"2019-11-07T15:08:33","modified_gmt":"2019-11-07T18:08:33","slug":"prefeitura-inaugura-centro-municipal-de-educacao-infantil-professor-paulo-batista-machado-em-missao-do-sahy","status":"publish","type":"post","link":"https:\/\/blogdoeloiltoncajuhy.com.br\/site\/prefeitura-inaugura-centro-municipal-de-educacao-infantil-professor-paulo-batista-machado-em-missao-do-sahy\/","title":{"rendered":"Prefeitura inaugura Centro Municipal de Educa\u00e7\u00e3o Infantil professor Paulo Batista Machado, em Miss\u00e3o do Sahy"},"content":{"rendered":"\n<p><strong>ASCOM &#8211; Prefeitura Municipal de Senhor do Bonfim-BA<\/strong><\/p>\n\n\n\n<div class=\"wp-block-image\"><figure class=\"aligncenter\"><img data-recalc-dims=\"1\" fetchpriority=\"high\" decoding=\"async\" width=\"800\" height=\"533\" src=\"https:\/\/i0.wp.com\/blogdoeloiltoncajuhy.com.br\/site\/wp-content\/uploads\/2019\/11\/PMSB_CentroProfPauloMachado-01.jpg?resize=800%2C533\" alt=\"\" class=\"wp-image-38635\" srcset=\"https:\/\/i0.wp.com\/blogdoeloiltoncajuhy.com.br\/site\/wp-content\/uploads\/2019\/11\/PMSB_CentroProfPauloMachado-01.jpg?w=960&amp;ssl=1 960w, https:\/\/i0.wp.com\/blogdoeloiltoncajuhy.com.br\/site\/wp-content\/uploads\/2019\/11\/PMSB_CentroProfPauloMachado-01.jpg?resize=300%2C200&amp;ssl=1 300w, https:\/\/i0.wp.com\/blogdoeloiltoncajuhy.com.br\/site\/wp-content\/uploads\/2019\/11\/PMSB_CentroProfPauloMachado-01.jpg?resize=768%2C511&amp;ssl=1 768w, https:\/\/i0.wp.com\/blogdoeloiltoncajuhy.com.br\/site\/wp-content\/uploads\/2019\/11\/PMSB_CentroProfPauloMachado-01.jpg?resize=250%2C166&amp;ssl=1 250w\" sizes=\"(max-width: 800px) 100vw, 800px\" \/><\/figure><\/div>\n\n\n\n<p>A Prefeitura  de Senhor do Bonfim inaugurou o Centro Municipal de Educa\u00e7\u00e3o Infantil Professor Paulo Batista Machado, em Miss\u00e3o do Sahy. O nome  do espa\u00e7o homenageia o saudoso  professor  e pol\u00edtico Paulo Machado (in memoriam), ex-prefeito entre 2008 e 2012.<\/p>\n\n\n\n<p>A obra, iniciada na gest\u00e3o do ex-prefeito, ficou inacabada na administra\u00e7\u00e3o que lhe sucedeu entre os anos de 2013 e 2016. A retomada aconteceu somente na atual gest\u00e3o do prefeito Carlos Brasileiro. Para a retomada foram necess\u00e1rios recursos dos cofres municipais na ordem de R$ 200 mil. Ao todo, para construir e equipar o espa\u00e7o, foram investidos R$ 1,411 milh\u00e3o.<\/p>\n\n\n\n<p><em>\u201cCom muito trabalho, esfor\u00e7o e sacrif\u00edcio conseguimos. E isso \u00e9 o que nos faz estar motivado na vida p\u00fablica para buscar mais e mais recursos e fazer muito mais por nosso munic\u00edpio&#8221;<\/em>, enfatizou o prefeito Carlos Brasileiro.<\/p>\n\n\n\n<p>Ainda segundo o prefeito, quatro novas creches est\u00e3o sendo pleiteadas junto ao Minist\u00e9rio da Educa\u00e7\u00e3o. As novas creches dever\u00e3o ser constru\u00eddas nos distritos de Igara, Carrapichel, Quic\u00e9 e na grande Gamboa. Sobre a creche do Brisas do Monte, o chefe do Executivo informou que a expectativa \u00e9 que o equipamento seja  conclu\u00eddo e entregue em mar\u00e7o de 2020.<\/p>\n\n\n\n<p><em>\u201cA import\u00e2ncia dessa obra \u00e9 o acolhimento. Certamente toda essa estrutura f\u00edsica, pedag\u00f3gica e de gest\u00e3o vai contribuir efetivamente para tornar-se uma educa\u00e7\u00e3o de qualidade, uma educa\u00e7\u00e3o inclusiva e adequada ao tempo de cada crian\u00e7a\u201d<\/em>, ressaltou durante o ato inaugural, a  secret\u00e1ria de Educa\u00e7\u00e3o, Cristiane Maia. <\/p>\n\n\n\n<div class=\"wp-block-image\"><figure class=\"aligncenter\"><img data-recalc-dims=\"1\" decoding=\"async\" width=\"800\" height=\"533\" src=\"https:\/\/i0.wp.com\/blogdoeloiltoncajuhy.com.br\/site\/wp-content\/uploads\/2019\/11\/PMSB_CentroProfPauloMachado-02.jpg?resize=800%2C533\" alt=\"\" class=\"wp-image-38636\" srcset=\"https:\/\/i0.wp.com\/blogdoeloiltoncajuhy.com.br\/site\/wp-content\/uploads\/2019\/11\/PMSB_CentroProfPauloMachado-02.jpg?w=960&amp;ssl=1 960w, https:\/\/i0.wp.com\/blogdoeloiltoncajuhy.com.br\/site\/wp-content\/uploads\/2019\/11\/PMSB_CentroProfPauloMachado-02.jpg?resize=300%2C200&amp;ssl=1 300w, https:\/\/i0.wp.com\/blogdoeloiltoncajuhy.com.br\/site\/wp-content\/uploads\/2019\/11\/PMSB_CentroProfPauloMachado-02.jpg?resize=768%2C511&amp;ssl=1 768w, https:\/\/i0.wp.com\/blogdoeloiltoncajuhy.com.br\/site\/wp-content\/uploads\/2019\/11\/PMSB_CentroProfPauloMachado-02.jpg?resize=250%2C166&amp;ssl=1 250w\" sizes=\"(max-width: 800px) 100vw, 800px\" \/><\/figure><\/div>\n\n\n\n<p>A solenidade aconteceu no inicio desta semana e  tamb\u00e9m contou com a presen\u00e7a do vice-prefeito Jos\u00e9 Ant\u00f4nio, diversos secret\u00e1rios municipais, vereadores, funcion\u00e1rios da rede de ensino, professores da unidade educacional e alunos, al\u00e9m de familiares do homenageado.<\/p>\n\n\n\n<p>A unidade de ensino infantil iniciou suas atividades recebendo os alunos da escola municipal Ant\u00f4nio Bastos de Miranda. Em 2020, matriculas estar\u00e3o abertas para receber novos alunos. A escola tem capacidade de atender 240 crian\u00e7as nos turnos matutino e vespertino.<\/p>\n","protected":false},"excerpt":{"rendered":"<p>ASCOM &#8211; Prefeitura Municipal de Senhor do Bonfim-BA A Prefeitura de Senhor do Bonfim inaugurou o Centro Municipal de Educa\u00e7\u00e3o Infantil Professor Paulo Batista Machado, em Miss\u00e3o do Sahy. O nome do espa\u00e7o homenageia o saudoso professor e pol\u00edtico Paulo Machado (in memoriam), ex-prefeito entre 2008 e 2012. A obra, iniciada na gest\u00e3o do ex-prefeito, [&hellip;]<\/p>\n","protected":false},"author":2,"featured_media":38636,"comment_status":"open","ping_status":"open","sticky":false,"template":"","format":"standard","meta":{"_acf_changed":false,"_monsterinsights_skip_tracking":false,"_monsterinsights_sitenote_active":false,"_monsterinsights_sitenote_note":"","_monsterinsights_sitenote_category":0,"_jetpack_memberships_contains_paid_content":false,"footnotes":"","jetpack_publicize_message":"","jetpack_publicize_feature_enabled":true,"jetpack_social_post_already_shared":true,"jetpack_social_options":{"image_generator_settings":{"template":"highway","default_image_id":0,"font":"","enabled":false},"version":2}},"categories":[1,3,4],"tags":[],"class_list":["post-38634","post","type-post","status-publish","format-standard","has-post-thumbnail","hentry","category-noticias","category-politica","category-local"],"acf":[],"jetpack_publicize_connections":[],"jetpack_featured_media_url":"https:\/\/i0.wp.com\/blogdoeloiltoncajuhy.com.br\/site\/wp-content\/uploads\/2019\/11\/PMSB_CentroProfPauloMachado-02.jpg?fit=960%2C639&ssl=1","jetpack_sharing_enabled":true,"publishpress_future_workflow_manual_trigger":{"enabledWorkflows":[]},"_links":{"self":[{"href":"https:\/\/blogdoeloiltoncajuhy.com.br\/site\/wp-json\/wp\/v2\/posts\/38634","targetHints":{"allow":["GET"]}}],"collection":[{"href":"https:\/\/blogdoeloiltoncajuhy.com.br\/site\/wp-json\/wp\/v2\/posts"}],"about":[{"href":"https:\/\/blogdoeloiltoncajuhy.com.br\/site\/wp-json\/wp\/v2\/types\/post"}],"author":[{"embeddable":true,"href":"https:\/\/blogdoeloiltoncajuhy.com.br\/site\/wp-json\/wp\/v2\/users\/2"}],"replies":[{"embeddable":true,"href":"https:\/\/blogdoeloiltoncajuhy.com.br\/site\/wp-json\/wp\/v2\/comments?post=38634"}],"version-history":[{"count":1,"href":"https:\/\/blogdoeloiltoncajuhy.com.br\/site\/wp-json\/wp\/v2\/posts\/38634\/revisions"}],"predecessor-version":[{"id":38637,"href":"https:\/\/blogdoeloiltoncajuhy.com.br\/site\/wp-json\/wp\/v2\/posts\/38634\/revisions\/38637"}],"wp:featuredmedia":[{"embeddable":true,"href":"https:\/\/blogdoeloiltoncajuhy.com.br\/site\/wp-json\/wp\/v2\/media\/38636"}],"wp:attachment":[{"href":"https:\/\/blogdoeloiltoncajuhy.com.br\/site\/wp-json\/wp\/v2\/media?parent=38634"}],"wp:term":[{"taxonomy":"category","embeddable":true,"href":"https:\/\/blogdoeloiltoncajuhy.com.br\/site\/wp-json\/wp\/v2\/categories?post=38634"},{"taxonomy":"post_tag","embeddable":true,"href":"https:\/\/blogdoeloiltoncajuhy.com.br\/site\/wp-json\/wp\/v2\/tags?post=38634"}],"curies":[{"name":"wp","href":"https:\/\/api.w.org\/{rel}","templated":true}]}}