{"id":38622,"date":"2019-11-07T10:41:16","date_gmt":"2019-11-07T13:41:16","guid":{"rendered":"http:\/\/blogdoeloiltoncajuhy.com.br\/site\/?p=38622"},"modified":"2019-11-07T10:41:22","modified_gmt":"2019-11-07T13:41:22","slug":"camara-municipal-de-senhor-do-bonfim-divulga-pauta-da-sessao-ordinaria-dessa-quinta-feira-07","status":"publish","type":"post","link":"https:\/\/blogdoeloiltoncajuhy.com.br\/site\/camara-municipal-de-senhor-do-bonfim-divulga-pauta-da-sessao-ordinaria-dessa-quinta-feira-07\/","title":{"rendered":"C\u00e2mara Municipal de Senhor do Bonfim divulga pauta da sess\u00e3o ordin\u00e1ria dessa quinta-feira (07)"},"content":{"rendered":"\n<p><strong>ASCOM &#8211; C\u00e2mara Municipal de Senhor do Bonfim-BA<\/strong><\/p>\n\n\n\n<div class=\"wp-block-image\"><figure class=\"aligncenter\"><img data-recalc-dims=\"1\" fetchpriority=\"high\" decoding=\"async\" width=\"800\" height=\"533\" src=\"https:\/\/i0.wp.com\/blogdoeloiltoncajuhy.com.br\/site\/wp-content\/uploads\/2019\/02\/C%C3%A2mara-Municipal-de-Senhor-do-Bonfim-0912.jpg?resize=800%2C533\" alt=\"\" class=\"wp-image-31832\" srcset=\"https:\/\/i0.wp.com\/blogdoeloiltoncajuhy.com.br\/site\/wp-content\/uploads\/2019\/02\/C%C3%A2mara-Municipal-de-Senhor-do-Bonfim-0912.jpg?resize=1024%2C682&amp;ssl=1 1024w, https:\/\/i0.wp.com\/blogdoeloiltoncajuhy.com.br\/site\/wp-content\/uploads\/2019\/02\/C%C3%A2mara-Municipal-de-Senhor-do-Bonfim-0912.jpg?resize=300%2C200&amp;ssl=1 300w, https:\/\/i0.wp.com\/blogdoeloiltoncajuhy.com.br\/site\/wp-content\/uploads\/2019\/02\/C%C3%A2mara-Municipal-de-Senhor-do-Bonfim-0912.jpg?resize=768%2C512&amp;ssl=1 768w, https:\/\/i0.wp.com\/blogdoeloiltoncajuhy.com.br\/site\/wp-content\/uploads\/2019\/02\/C%C3%A2mara-Municipal-de-Senhor-do-Bonfim-0912.jpg?resize=250%2C167&amp;ssl=1 250w, https:\/\/i0.wp.com\/blogdoeloiltoncajuhy.com.br\/site\/wp-content\/uploads\/2019\/02\/C%C3%A2mara-Municipal-de-Senhor-do-Bonfim-0912.jpg?w=1280&amp;ssl=1 1280w\" sizes=\"(max-width: 800px) 100vw, 800px\" \/><\/figure><\/div>\n\n\n\n<p>Ser\u00e1 realizada nesta quinta-feira, 07 de novembro, mais uma sess\u00e3o ordin\u00e1ria da C\u00e2mara Municipal de Senhor do Bonfim. A sess\u00e3o tamb\u00e9m ser\u00e1 transmitida pela internet a partir das 19h.<\/p>\n\n\n\n<p class=\"has-medium-font-size\"><strong>DURANTE O EXPEDIENTE SER\u00c3O LIDAS AS MAT\u00c9RIAS:<\/strong><\/p>\n\n\n\n<p>OF\u00cdCIO GAB. PREF. N\u00ba 331\/2019, que encaminha a avalia\u00e7\u00e3o do im\u00f3vel objeto de contrato de concess\u00e3o para anexar ao Projeto de Lei do Executivo N\u00ba 018\/2019;<\/p>\n\n\n\n<p>PROJETO DE LEI N\u00ba 036\/2019, oriundo da Comiss\u00e3o de Legisla\u00e7\u00e3o, Justi\u00e7a, Postura e Reda\u00e7\u00e3o Final, substituindo o Projeto de Lei do Executivo N\u00ba 016\/2019, \u201cDisp\u00f5e sobre a cria\u00e7\u00e3o do Fundo Municipal de Turismo \u2013 FUMTUR\u201d;<\/p>\n\n\n\n<p>PROJETO DE DECRETO LEGISLATIVO N\u00ba 047\/2019, de autoria dos Vereadores Cleiton Vieira Pinto, Andreilto de Almeida Barbosa, Elizeu Concei\u00e7\u00e3o de Souza, Reinaldo Jos\u00e9 da Silva, Alexandre, Ferreira, Carlos Alberto Dias dos Santos, Gerivaldo Ribeiro Sampaio, Herm\u00f3genes Gomes de Almeida, Jo\u00e3o Carlos de Castro, Jorge Souza e Silva Filho, L\u00facia Cristina Souza Cerqueira da Silva, Ot\u00e1vio Xisto de Souza J\u00fanior e Reinaldo Ferreira Santana, que \u201cConcede Titulo de Cidad\u00e3o Bonfinense ao Sr. Rui Costa dos Santos, e d\u00e1 outras provid\u00eancias\u201d;<\/p>\n\n\n\n<p>PROJETO DE DECRETO LEGISLATIVO N\u00ba 049\/2019, que \u201cConcede T\u00edtulo de Cidad\u00e3o Bonfinense ao Senhor Marcos Ben\u00edcio Foltz Cavalcanti, e d\u00e1 outras provid\u00eancias\u201d;<\/p>\n\n\n\n<p>PARECER da Comiss\u00e3o de Legisla\u00e7\u00e3o, Justi\u00e7a, Postura e Reda\u00e7\u00e3o Final, ao Projeto de Lei Complementar N\u00ba 002\/2019, que substitui o Projeto de Lei do Executivo No 016\/2019;<\/p>\n\n\n\n<p>PARECER da Comiss\u00e3o de Finan\u00e7as, Or\u00e7amento, Fiscaliza\u00e7\u00e3o Financeira e Or\u00e7ament\u00e1ria, ao Projeto de Lei Complementar N\u00ba 002\/2019, que substitui o Projeto de Lei do Executivo No 016\/2019;<\/p>\n\n\n\n<p>PARECER da Comiss\u00e3o de Legisla\u00e7\u00e3o, Justi\u00e7a, Postura e Reda\u00e7\u00e3o Final, ao Projeto de Lei do Legislativo N\u00ba 035\/2019;<\/p>\n\n\n\n<p>PARECER da Comiss\u00e3o de Legisla\u00e7\u00e3o, Justi\u00e7a, Postura e Reda\u00e7\u00e3o Final, ao Projeto de Lei do Legislativo N\u00ba 037\/2019, em substitui\u00e7\u00e3o ao Projeto de Decreto Legislativo N\u00ba 038\/2019;<\/p>\n\n\n\n<p>PARECER da Comiss\u00e3o de Legisla\u00e7\u00e3o, Justi\u00e7a, Postura e Reda\u00e7\u00e3o Final, aos Projetos de Decreto Legislativo NOS 023\/2019 e 029\/2019;<\/p>\n\n\n\n<p>PARECER da Comiss\u00e3o de Legisla\u00e7\u00e3o, Justi\u00e7a, Postura e Reda\u00e7\u00e3o Final, aos Projetos de Decreto Legislativo NOS 036\/2019; 045\/2019 e 048\/2019;<\/p>\n\n\n\n<p>PEDIDO DE PROVID\u00caNCIA N\u00ba 056\/2019, de autoria do vereador Elizeu Concei\u00e7\u00e3o de Souza, que solicita que \u201ca Secretaria de Infraestrutura realize o servi\u00e7o de ilumina\u00e7\u00e3o p\u00fablica na Rua 2 e Rua 3, no bairro Casas Populares\u201d;<\/p>\n\n\n\n<p>PEDIDO DE PROVID\u00caNCIA N\u00ba 057\/2019, de autoria do vereador Elizeu Concei\u00e7\u00e3o de Souza, que solicita que \u201cseja realizado o servi\u00e7o de patrol na Estrada da Varzinha, na Miss\u00e3o do Sahy\u201d;<\/p>\n\n\n\n<p>PEDIDO DE PROVID\u00caNCIA N\u00ba 075\/2019, de autoria do vereador La\u00e9rcio Muniz de Azevedo J\u00fanior, solicita que \u201ca Secretaria Municipal de Infraestrutura promova a melhoria da ilumina\u00e7\u00e3o p\u00fablica na Rua Carlos Brasileiro, no distrito de Tijua\u00e7u, fazendo a reposi\u00e7\u00e3o de l\u00e2mpadas\u201d;<\/p>\n\n\n\n<p>PEDIDO DE PROVID\u00caNCIA N\u00ba 076\/2019, de autoria do vereador La\u00e9rcio Muniz de Azevedo J\u00fanior, solicita que \u201ca Secretaria Municipal de Infraestrutura promova a melhoria da ilumina\u00e7\u00e3o p\u00fablica na Rua Monte Santo, no bairro S\u00e3o Jorge, fazendo a reposi\u00e7\u00e3o de l\u00e2mpadas\u201d.<\/p>\n\n\n\n<p class=\"has-medium-font-size\"><strong>ORDEM DO DO DIA<\/strong><\/p>\n\n\n\n<p>PARECER da Comiss\u00e3o de Legisla\u00e7\u00e3o, Justi\u00e7a, Postura e Reda\u00e7\u00e3o Final, ao Projeto de Lei Complementar N\u00ba 002\/2019, que substitui o Projeto de Lei do Executivo No 016\/2019;<\/p>\n\n\n\n<p>PARECER da Comiss\u00e3o de Finan\u00e7as, Or\u00e7amento, Fiscaliza\u00e7\u00e3o Financeira e Or\u00e7ament\u00e1ria, ao Projeto de Lei do Executivo n\u00ba 016\/2019;<\/p>\n\n\n\n<p>PROJETO DE LEI COMPLEMENTAR N\u00ba 002\/2019, oriundo da Comiss\u00e3o de Legisla\u00e7\u00e3o, Justi\u00e7a, Postura e Reda\u00e7\u00e3o Final, que \u201cDisp\u00f5e sobre a cria\u00e7\u00e3o do Conselho Municipal de Turismo \u2013 COMTUR\u201d, em substitui\u00e7\u00e3o ao Projeto de Lei do Executivo No 016\/2019;<\/p>\n\n\n\n<p>PARECER da Comiss\u00e3o de Legisla\u00e7\u00e3o, Justi\u00e7a, Postura e Reda\u00e7\u00e3o Final, ao Projeto de Lei do Legislativo N\u00ba 035\/2019;<\/p>\n\n\n\n<p>PROJETO DE LEI DO LEGISLATIVO N\u00ba 035\/2019, que \u201cDisp\u00f5e sobra a institui\u00e7\u00e3o no Calend\u00e1rio Oficial do Munic\u00edpio de Senhor do Bonfim, \u2018O Fim de Semana do Antigomobilismo\u2019, e d\u00e1 outras provid\u00eancias\u201d;<\/p>\n\n\n\n<p>PARECER da Comiss\u00e3o de Legisla\u00e7\u00e3o, Justi\u00e7a, Postura e Reda\u00e7\u00e3o Final, ao Projeto de Lei do Legislativo N\u00ba 037\/2019, em substitui\u00e7\u00e3o ao Projeto de Decreto Legislativo N\u00ba 038\/2019;<\/p>\n\n\n\n<p>PROJETO DE LEI DO LEGISLATIVO N\u00ba 037\/2019, \u201cDeclara de Utilidade P\u00fablica Municipal a Associa\u00e7\u00e3o de Carros Antigos de Senhor do Bonfim, e d\u00e1 outras provid\u00eancias\u201d, em substitui\u00e7\u00e3o ao Projeto de Decreto Legislativo N\u00ba 038\/2019;<\/p>\n\n\n\n<p>PARECER da Comiss\u00e3o de Legisla\u00e7\u00e3o, Justi\u00e7a, Postura e Reda\u00e7\u00e3o Final, aos Projetos de Decreto Legislativo NOS 023\/2019 e 029\/2019;<\/p>\n\n\n\n<p>PROJETO DE DECRETO LEGISLATIVO N\u00ba 023\/2019, de autoria do vereador Herm\u00f3genes Gomes de Almeida, que \u201cConcede T\u00edtulo de Cidad\u00e3o Bonfinense ao Senhor Josias Gomes da Silva, e d\u00e1 outras provid\u00eancias\u201d;<\/p>\n\n\n\n<p>PROJETO DE DECRETO LEGISLATIVO N\u00ba 029\/2019, de autoria do vereador Reinaldo Ferreira Santana, e subscrito pelos vereadores Carlos Alberto Dias dos Santos, Ot\u00e1vio Xisto de Souza J\u00fanior, Herm\u00f3genes Gomes de Almeida, Elizeu Concei\u00e7\u00e3o de Souza, Reinaldo Jos\u00e9 da Silva, Gerivaldo Ribeiro Sampaio, Jorge Souza e Silva Filho, Jo\u00e3o Carlos de Castro, La\u00e9rcio Muniz de Azevedo J\u00fanior e L\u00facia Cristina Souza Cerqueira que \u201cConcede T\u00edtulo de Cidad\u00e3o Bonfinense ao Senhor Deputado Adolfo Emanuel Monteiro de Menezes e d\u00e1 outras provid\u00eancias\u201d;<\/p>\n\n\n\n<p>PARECER da Comiss\u00e3o de Legisla\u00e7\u00e3o, Justi\u00e7a, Postura e Reda\u00e7\u00e3o Final, aos Projetos de Decreto Legislativo NOS 036\/2019; 045\/2019 e 048\/2019;<\/p>\n\n\n\n<p>PROJETO DE DECRETO LEGISLATIVO N\u00ba 036\/2019, de autoria do vereador Reinaldo Ferreira Santana, que \u201cConcede Medalha Doutor Jos\u00e9 Gon\u00e7alves \u00e0 Samu-Servi\u00e7o de Atendimento M\u00f3vel de Urg\u00eancia de Senhor do Bonfim e d\u00e1 outras provid\u00eancias\u201d;<\/p>\n\n\n\n<p>PROJETO DE DECRETO LEGISLATIVO N\u00ba 045\/2019, de autoria do vereador Herm\u00f3genes Gomes de Almeida, que \u201cConcede Medalha Doutor Jos\u00e9 Gon\u00e7alves ao prefeito municipal Carlos Alberto Lopes Brasileiro, e d\u00e1 outras provid\u00eancias\u201d;<\/p>\n\n\n\n<p>PROJETO DE DECRETO LEGISLATIVO N\u00ba 048\/2019, de autoria do vereador Cleiton Vieira Pinto, que \u201cConcede Medalha Doutor Jos\u00e9 Gon\u00e7alves ao Deputado Estadual Raimundo Nonato Tavares da Silva (Bob\u00f4), e d\u00e1 outras provid\u00eancias\u201d.<\/p>\n","protected":false},"excerpt":{"rendered":"<p>ASCOM &#8211; C\u00e2mara Municipal de Senhor do Bonfim-BA Ser\u00e1 realizada nesta quinta-feira, 07 de novembro, mais uma sess\u00e3o ordin\u00e1ria da C\u00e2mara Municipal de Senhor do Bonfim. A sess\u00e3o tamb\u00e9m ser\u00e1 transmitida pela internet a partir das 19h. DURANTE O EXPEDIENTE SER\u00c3O LIDAS AS MAT\u00c9RIAS: OF\u00cdCIO GAB. PREF. N\u00ba 331\/2019, que encaminha a avalia\u00e7\u00e3o do im\u00f3vel [&hellip;]<\/p>\n","protected":false},"author":2,"featured_media":0,"comment_status":"open","ping_status":"open","sticky":false,"template":"","format":"standard","meta":{"_acf_changed":false,"_monsterinsights_skip_tracking":false,"_monsterinsights_sitenote_active":false,"_monsterinsights_sitenote_note":"","_monsterinsights_sitenote_category":0,"_jetpack_memberships_contains_paid_content":false,"footnotes":"","jetpack_publicize_message":"","jetpack_publicize_feature_enabled":true,"jetpack_social_post_already_shared":true,"jetpack_social_options":{"image_generator_settings":{"template":"highway","default_image_id":0,"font":"","enabled":false},"version":2}},"categories":[1,3,4],"tags":[],"class_list":["post-38622","post","type-post","status-publish","format-standard","hentry","category-noticias","category-politica","category-local"],"acf":[],"jetpack_publicize_connections":[],"jetpack_featured_media_url":"","jetpack_sharing_enabled":true,"publishpress_future_workflow_manual_trigger":{"enabledWorkflows":[]},"_links":{"self":[{"href":"https:\/\/blogdoeloiltoncajuhy.com.br\/site\/wp-json\/wp\/v2\/posts\/38622","targetHints":{"allow":["GET"]}}],"collection":[{"href":"https:\/\/blogdoeloiltoncajuhy.com.br\/site\/wp-json\/wp\/v2\/posts"}],"about":[{"href":"https:\/\/blogdoeloiltoncajuhy.com.br\/site\/wp-json\/wp\/v2\/types\/post"}],"author":[{"embeddable":true,"href":"https:\/\/blogdoeloiltoncajuhy.com.br\/site\/wp-json\/wp\/v2\/users\/2"}],"replies":[{"embeddable":true,"href":"https:\/\/blogdoeloiltoncajuhy.com.br\/site\/wp-json\/wp\/v2\/comments?post=38622"}],"version-history":[{"count":1,"href":"https:\/\/blogdoeloiltoncajuhy.com.br\/site\/wp-json\/wp\/v2\/posts\/38622\/revisions"}],"predecessor-version":[{"id":38623,"href":"https:\/\/blogdoeloiltoncajuhy.com.br\/site\/wp-json\/wp\/v2\/posts\/38622\/revisions\/38623"}],"wp:attachment":[{"href":"https:\/\/blogdoeloiltoncajuhy.com.br\/site\/wp-json\/wp\/v2\/media?parent=38622"}],"wp:term":[{"taxonomy":"category","embeddable":true,"href":"https:\/\/blogdoeloiltoncajuhy.com.br\/site\/wp-json\/wp\/v2\/categories?post=38622"},{"taxonomy":"post_tag","embeddable":true,"href":"https:\/\/blogdoeloiltoncajuhy.com.br\/site\/wp-json\/wp\/v2\/tags?post=38622"}],"curies":[{"name":"wp","href":"https:\/\/api.w.org\/{rel}","templated":true}]}}