{"id":38607,"date":"2019-11-06T15:21:44","date_gmt":"2019-11-06T18:21:44","guid":{"rendered":"http:\/\/blogdoeloiltoncajuhy.com.br\/site\/?p=38607"},"modified":"2019-11-06T15:51:24","modified_gmt":"2019-11-06T18:51:24","slug":"desfile-marca-abertura-dos-jogos-das-escolas-municipais-de-senhor-do-bonfim","status":"publish","type":"post","link":"https:\/\/blogdoeloiltoncajuhy.com.br\/site\/desfile-marca-abertura-dos-jogos-das-escolas-municipais-de-senhor-do-bonfim\/","title":{"rendered":"Desfile marca abertura dos Jogos das Escolas Municipais de Senhor do Bonfim"},"content":{"rendered":"\n<p><strong>BLOG DO ELOILTON CAJUHY<\/strong><br>Fonte: Secretaria Municipal de Educa\u00e7\u00e3o-SEMED<\/p>\n\n\n\n<div class=\"wp-block-image\"><figure class=\"aligncenter\"><img data-recalc-dims=\"1\" fetchpriority=\"high\" decoding=\"async\" width=\"800\" height=\"533\" src=\"https:\/\/i0.wp.com\/blogdoeloiltoncajuhy.com.br\/site\/wp-content\/uploads\/2019\/11\/PMSB_Jogos2019-01.jpg?resize=800%2C533\" alt=\"\" class=\"wp-image-38608\" srcset=\"https:\/\/i0.wp.com\/blogdoeloiltoncajuhy.com.br\/site\/wp-content\/uploads\/2019\/11\/PMSB_Jogos2019-01.jpg?w=960&amp;ssl=1 960w, https:\/\/i0.wp.com\/blogdoeloiltoncajuhy.com.br\/site\/wp-content\/uploads\/2019\/11\/PMSB_Jogos2019-01.jpg?resize=300%2C200&amp;ssl=1 300w, https:\/\/i0.wp.com\/blogdoeloiltoncajuhy.com.br\/site\/wp-content\/uploads\/2019\/11\/PMSB_Jogos2019-01.jpg?resize=768%2C511&amp;ssl=1 768w, https:\/\/i0.wp.com\/blogdoeloiltoncajuhy.com.br\/site\/wp-content\/uploads\/2019\/11\/PMSB_Jogos2019-01.jpg?resize=250%2C166&amp;ssl=1 250w\" sizes=\"(max-width: 800px) 100vw, 800px\" \/><\/figure><\/div>\n\n\n\n<p>A Prefeitura Municipal de Senhor do Bonfim, atrav\u00e9s da Secretaria Municipal de Educa\u00e7\u00e3o \u2013 SEMED, realizou nesta quarta-feira (06), o desfile com alunos da Rede Municipal de Ensino que participar\u00e3o dos Jogos das Escolas Municipais de Senhor do Bonfim \u2013 JEMSB.<\/p>\n\n\n\n<p>O desfile, com cerca de 200 atletas, percorreu as ruas do centro e seguiu para o Gin\u00e1sio Poliesportivo Jo\u00e3o Correia. No espa\u00e7o esportivo, aconteceu a execu\u00e7\u00e3o dos hinos e o acendimento da Chama Ol\u00edmpica. O concurso Beleza Atl\u00e9tica encerrou a programa\u00e7\u00e3o de abertura deste primeiro dia.<\/p>\n\n\n\n<p>Os jogos contemplar\u00e3o as seguintes modalidades esportivas: Futsal, Boleado, Xadrez, Jogos Eletr\u00f4nicos, Nata\u00e7\u00e3o e Atletismo.<\/p>\n\n\n\n<p>As escolas participantes do evento: Escola Abigail Feitosa, Euda Maria Xavier, Olga Campos, Municipal de 1\u00ba Grau de Tijua\u00e7u, Municipal de Bara\u00fana, Dr. Jos\u00e9 Gon\u00e7alves, N\u00edvea Seixas, Ant\u00f4nio Bastos de Miranda, Judite Ferreira, C\u00e2ndido Felix, Estiva, Austricliano Carvalho, Lu\u00eds Viana, Municipal de Cariac\u00e1, Municipal de Umburana, Municipal Herculano, Municipal de Passagem Velha.<\/p>\n\n\n\n<div class=\"wp-block-image\"><figure class=\"aligncenter\"><img data-recalc-dims=\"1\" decoding=\"async\" width=\"800\" height=\"533\" src=\"https:\/\/i0.wp.com\/blogdoeloiltoncajuhy.com.br\/site\/wp-content\/uploads\/2019\/11\/PMSB_Jogos2019-02.jpg?resize=800%2C533\" alt=\"\" class=\"wp-image-38609\" srcset=\"https:\/\/i0.wp.com\/blogdoeloiltoncajuhy.com.br\/site\/wp-content\/uploads\/2019\/11\/PMSB_Jogos2019-02.jpg?w=960&amp;ssl=1 960w, https:\/\/i0.wp.com\/blogdoeloiltoncajuhy.com.br\/site\/wp-content\/uploads\/2019\/11\/PMSB_Jogos2019-02.jpg?resize=300%2C200&amp;ssl=1 300w, https:\/\/i0.wp.com\/blogdoeloiltoncajuhy.com.br\/site\/wp-content\/uploads\/2019\/11\/PMSB_Jogos2019-02.jpg?resize=768%2C511&amp;ssl=1 768w, https:\/\/i0.wp.com\/blogdoeloiltoncajuhy.com.br\/site\/wp-content\/uploads\/2019\/11\/PMSB_Jogos2019-02.jpg?resize=250%2C166&amp;ssl=1 250w\" sizes=\"(max-width: 800px) 100vw, 800px\" \/><\/figure><\/div>\n\n\n\n<p>PROGRAMA\u00c7\u00c3O GERAL \u2013 2019<br> Data: 06\/11\/2019<br> Desfile da Beleza Atl\u00e9tica e Dan\u00e7a<br> Local: Gin\u00e1sio Poliesportivo Jo\u00e3o Correia<br> Horas: 14h \u00e0s 18h<\/p>\n\n\n\n<p>Data: 07 e 08\/11\/2019<br>I Etapa Classificat\u00f3ria<br>Local: Gin\u00e1sio Poliesportivo Jo\u00e3o Correia<br>Horas: 7h \u00e0s 17h30<\/p>\n\n\n\n<p>Data: 13 e 14\/11\/2019<br> II Etapa Classificat\u00f3ria<br> Local: Gin\u00e1sio Poliesportivo Jo\u00e3o Correia<br> Horas: 7h \u00e0s 17h:30<\/p>\n\n\n\n<p>Data: 21 e 22\/11\/2019<br>III Etapa Classificat\u00f3ria<br>Local: Gin\u00e1sio Poliesportivo Jo\u00e3o Correia<br> Horas: 7h \u00e0s 17h:30<\/p>\n\n\n\n<p>Data: 02\/12\/2019<br>Atletismo<br>Local: Est\u00e1dio Pedro Amorim<br>Horas: 7h \u00e0s 12h<\/p>\n\n\n\n<p>Data: 02\/12\/2019<br>Nata\u00e7\u00e3o<br>Local: N\u00facleo Esportivo Jos\u00e9 Amilcar (Piscina do Est\u00e1dio)<br>Horas: 10h \u00e0s 12h<\/p>\n\n\n\n<p>Data: 02\/12\/2019<br>Jogos Eletr\u00f4nicos<br>Local: Centro Juvenil de Ci\u00eancias e Cultura<br>Horas: 07h \u00e0s 17h:30<\/p>\n\n\n\n<p>Data: 02\/12\/2019<br>Xadrez<br>Local: Centro Juvenil de Ci\u00eancia e Cultura<br>Horas: 14h \u00e0s 18h<\/p>\n\n\n\n<p>Data: 02 \u00e0 05\/12\/2019<br>Final\u00edssima das Modalidades Coletivas<br>Local: Gin\u00e1sio Poliesportivo Jo\u00e3o Correia<br> Horas: 7h \u00e0s 17h:30<\/p>\n\n\n\n<div class=\"wp-block-image\"><figure class=\"aligncenter\"><img data-recalc-dims=\"1\" decoding=\"async\" width=\"800\" height=\"533\" src=\"https:\/\/i0.wp.com\/blogdoeloiltoncajuhy.com.br\/site\/wp-content\/uploads\/2019\/11\/PMSB_Jogos2019-03.jpg?resize=800%2C533\" alt=\"\" class=\"wp-image-38610\" srcset=\"https:\/\/i0.wp.com\/blogdoeloiltoncajuhy.com.br\/site\/wp-content\/uploads\/2019\/11\/PMSB_Jogos2019-03.jpg?w=960&amp;ssl=1 960w, https:\/\/i0.wp.com\/blogdoeloiltoncajuhy.com.br\/site\/wp-content\/uploads\/2019\/11\/PMSB_Jogos2019-03.jpg?resize=300%2C200&amp;ssl=1 300w, https:\/\/i0.wp.com\/blogdoeloiltoncajuhy.com.br\/site\/wp-content\/uploads\/2019\/11\/PMSB_Jogos2019-03.jpg?resize=768%2C511&amp;ssl=1 768w, https:\/\/i0.wp.com\/blogdoeloiltoncajuhy.com.br\/site\/wp-content\/uploads\/2019\/11\/PMSB_Jogos2019-03.jpg?resize=250%2C166&amp;ssl=1 250w\" sizes=\"(max-width: 800px) 100vw, 800px\" \/><\/figure><\/div>\n","protected":false},"excerpt":{"rendered":"<p>BLOG DO ELOILTON CAJUHYFonte: Secretaria Municipal de Educa\u00e7\u00e3o-SEMED A Prefeitura Municipal de Senhor do Bonfim, atrav\u00e9s da Secretaria Municipal de Educa\u00e7\u00e3o \u2013 SEMED, realizou nesta quarta-feira (06), o desfile com alunos da Rede Municipal de Ensino que participar\u00e3o dos Jogos das Escolas Municipais de Senhor do Bonfim \u2013 JEMSB. O desfile, com cerca de 200 [&hellip;]<\/p>\n","protected":false},"author":2,"featured_media":38610,"comment_status":"open","ping_status":"open","sticky":false,"template":"","format":"standard","meta":{"_acf_changed":false,"_monsterinsights_skip_tracking":false,"_monsterinsights_sitenote_active":false,"_monsterinsights_sitenote_note":"","_monsterinsights_sitenote_category":0,"_jetpack_memberships_contains_paid_content":false,"footnotes":"","jetpack_publicize_message":"","jetpack_publicize_feature_enabled":true,"jetpack_social_post_already_shared":true,"jetpack_social_options":{"image_generator_settings":{"template":"highway","default_image_id":0,"font":"","enabled":false},"version":2}},"categories":[14,6,1,4],"tags":[],"class_list":["post-38607","post","type-post","status-publish","format-standard","has-post-thumbnail","hentry","category-educacao","category-esportes","category-noticias","category-local"],"acf":[],"jetpack_publicize_connections":[],"jetpack_featured_media_url":"https:\/\/i0.wp.com\/blogdoeloiltoncajuhy.com.br\/site\/wp-content\/uploads\/2019\/11\/PMSB_Jogos2019-03.jpg?fit=960%2C639&ssl=1","jetpack_sharing_enabled":true,"publishpress_future_workflow_manual_trigger":{"enabledWorkflows":[]},"_links":{"self":[{"href":"https:\/\/blogdoeloiltoncajuhy.com.br\/site\/wp-json\/wp\/v2\/posts\/38607","targetHints":{"allow":["GET"]}}],"collection":[{"href":"https:\/\/blogdoeloiltoncajuhy.com.br\/site\/wp-json\/wp\/v2\/posts"}],"about":[{"href":"https:\/\/blogdoeloiltoncajuhy.com.br\/site\/wp-json\/wp\/v2\/types\/post"}],"author":[{"embeddable":true,"href":"https:\/\/blogdoeloiltoncajuhy.com.br\/site\/wp-json\/wp\/v2\/users\/2"}],"replies":[{"embeddable":true,"href":"https:\/\/blogdoeloiltoncajuhy.com.br\/site\/wp-json\/wp\/v2\/comments?post=38607"}],"version-history":[{"count":2,"href":"https:\/\/blogdoeloiltoncajuhy.com.br\/site\/wp-json\/wp\/v2\/posts\/38607\/revisions"}],"predecessor-version":[{"id":38612,"href":"https:\/\/blogdoeloiltoncajuhy.com.br\/site\/wp-json\/wp\/v2\/posts\/38607\/revisions\/38612"}],"wp:featuredmedia":[{"embeddable":true,"href":"https:\/\/blogdoeloiltoncajuhy.com.br\/site\/wp-json\/wp\/v2\/media\/38610"}],"wp:attachment":[{"href":"https:\/\/blogdoeloiltoncajuhy.com.br\/site\/wp-json\/wp\/v2\/media?parent=38607"}],"wp:term":[{"taxonomy":"category","embeddable":true,"href":"https:\/\/blogdoeloiltoncajuhy.com.br\/site\/wp-json\/wp\/v2\/categories?post=38607"},{"taxonomy":"post_tag","embeddable":true,"href":"https:\/\/blogdoeloiltoncajuhy.com.br\/site\/wp-json\/wp\/v2\/tags?post=38607"}],"curies":[{"name":"wp","href":"https:\/\/api.w.org\/{rel}","templated":true}]}}