{"id":38601,"date":"2019-11-06T09:09:10","date_gmt":"2019-11-06T12:09:10","guid":{"rendered":"http:\/\/blogdoeloiltoncajuhy.com.br\/site\/?p=38601"},"modified":"2019-11-06T09:09:17","modified_gmt":"2019-11-06T12:09:17","slug":"veja-o-resumo-da-sessao-ordinaria-da-camara-municipal-de-senhor-do-bonfim-desta-terca-feira-05","status":"publish","type":"post","link":"https:\/\/blogdoeloiltoncajuhy.com.br\/site\/veja-o-resumo-da-sessao-ordinaria-da-camara-municipal-de-senhor-do-bonfim-desta-terca-feira-05\/","title":{"rendered":"Veja o resumo da sess\u00e3o ordin\u00e1ria da C\u00e2mara Municipal de Senhor do Bonfim desta ter\u00e7a-feira (05)"},"content":{"rendered":"\n<p><strong>ASCOM &#8211; C\u00e2mara Municipal de Senhor do Bonfim-BA<\/strong><\/p>\n\n\n\n<figure class=\"wp-block-embed-youtube aligncenter wp-block-embed is-type-video is-provider-youtube wp-embed-aspect-16-9 wp-has-aspect-ratio\"><div class=\"wp-block-embed__wrapper\">\n<iframe title=\"26\u00aa Sess\u00e3o Ordin\u00e1ria do 2\u00ba PO [05\/11\/2019]\" width=\"800\" height=\"450\" src=\"https:\/\/www.youtube.com\/embed\/9OUKXRVWx00?feature=oembed\" frameborder=\"0\" allow=\"accelerometer; autoplay; encrypted-media; gyroscope; picture-in-picture\" allowfullscreen><\/iframe>\n<\/div><\/figure>\n\n\n\n<p>Nessa ter\u00e7a-feira, 05 de novembro, foi realizada a 26\u00aa Sess\u00e3o Ordin\u00e1ria do 2\u00ba Per\u00edodo Ordin\u00e1rio, do ano de 2019, da C\u00e2mara Municipal de Senhor do Bonfim. Conduzida pelo Presidente da Casa, vereador, Cleiton Vieira, a sess\u00e3o teve in\u00edcio \u00e0s 19h00min, ap\u00f3s a chamada dos vereadores, onde havendo n\u00famero legal \u00e9 declarada aberta a sess\u00e3o, o Sr. Presidente informa que foi solicitado o abono da falta do vereador JORGE SOUZA E SILVA FILHO, cuja justificativa \u00e9: Por estar enfermo. Todavia, a Mesa Diretora ir\u00e1 avaliar. Em seguida, atendendo o Regimento Interno, foi lido a encaminhada a ata da sess\u00e3o anterior e em seguida colocada em discuss\u00e3o e ningu\u00e9m querendo discutir \u00e9 colocada em vota\u00e7\u00e3o, sendo aprovada.<\/p>\n\n\n\n<p>Passa-se \u00e0 leitura do expediente, que consta das seguintes mat\u00e9rias: PROJETO DE DECRETO LEGISLATIVO N\u00ba 047\/2019, que \u201cConcede T\u00edtulo de Cidad\u00e3o Bonfinense ao Sr. Rui Costa dos Santos, e d\u00e1 outras provid\u00eancias\u201d; PROJETO DE DECRETO LEGISLATIVO N\u00ba 048\/2019, de autoria do Vereador Cleiton Vieira Pinto, que \u201cConcede Medalha Doutor Jos\u00e9 Gon\u00e7alves ao Deputado Estadual Raimundo Nonato Tavares da Silva (Bob\u00f4), e d\u00e1 outras provid\u00eancias\u201d; PARECER da Comiss\u00e3o de Legisla\u00e7\u00e3o, Justi\u00e7a, Postura e Reda\u00e7\u00e3o Final, aos Projetos de Decreto Legislativo Nos 005\/2019; 027\/2019; 030\/2019; 031\/2019; 032\/2019; 033\/2019; 034\/2019; 035\/2019; 037\/2019; 039\/2019; 040\/2019\/ 041\/2019; 043\/2019; 044\/2019 e 046\/2019; PEDIDO DE PROVID\u00caNCIA N\u00ba 073\/2019, de autoria do Vereador La\u00e9rcio Muniz de Azev\u00eado J\u00fanior, solicita que \u201ca Secretaria Municipal de Infraestrutura promova a melhoria da via p\u00fablica, Travessa Vila Nova, bairro Gamboa, fazendo a melhoria do seu cal\u00e7amento\u201d; PEDIDO DE PROVID\u00caNCIA N\u00ba 074\/2019, de autoria do Vereador La\u00e9rcio Muniz de Azev\u00eado J\u00fanior, solicita que \u201ca Secretaria Municipal de Infraestrutura promova a melhoria ilumina\u00e7\u00e3o p\u00fablica, na Rua Ramiro Miranda, bairro S\u00e3o Jorge, fazendo a reposi\u00e7\u00e3o de l\u00e2mpadas\u201d; BALAN\u00c7O DE MEDICAMENTOS, oriundo da Secretaria Municipal de Sa\u00fade, posi\u00e7\u00e3o de estoque em 30\/10\/2019; REQUERIMENTO DE REAPRESENTA\u00c7\u00c3O DO PROJETO DE DECRETO LEGISLATIVO N\u00ba 023\/2019, oriundo dos Vereadores Cleiton Vieira Pinto, Elizeu Concei\u00e7\u00e3o de Souza, Reinaldo Jos\u00e9 da Silva, Herm\u00f3genes Gomes de Almeida, Andreilto de Almeida Barbosa, Jo\u00e3o Carlos de Castro, Carlos Alberto Dias dos Santos, L\u00facia Cristina Souza Cerqueira da Silva, Reinaldo Jos\u00e9 da Silva e Ot\u00e1vio Xisto de Souza J\u00fanior; PROJETO DE DECRETO LEGISLATIVO N\u00ba 23\/2019, de autoria do Vereador Herm\u00f3genes Gomes de Almeida, que \u201cconcede T\u00edtulo de Cidad\u00e3o Bonfinense ao Sr. Josias Gomes da Silva e d\u00e1 outras provid\u00eancias\u201d.<\/p>\n\n\n\n<p>Dando continuidade o Vereador La\u00e9rcio Muniz de Azev\u00eado J\u00fanior e solicita que o Presidente da Mesa cumpra o Regimento Interno em seu inciso sexto no artigo cento e dez, que diz: Art. 110 &#8211; O Presidente ou a Mesa, conforme o caso, n\u00e3o aceitar\u00e1 proposi\u00e7\u00e3o: VI \u2013 quando a representa\u00e7\u00e3o n\u00e3o se encontrar devidamente documentada ou arguir fatos irrelevantes ou impertinentes. Diante do exposto o Presidente da Mesa acata a solicita\u00e7\u00e3o, por estar faltando o termo de anu\u00eancia.<\/p>\n\n\n\n<p>Em seguida o Sr. Presidente passa para ordem dos Vereadores inscritos e franqueia a palavra ao primeiro, Vereador LA\u00c9RCIO MUNIZ DE AZEV\u00caDO J\u00daNIOR. Dando continuidade franqueia a palavra ao segundo, Vereador CARLOS ALBERTO DIAS DOS SANTOS. Franqueia a palavra ao terceiro, Vereador ALEXANDRE FERREIRA. Franqueia a palavra ao quarto, Vereador REINALDO FERREIRA SANTANA. Franqueia a palavra ao quinto, Vereador HERM\u00d3GENES GOMES DE ALMEIDA. Franqueia a palavra ao sexto, Vereador JO\u00c3O CARLOS DE CASTRO.<\/p>\n\n\n\n<p>Encerrado o hor\u00e1rio do expediente, passa-se para a ORDEM DO DIA \u00e9 lido o PARECER da Comiss\u00e3o de Legisla\u00e7\u00e3o, Justi\u00e7a, Postura e Reda\u00e7\u00e3o Final, aos Projetos de Decreto Legislativo Nos 005\/2019; 027\/2019; 030\/2019; 031\/2019; 032\/2019; 033\/2019; 034\/2019; 035\/2019; 037\/2019; 039\/2019; 040\/2019\/ 041\/2019; 043\/2019; 044\/2019 e 046\/2019 \u00e9 colocado em discuss\u00e3o e ningu\u00e9m querendo discutir \u00e9 colocado em vota\u00e7\u00e3o, sendo aprovado por unanimidade.<\/p>\n\n\n\n<p>PROJETO DE DECRETO LEGISLATIVO N\u00ba 005\/2019, de autoria do vereador Jorge Souza e Silva Filho, que \u201cConcede Medalha Doutor Jos\u00e9 Gon\u00e7alves ao Dr. Wilson Andrade Santos, do Munic\u00edpio de Senhor do Bonfim e d\u00e1 outras provid\u00eancias\u201d \u00e9 colocado em discuss\u00e3o e usam da palavra os Vereadores La\u00e9rcio Muniz de Azev\u00eado J\u00fanior e Gerivaldo Ribeiro Sampaio, que discutem a propositura e ficam favor\u00e1veis a sua aprova\u00e7\u00e3o e ningu\u00e9m mais querendo discutir \u00e9 colocado em vota\u00e7\u00e3o, sendo aprovado por unanimidade.<\/p>\n\n\n\n<p>PROJETO DE DECRETO LEGISLATIVO N\u00ba 027\/2019, de autoria do vereador Reinaldo Jos\u00e9 da Silva, que \u201cConcede Medalha Doutor Jos\u00e9 Gon\u00e7alves \u00e0 Funda\u00e7\u00e3o da Brigada: Guerreiros Serra de San\u2019tanna, no Munic\u00edpio de Senhor do Bonfim, representada pela Presidente a senhora Francisca Goudian e o vice-presidente o senhor Luiz Santana, e d\u00e1 outras provid\u00eancias\u201d \u00e9 colocado em discuss\u00e3o e usam da palavra os Vereadores La\u00e9rcio Muniz de Azev\u00eado J\u00fanior, Elizeu Concei\u00e7\u00e3o de Souza, Reinaldo Jos\u00e9 da Silva e Reinaldo Ferreira Santana, que discutem a propositura e ficam favor\u00e1veis a sua aprova\u00e7\u00e3o e ningu\u00e9m mais querendo discutir \u00e9 colocado em vota\u00e7\u00e3o, sendo aprovado por unanimidade.<\/p>\n\n\n\n<p>PROJETO DE DECRETO LEGISLATIVO N\u00ba 030\/2019, de autoria do Vereador Elizeu Concei\u00e7\u00e3o de Souza, que \u201cConcede Medalha Doutor Jos\u00e9 Gon\u00e7alves ao Centro Educacional Construindo Sonhos, no Munic\u00edpio de Senhor do Bonfim, representado pela Diretora Vossa Senhoria Vandineide Freitas Costa, e d\u00e1 outras provid\u00eancias\u201d \u00e9 colocado em discuss\u00e3o e usa da palavra o Vereador Elizeu Concei\u00e7\u00e3o de Souza, que discute a propositura e fica favor\u00e1vel a sua aprova\u00e7\u00e3o e ningu\u00e9m mais querendo discutir \u00e9 colocado em vota\u00e7\u00e3o, sendo aprovado por unanimidade.<\/p>\n\n\n\n<p>PROJETO DE DECRETO LEGISLATIVO N\u00ba 031\/2019, de autoria do Vereador Andreilto de Almeida Barbosa, que \u201cConcede Medalha Doutor Jos\u00e9 Gon\u00e7alves \u00e0 Loja Ma\u00e7\u00f4nica Uni\u00e3o e Fraternidade de Senhor do Bonfim\u201d \u00e9 colocado em discuss\u00e3o e usam da palavra os Vereadores Andreilto de Almeida Barbosa e La\u00e9rcio Muniz de Azev\u00eado J\u00fanior, que discutem a propositura e ficam favor\u00e1veis a sua aprova\u00e7\u00e3o e ningu\u00e9m mais querendo discutir \u00e9 colocado em vota\u00e7\u00e3o, sendo aprovado por unanimidade.<\/p>\n\n\n\n<p>PROJETO DE DECRETO LEGISLATIVO N\u00ba 032\/2019, de autoria do Vereador Andreilto de Almeida Barbosa, que \u201cConcede Medalha Doutor Jos\u00e9 Gon\u00e7alves \u00e0 Loja Ma\u00e7\u00f4nica Luz e Reden\u00e7\u00e3o de Senhor do Bonfim\u201d \u00e9 colocado em discuss\u00e3o e usa da palavra o Vereador Andreilto de Almeida Barbosa, que discute a propositura e fica favor\u00e1vel a sua aprova\u00e7\u00e3o e ningu\u00e9m mais querendo discutir \u00e9 colocado em vota\u00e7\u00e3o, sendo aprovado por unanimidade.<\/p>\n\n\n\n<p>PROJETO DE DECRETO LEGISLATIVO N\u00ba 033\/2019, de autoria do Vereador Carlos Alberto Dias dos Santos, que \u201cConcede Medalha Doutor Jos\u00e9 Gon\u00e7alves \u00e0 Igreja Assembleia de Deus, e d\u00e1 outras provid\u00eancias\u201d \u00e9 colocado em discuss\u00e3o e usam da palavra os Vereadores Carlos Alberto Dias dos Santos e La\u00e9rcio Muniz de Azev\u00eado J\u00fanior, que discutem a propositura e ficam favor\u00e1veis a sua aprova\u00e7\u00e3o e ningu\u00e9m mais querendo discutir \u00e9 colocado em vota\u00e7\u00e3o, sendo aprovado por unanimidade. <\/p>\n\n\n\n<p>PROJETO DE DECRETO LEGISLATIVO N\u00ba 034\/2019, de autoria do Vereador La\u00e9rcio Muniz de Azev\u00eado J\u00fanior, que \u201cconcede Medalha Dr. Jos\u00e9 Gon\u00e7alves \u00e0 R\u00e1dio Rainha FM 97.3, no Munic\u00edpio de Senhor do Bonfim e d\u00e1 outras provid\u00eancias\u201d \u00e9 colocado em discuss\u00e3o e usa da palavra o Vereador La\u00e9rcio Muniz de Azev\u00eado J\u00fanior, que discute a propositura e fica favor\u00e1vel a sua aprova\u00e7\u00e3o e ningu\u00e9m mais querendo discutir \u00e9 colocado em vota\u00e7\u00e3o, sendo aprovado por unanimidade.<\/p>\n\n\n\n<p>PROJETO DE DECRETO LEGISLATIVO N\u00ba 035\/2019, de autoria do Vereador Herm\u00f3genes Gomes de Almeida, que \u201cConcede Medalha Doutor Jos\u00e9 Gon\u00e7alves \u00e0 Empresa Irm\u00e3os Pelegrine, e d\u00e1 outras provid\u00eancias\u201d \u00e9 colocado em discuss\u00e3o e ningu\u00e9m querendo discutir \u00e9 colocado em vota\u00e7\u00e3o, sendo aprovado por unanimidade.<\/p>\n\n\n\n<p>PROJETO DE DECRETO LEGISLATIVO N\u00ba 037\/2019, de autoria do Vereador Reinaldo Ferreira Santana, que \u201cConcede Medalha Doutor Jos\u00e9 Gon\u00e7alves \u00e0 R\u00e1dio Cara\u00edba de Senhor do Bonfim e d\u00e1 outras provid\u00eancias\u201d \u00e9 colocada em discuss\u00e3o e usa da palavra os Vereadores Reinaldo Ferreira Santana, La\u00e9rcio Muniz de Azev\u00eado J\u00fanior, Elizeu Concei\u00e7\u00e3o de Souza e Reinaldo Jos\u00e9 da Silva, que discutem a propositura e ficam favor\u00e1veis a sua aprova\u00e7\u00e3o e ningu\u00e9m mais querendo discutir \u00e9 colocado em vota\u00e7\u00e3o, sendo aprovado por unanimidade.<\/p>\n\n\n\n<p>PROJETO DE DECRETO LEGISLATIVO N\u00ba 039\/2019, de autoria de todos os vereadores que \u201cConcede Medalha Doutor Jos\u00e9 Gon\u00e7alves \u00e0 Pol\u00edcia Civil do Estado da Bahia, representada pela 19\u00aa Coordenadoria de Pol\u00edcia do Estado da Bahia, e d\u00e1 outras provid\u00eancias\u201d \u00e9 colocado em discuss\u00e3o e usam da palavra os Vereadores La\u00e9rcio Muniz de Azev\u00eado J\u00fanior e Reinaldo Ferreira Santana, que discutem a propositura e ficam favor\u00e1veis a sua aprova\u00e7\u00e3o e ningu\u00e9m mais querendo discutir \u00e9 colocado em vota\u00e7\u00e3o, sendo aprovado por unanimidade.<\/p>\n\n\n\n<p>PROJETO DE DECRETO LEGISLATIVO N\u00ba 040\/2019, de autoria do Vereador Edson Ribeiro da Silva, que \u201cconcede a Medalha Doutro Jos\u00e9 Gon\u00e7alves ao Sindicato dos Servidores P\u00fablicos Municipais\u201d \u00e9 colocado em discuss\u00e3o e usam da palavra os Vereadores La\u00e9rcio Muniz de Azev\u00eado J\u00fanior, Gerivaldo Ribeiro Sampaio e Edson Ribeiro da Silva, que discutem a propositura e ficam favor\u00e1veis \u00e0 sua aprova\u00e7\u00e3o. Usam tamb\u00e9m os Vereadores Carlos Alberto Dias dos Santos e Reinaldo Jos\u00e9 da Silva, que discutem a propositura e ficam contr\u00e1rios \u00e0 sua aprova\u00e7\u00e3o e ningu\u00e9m mais querendo discutir \u00e9 colocado em vota\u00e7\u00e3o, sendo reprovado por sete votos contr\u00e1rios, seis favor\u00e1veis e uma absten\u00e7\u00e3o.<\/p>\n\n\n\n<p>PROJETO DE DECRETO LEGISLATIVO N\u00ba 041\/2019, de autoria da Vereadora L\u00facia Cristina Souza Cerqueira da Silva, que \u201cconcede Medalha Doutro Jos\u00e9 Gon\u00e7alves a Funda\u00e7\u00e3o de Apoio \u00e0 Crian\u00e7a e ao Adolescente-FUNDAME\u201d \u00e9 colocado em discuss\u00e3o e usam da palavra os Vereadores La\u00e9rcio Muniz de Azev\u00eado J\u00fanior e a Vereadora L\u00facia Cristina Souza Cerqueira da Silva, que discutem a propositura e ficam favor\u00e1veis a sua aprova\u00e7\u00e3o e ningu\u00e9m mais querendo discutir \u00e9 colocado em vota\u00e7\u00e3o, sendo aprovado por unanimidade.<\/p>\n\n\n\n<p>PROJETO DE DECRETO LEGISLATIVO N\u00ba 043\/2019, de autoria do Vereador Gerivaldo Ribeiro Sampaio, que \u201cconcede Medalha Doutro Jos\u00e9 Gon\u00e7alves ao Sindicato dos trabalhadores da Educa\u00e7\u00e3o do Munic\u00edpio de Senhor do Bonfim-SINTESB-BA\u201d \u00e9 colocado em discuss\u00e3o e usam da palavra os Vereadores Gerivaldo Ribeiro Sampaio, La\u00e9rcio Muniz de Azev\u00eado J\u00fanior, que discutem a propositura e ficam favor\u00e1veis a sua aprova\u00e7\u00e3o. Usam tamb\u00e9m os Vereadores Carlos Alberto Dias dos Santos e Herm\u00f3genes Gomes de Almeida, que discutem a propositura e ficam contra a sua aprova\u00e7\u00e3o e ningu\u00e9m mais querendo discutir \u00e9 colocado em vota\u00e7\u00e3o, sendo reprovado por sete votos contr\u00e1rios, seis favor\u00e1veis e uma absten\u00e7\u00e3o.<\/p>\n\n\n\n<p>PROJETO DE DECRETO LEGISLATIVO N\u00ba 044\/2019, de autoria do Vereador Jo\u00e3o Carlos de Castro, que \u201cconcede Medalha Doutro Jos\u00e9 Gon\u00e7alves as Escolas Particulares de Ensino Fundamental e de Educa\u00e7\u00e3o Infantil, \u2018Centro Educacional 13 de junho\u2019 e a Escolinha \u2018Doce Inf\u00e2ncia\u2019, do Distrito de Igara e d\u00e1 outras provid\u00eancias\u201d \u00e9 colocado em discuss\u00e3o e usam da palavra os Vereadores Jo\u00e3o Carlos de Castro e Alexandre Ferreira, que discutem a propositura e ficam favor\u00e1veis a sua aprova\u00e7\u00e3o e ningu\u00e9m mais querendo discutir \u00e9 colocado em vota\u00e7\u00e3o, sendo aprovado por unanimidade.<\/p>\n\n\n\n<p>PROJETO DE DECRETO LEGISLATIVO N\u00ba 046\/2019, de autoria do Vereador Alexandre Ferreira, que \u201cconcede Medalha Doutro Jos\u00e9 Gon\u00e7alves ao IGARATUR, no munic\u00edpio de Senhor do Bonfim, representada pelo Senhor Jo\u00e3o Brito de Castro Filho, e da outras provid\u00eancias\u201d \u00e9 colocado em discuss\u00e3o e usam da palavra os Vereadores Alexandre Ferreira, Jo\u00e3o Carlos de Castro, La\u00e9rcio Muniz de Azev\u00eado J\u00fanior, Herm\u00f3genes Gomes de Almeida e Elizeu Concei\u00e7\u00e3o de Souza, que discutem a propositura e ficam favor\u00e1veis a sua aprova\u00e7\u00e3o e ningu\u00e9m mais querendo discutir \u00e9 colocado em vota\u00e7\u00e3o, sendo aprovado por unanimidade.<\/p>\n\n\n\n<p>Durante a leitura da ordem do dia, o Presidente prorroga a sess\u00e3o at\u00e9 que seja votada a \u00faltima mat\u00e9ria em pauta, o que \u00e9 feito. N\u00e3o havendo mais nenhuma mat\u00e9ria o Sr. Presidente a uma hora do dia 06 de novembro de 2019, d\u00e1 por encerrada a Sess\u00e3o.<\/p>\n\n\n\n<div class=\"wp-block-image\"><figure class=\"aligncenter\"><img fetchpriority=\"high\" decoding=\"async\" width=\"1200\" height=\"800\" src=\"https:\/\/i2.wp.com\/blogdoeloiltoncajuhy.com.br\/site\/wp-content\/uploads\/2019\/11\/CMSB_Sessao05novembro2019.jpg?fit=590%2C394\" alt=\"\" class=\"wp-image-38602\" srcset=\"https:\/\/i0.wp.com\/blogdoeloiltoncajuhy.com.br\/site\/wp-content\/uploads\/2019\/11\/CMSB_Sessao05novembro2019.jpg?w=1200&amp;ssl=1 1200w, https:\/\/i0.wp.com\/blogdoeloiltoncajuhy.com.br\/site\/wp-content\/uploads\/2019\/11\/CMSB_Sessao05novembro2019.jpg?resize=300%2C200&amp;ssl=1 300w, https:\/\/i0.wp.com\/blogdoeloiltoncajuhy.com.br\/site\/wp-content\/uploads\/2019\/11\/CMSB_Sessao05novembro2019.jpg?resize=768%2C512&amp;ssl=1 768w, https:\/\/i0.wp.com\/blogdoeloiltoncajuhy.com.br\/site\/wp-content\/uploads\/2019\/11\/CMSB_Sessao05novembro2019.jpg?resize=1024%2C683&amp;ssl=1 1024w, https:\/\/i0.wp.com\/blogdoeloiltoncajuhy.com.br\/site\/wp-content\/uploads\/2019\/11\/CMSB_Sessao05novembro2019.jpg?resize=250%2C167&amp;ssl=1 250w\" sizes=\"(max-width: 800px) 100vw, 800px\" \/><\/figure><\/div>\n","protected":false},"excerpt":{"rendered":"<p>ASCOM &#8211; C\u00e2mara Municipal de Senhor do Bonfim-BA Nessa ter\u00e7a-feira, 05 de novembro, foi realizada a 26\u00aa Sess\u00e3o Ordin\u00e1ria do 2\u00ba Per\u00edodo Ordin\u00e1rio, do ano de 2019, da C\u00e2mara Municipal de Senhor do Bonfim. Conduzida pelo Presidente da Casa, vereador, Cleiton Vieira, a sess\u00e3o teve in\u00edcio \u00e0s 19h00min, ap\u00f3s a chamada dos vereadores, onde havendo [&hellip;]<\/p>\n","protected":false},"author":2,"featured_media":38602,"comment_status":"open","ping_status":"open","sticky":false,"template":"","format":"standard","meta":{"_acf_changed":false,"_monsterinsights_skip_tracking":false,"_monsterinsights_sitenote_active":false,"_monsterinsights_sitenote_note":"","_monsterinsights_sitenote_category":0,"_jetpack_memberships_contains_paid_content":false,"footnotes":"","jetpack_publicize_message":"","jetpack_publicize_feature_enabled":true,"jetpack_social_post_already_shared":true,"jetpack_social_options":{"image_generator_settings":{"template":"highway","default_image_id":0,"font":"","enabled":false},"version":2}},"categories":[1,3,4],"tags":[],"class_list":["post-38601","post","type-post","status-publish","format-standard","has-post-thumbnail","hentry","category-noticias","category-politica","category-local"],"acf":[],"jetpack_publicize_connections":[],"jetpack_featured_media_url":"https:\/\/i0.wp.com\/blogdoeloiltoncajuhy.com.br\/site\/wp-content\/uploads\/2019\/11\/CMSB_Sessao05novembro2019.jpg?fit=1200%2C800&ssl=1","jetpack_sharing_enabled":true,"publishpress_future_workflow_manual_trigger":{"enabledWorkflows":[]},"_links":{"self":[{"href":"https:\/\/blogdoeloiltoncajuhy.com.br\/site\/wp-json\/wp\/v2\/posts\/38601","targetHints":{"allow":["GET"]}}],"collection":[{"href":"https:\/\/blogdoeloiltoncajuhy.com.br\/site\/wp-json\/wp\/v2\/posts"}],"about":[{"href":"https:\/\/blogdoeloiltoncajuhy.com.br\/site\/wp-json\/wp\/v2\/types\/post"}],"author":[{"embeddable":true,"href":"https:\/\/blogdoeloiltoncajuhy.com.br\/site\/wp-json\/wp\/v2\/users\/2"}],"replies":[{"embeddable":true,"href":"https:\/\/blogdoeloiltoncajuhy.com.br\/site\/wp-json\/wp\/v2\/comments?post=38601"}],"version-history":[{"count":1,"href":"https:\/\/blogdoeloiltoncajuhy.com.br\/site\/wp-json\/wp\/v2\/posts\/38601\/revisions"}],"predecessor-version":[{"id":38603,"href":"https:\/\/blogdoeloiltoncajuhy.com.br\/site\/wp-json\/wp\/v2\/posts\/38601\/revisions\/38603"}],"wp:featuredmedia":[{"embeddable":true,"href":"https:\/\/blogdoeloiltoncajuhy.com.br\/site\/wp-json\/wp\/v2\/media\/38602"}],"wp:attachment":[{"href":"https:\/\/blogdoeloiltoncajuhy.com.br\/site\/wp-json\/wp\/v2\/media?parent=38601"}],"wp:term":[{"taxonomy":"category","embeddable":true,"href":"https:\/\/blogdoeloiltoncajuhy.com.br\/site\/wp-json\/wp\/v2\/categories?post=38601"},{"taxonomy":"post_tag","embeddable":true,"href":"https:\/\/blogdoeloiltoncajuhy.com.br\/site\/wp-json\/wp\/v2\/tags?post=38601"}],"curies":[{"name":"wp","href":"https:\/\/api.w.org\/{rel}","templated":true}]}}