{"id":38598,"date":"2019-11-06T07:32:11","date_gmt":"2019-11-06T10:32:11","guid":{"rendered":"http:\/\/blogdoeloiltoncajuhy.com.br\/site\/?p=38598"},"modified":"2019-11-06T07:32:17","modified_gmt":"2019-11-06T10:32:17","slug":"precos-de-combustivel-sao-discutidos-na-camara-dos-deputados","status":"publish","type":"post","link":"https:\/\/blogdoeloiltoncajuhy.com.br\/site\/precos-de-combustivel-sao-discutidos-na-camara-dos-deputados\/","title":{"rendered":"Pre\u00e7os de combust\u00edvel s\u00e3o discutidos na C\u00e2mara dos Deputados"},"content":{"rendered":"\n<p><strong>Da R\u00e1dio C\u00e2mara, de Bras\u00edlia, Karla Alessandra<\/strong><\/p>\n\n\n\n<div class=\"wp-block-image\"><figure class=\"aligncenter\"><img fetchpriority=\"high\" decoding=\"async\" width=\"1140\" height=\"760\" src=\"https:\/\/i1.wp.com\/blogdoeloiltoncajuhy.com.br\/site\/wp-content\/uploads\/2019\/11\/Pre\u00e7osCombustiveis.jpg?fit=590%2C394\" alt=\"\" class=\"wp-image-38599\" srcset=\"https:\/\/i0.wp.com\/blogdoeloiltoncajuhy.com.br\/site\/wp-content\/uploads\/2019\/11\/Pre%C3%A7osCombustiveis.jpg?w=1140&amp;ssl=1 1140w, https:\/\/i0.wp.com\/blogdoeloiltoncajuhy.com.br\/site\/wp-content\/uploads\/2019\/11\/Pre%C3%A7osCombustiveis.jpg?resize=300%2C200&amp;ssl=1 300w, https:\/\/i0.wp.com\/blogdoeloiltoncajuhy.com.br\/site\/wp-content\/uploads\/2019\/11\/Pre%C3%A7osCombustiveis.jpg?resize=768%2C512&amp;ssl=1 768w, https:\/\/i0.wp.com\/blogdoeloiltoncajuhy.com.br\/site\/wp-content\/uploads\/2019\/11\/Pre%C3%A7osCombustiveis.jpg?resize=1024%2C683&amp;ssl=1 1024w, https:\/\/i0.wp.com\/blogdoeloiltoncajuhy.com.br\/site\/wp-content\/uploads\/2019\/11\/Pre%C3%A7osCombustiveis.jpg?resize=250%2C167&amp;ssl=1 250w\" sizes=\"(max-width: 800px) 100vw, 800px\" \/><figcaption><em>Foto: Marcelo Camargo\/Ag\u00eancia Brasil<\/em><\/figcaption><\/figure><\/div>\n\n\n\n<p>A Comiss\u00e3o de Defesa do Consumidor da C\u00e2mara realizou audi\u00eancia p\u00fablica para discutir a pol\u00edtica de pre\u00e7os dos combust\u00edveis praticadas no Brasil.<\/p>\n\n\n\n<p>O gerente de pre\u00e7os da Petrobras, Gustavo Scalcon, reconheceu que a tributa\u00e7\u00e3o da gasolina \u00e9 elevada, mas, segundo ele, as pr\u00e1ticas de pre\u00e7o da empresa s\u00e3o definidas pela livre concorr\u00eancia e pelo mercado internacional.<\/p>\n\n\n\n<p><em>\u201cO pre\u00e7o no Brasil esteve na m\u00e9dia pelo menos desde maio de 2018 abaixo da m\u00e9dia internacional, aproximadamente 12 por cento\u201d<\/em>.<\/p>\n\n\n\n<p>Mas, para o representante da Federa\u00e7\u00e3o \u00danica dos Petroleiros, Henrique Jagger, a pol\u00edtica de pre\u00e7os adotada pela Petrobras \u00e9 nociva para o consumidor brasileiro que \u00e9 penalizado com as varia\u00e7\u00f5es do mercado internacional.<\/p>\n\n\n\n<p><em>\u201cVoc\u00ea tem v\u00e1rias coisas que determinam o pre\u00e7o, primeiro a pr\u00f3pria pol\u00edtica da Petrobras como ela vem aumentando a capacidade ociosa das refinarias obrigando, ou ela ou outras pessoas do mercado, importarem. Voc\u00ea acaba trazendo o pre\u00e7o internacional para dentro do Brasil com todos os problemas do mercado internacional: os boicotes que os EUA fazem \u00e0 Venezuela, os boicotes que fazem ao Ir\u00e3 que impactam no pre\u00e7o internacional do petr\u00f3leo que voc\u00ea traz aqui para dentro\u201d<\/em>.<\/p>\n\n\n\n<p>Para tentar diminuir o peso que o diesel tem sobre o setor, a Cooperativa dos Transportadores Aut\u00f4nomos do Brasil conseguiu negociar em Catal\u00e3o, Goi\u00e1s, a diminui\u00e7\u00e3o no pre\u00e7o do combust\u00edvel.<\/p>\n\n\n\n<p>O representante da cooperativa, Wallace Landim, explicou que a negocia\u00e7\u00e3o beneficia todos os associados que pagam uma quantia simb\u00f3lica para participar da cooperativa.<\/p>\n\n\n\n<p>O deputado \u00c1ureo, do Solidariedade do Rio de Janeiro, disse que ap\u00f3s a audi\u00eancia ficou claro que a pol\u00edtica de pre\u00e7os dos combust\u00edveis precisa ser alterada.<\/p>\n\n\n\n<p><em>\u201cPrimeiro que ela tem ali a sua varia\u00e7\u00e3o no c\u00e2mbio, quando o c\u00e2mbio aumenta, aumenta o combust\u00edvel, o diesel, mas quando o c\u00e2mbio abaixa n\u00e3o tem reflexo na vida do consumidor. O grande problema do pre\u00e7o do combust\u00edvel hoje \u00e9 que atrapalha o desenvolvimento do nosso pa\u00eds, atrapalha voc\u00ea a arrumar um emprego porque se voc\u00ea tiver que se deslocar numa motocicleta, num uber, num carro o custo \u00e9 muito caro\u201d<\/em>.<\/p>\n\n\n\n<p>Para o deputado, al\u00e9m de rever a pol\u00edtica da Petrobras, o Brasil precisa aprovar a reforma tribut\u00e1ria para acabar com a guerra fiscal que prejudica o consumidor, aumentando o pre\u00e7o dos combust\u00edveis.<\/p>\n","protected":false},"excerpt":{"rendered":"<p>Da R\u00e1dio C\u00e2mara, de Bras\u00edlia, Karla Alessandra A Comiss\u00e3o de Defesa do Consumidor da C\u00e2mara realizou audi\u00eancia p\u00fablica para discutir a pol\u00edtica de pre\u00e7os dos combust\u00edveis praticadas no Brasil. O gerente de pre\u00e7os da Petrobras, Gustavo Scalcon, reconheceu que a tributa\u00e7\u00e3o da gasolina \u00e9 elevada, mas, segundo ele, as pr\u00e1ticas de pre\u00e7o da empresa s\u00e3o [&hellip;]<\/p>\n","protected":false},"author":2,"featured_media":38599,"comment_status":"open","ping_status":"open","sticky":false,"template":"","format":"standard","meta":{"_acf_changed":false,"_monsterinsights_skip_tracking":false,"_monsterinsights_sitenote_active":false,"_monsterinsights_sitenote_note":"","_monsterinsights_sitenote_category":0,"_jetpack_memberships_contains_paid_content":false,"footnotes":"","jetpack_publicize_message":"","jetpack_publicize_feature_enabled":true,"jetpack_social_post_already_shared":true,"jetpack_social_options":{"image_generator_settings":{"template":"highway","default_image_id":0,"font":"","enabled":false},"version":2}},"categories":[1,3],"tags":[],"class_list":["post-38598","post","type-post","status-publish","format-standard","has-post-thumbnail","hentry","category-noticias","category-politica"],"acf":[],"jetpack_publicize_connections":[],"jetpack_featured_media_url":"https:\/\/i0.wp.com\/blogdoeloiltoncajuhy.com.br\/site\/wp-content\/uploads\/2019\/11\/Pre%C3%A7osCombustiveis.jpg?fit=1140%2C760&ssl=1","jetpack_sharing_enabled":true,"publishpress_future_workflow_manual_trigger":{"enabledWorkflows":[]},"_links":{"self":[{"href":"https:\/\/blogdoeloiltoncajuhy.com.br\/site\/wp-json\/wp\/v2\/posts\/38598","targetHints":{"allow":["GET"]}}],"collection":[{"href":"https:\/\/blogdoeloiltoncajuhy.com.br\/site\/wp-json\/wp\/v2\/posts"}],"about":[{"href":"https:\/\/blogdoeloiltoncajuhy.com.br\/site\/wp-json\/wp\/v2\/types\/post"}],"author":[{"embeddable":true,"href":"https:\/\/blogdoeloiltoncajuhy.com.br\/site\/wp-json\/wp\/v2\/users\/2"}],"replies":[{"embeddable":true,"href":"https:\/\/blogdoeloiltoncajuhy.com.br\/site\/wp-json\/wp\/v2\/comments?post=38598"}],"version-history":[{"count":1,"href":"https:\/\/blogdoeloiltoncajuhy.com.br\/site\/wp-json\/wp\/v2\/posts\/38598\/revisions"}],"predecessor-version":[{"id":38600,"href":"https:\/\/blogdoeloiltoncajuhy.com.br\/site\/wp-json\/wp\/v2\/posts\/38598\/revisions\/38600"}],"wp:featuredmedia":[{"embeddable":true,"href":"https:\/\/blogdoeloiltoncajuhy.com.br\/site\/wp-json\/wp\/v2\/media\/38599"}],"wp:attachment":[{"href":"https:\/\/blogdoeloiltoncajuhy.com.br\/site\/wp-json\/wp\/v2\/media?parent=38598"}],"wp:term":[{"taxonomy":"category","embeddable":true,"href":"https:\/\/blogdoeloiltoncajuhy.com.br\/site\/wp-json\/wp\/v2\/categories?post=38598"},{"taxonomy":"post_tag","embeddable":true,"href":"https:\/\/blogdoeloiltoncajuhy.com.br\/site\/wp-json\/wp\/v2\/tags?post=38598"}],"curies":[{"name":"wp","href":"https:\/\/api.w.org\/{rel}","templated":true}]}}