{"id":38595,"date":"2019-11-06T06:57:16","date_gmt":"2019-11-06T09:57:16","guid":{"rendered":"http:\/\/blogdoeloiltoncajuhy.com.br\/site\/?p=38595"},"modified":"2019-11-06T06:57:23","modified_gmt":"2019-11-06T09:57:23","slug":"inscricoes-do-processo-seletivo-de-professores-para-rede-estadual-sao-prorrogadas-na-bahia-confira","status":"publish","type":"post","link":"https:\/\/blogdoeloiltoncajuhy.com.br\/site\/inscricoes-do-processo-seletivo-de-professores-para-rede-estadual-sao-prorrogadas-na-bahia-confira\/","title":{"rendered":"Inscri\u00e7\u00f5es do processo seletivo de professores para rede estadual s\u00e3o prorrogadas na Bahia; confira"},"content":{"rendered":"\n<h5 class=\"wp-block-heading\" style=\"text-align:center\"><em>Concurso oferece 2.491 vagas tempor\u00e1rias. Provas objetivas ser\u00e3o aplicadas em 8 de dezembro<\/em><\/h5>\n\n\n\n<p><strong>Por G1 BA<\/strong><\/p>\n\n\n\n<div class=\"wp-block-image\"><figure class=\"aligncenter\"><img data-recalc-dims=\"1\" fetchpriority=\"high\" decoding=\"async\" width=\"800\" height=\"384\" src=\"https:\/\/i0.wp.com\/blogdoeloiltoncajuhy.com.br\/site\/wp-content\/uploads\/2019\/11\/ConcursoProf.jpg?resize=800%2C384\" alt=\"\" class=\"wp-image-38596\" srcset=\"https:\/\/i0.wp.com\/blogdoeloiltoncajuhy.com.br\/site\/wp-content\/uploads\/2019\/11\/ConcursoProf.jpg?w=984&amp;ssl=1 984w, https:\/\/i0.wp.com\/blogdoeloiltoncajuhy.com.br\/site\/wp-content\/uploads\/2019\/11\/ConcursoProf.jpg?resize=300%2C144&amp;ssl=1 300w, https:\/\/i0.wp.com\/blogdoeloiltoncajuhy.com.br\/site\/wp-content\/uploads\/2019\/11\/ConcursoProf.jpg?resize=768%2C368&amp;ssl=1 768w, https:\/\/i0.wp.com\/blogdoeloiltoncajuhy.com.br\/site\/wp-content\/uploads\/2019\/11\/ConcursoProf.jpg?resize=250%2C120&amp;ssl=1 250w\" sizes=\"(max-width: 800px) 100vw, 800px\" \/><figcaption><em>Prorrogadas as inscri\u00e7\u00f5es para processo seletivo de professor na rede estadual de ensino na Bahia \u2014 Foto: Divulga\u00e7\u00e3o\/SEC<\/em><\/figcaption><\/figure><\/div>\n\n\n\n<p>As inscri\u00e7\u00f5es do processo seletivo para contrata\u00e7\u00e3o de professores da rede estadual de ensino na Bahia foram prorrogadas e podem ser feitas at\u00e9 17 de novembro. Os candidatos devem se inscrever exclusivamente pela internet.<\/p>\n\n\n\n<p>Antes da prorroga\u00e7\u00e3o, as inscri\u00e7\u00f5es estavam previstas para serem encerradas na segunda-feira (4). A sele\u00e7\u00e3o ser\u00e1 realizada sob o Regime de Direito Administrativo da Bahia (REDA), para preenchimento de 2.491 vagas para professores em toda a Bahia.<\/p>\n\n\n\n<p>As oportunidades s\u00e3o para a fun\u00e7\u00e3o tempor\u00e1ria de Professor Padr\u00e3o P \u2013 Grau III, com carga hor\u00e1ria 20 horas semanais. Os candidatos devem ter forma\u00e7\u00e3o de n\u00edvel superior em Licenciatura Plena.<\/p>\n\n\n\n<p>O Processo Seletivo ser\u00e1 realizado em \u00fanica etapa, no dia 8 de dezembro, com aplica\u00e7\u00e3o de provas objetivas, de car\u00e1ter eliminat\u00f3ria e classificat\u00f3ria. Os locais e hor\u00e1rios das aplica\u00e7\u00f5es das provas ser\u00e3o divulgados no Cart\u00e3o de Identifica\u00e7\u00e3o do Candidato, que ser\u00e1 disponibilizado no site at\u00e9 o dia 4 de dezembro.<\/p>\n\n\n\n<p>O prazo de validade do Processo Seletivo Simplificado ser\u00e1 de um ano, a contar da data da publica\u00e7\u00e3o da homologa\u00e7\u00e3o, podendo antes de esgotado este prazo, ser prorrogado uma vez, por igual per\u00edodo, a crit\u00e9rio da administra\u00e7\u00e3o, por ato expresso do Secret\u00e1rio da Educa\u00e7\u00e3o do Estado da Bahia.<\/p>\n\n\n\n<p>Mais informa\u00e7\u00f5es e o edital do certame podem ser conferidos no Portal da Educa\u00e7\u00e3o.<\/p>\n","protected":false},"excerpt":{"rendered":"<p>Concurso oferece 2.491 vagas tempor\u00e1rias. Provas objetivas ser\u00e3o aplicadas em 8 de dezembro Por G1 BA As inscri\u00e7\u00f5es do processo seletivo para contrata\u00e7\u00e3o de professores da rede estadual de ensino na Bahia foram prorrogadas e podem ser feitas at\u00e9 17 de novembro. Os candidatos devem se inscrever exclusivamente pela internet. Antes da prorroga\u00e7\u00e3o, as inscri\u00e7\u00f5es [&hellip;]<\/p>\n","protected":false},"author":2,"featured_media":38596,"comment_status":"open","ping_status":"open","sticky":false,"template":"","format":"standard","meta":{"_acf_changed":false,"_monsterinsights_skip_tracking":false,"_monsterinsights_sitenote_active":false,"_monsterinsights_sitenote_note":"","_monsterinsights_sitenote_category":0,"_jetpack_memberships_contains_paid_content":false,"footnotes":"","jetpack_publicize_message":"","jetpack_publicize_feature_enabled":true,"jetpack_social_post_already_shared":true,"jetpack_social_options":{"image_generator_settings":{"template":"highway","default_image_id":0,"font":"","enabled":false},"version":2}},"categories":[14,1],"tags":[],"class_list":["post-38595","post","type-post","status-publish","format-standard","has-post-thumbnail","hentry","category-educacao","category-noticias"],"acf":[],"jetpack_publicize_connections":[],"jetpack_featured_media_url":"https:\/\/i0.wp.com\/blogdoeloiltoncajuhy.com.br\/site\/wp-content\/uploads\/2019\/11\/ConcursoProf.jpg?fit=984%2C472&ssl=1","jetpack_sharing_enabled":true,"publishpress_future_workflow_manual_trigger":{"enabledWorkflows":[]},"_links":{"self":[{"href":"https:\/\/blogdoeloiltoncajuhy.com.br\/site\/wp-json\/wp\/v2\/posts\/38595","targetHints":{"allow":["GET"]}}],"collection":[{"href":"https:\/\/blogdoeloiltoncajuhy.com.br\/site\/wp-json\/wp\/v2\/posts"}],"about":[{"href":"https:\/\/blogdoeloiltoncajuhy.com.br\/site\/wp-json\/wp\/v2\/types\/post"}],"author":[{"embeddable":true,"href":"https:\/\/blogdoeloiltoncajuhy.com.br\/site\/wp-json\/wp\/v2\/users\/2"}],"replies":[{"embeddable":true,"href":"https:\/\/blogdoeloiltoncajuhy.com.br\/site\/wp-json\/wp\/v2\/comments?post=38595"}],"version-history":[{"count":1,"href":"https:\/\/blogdoeloiltoncajuhy.com.br\/site\/wp-json\/wp\/v2\/posts\/38595\/revisions"}],"predecessor-version":[{"id":38597,"href":"https:\/\/blogdoeloiltoncajuhy.com.br\/site\/wp-json\/wp\/v2\/posts\/38595\/revisions\/38597"}],"wp:featuredmedia":[{"embeddable":true,"href":"https:\/\/blogdoeloiltoncajuhy.com.br\/site\/wp-json\/wp\/v2\/media\/38596"}],"wp:attachment":[{"href":"https:\/\/blogdoeloiltoncajuhy.com.br\/site\/wp-json\/wp\/v2\/media?parent=38595"}],"wp:term":[{"taxonomy":"category","embeddable":true,"href":"https:\/\/blogdoeloiltoncajuhy.com.br\/site\/wp-json\/wp\/v2\/categories?post=38595"},{"taxonomy":"post_tag","embeddable":true,"href":"https:\/\/blogdoeloiltoncajuhy.com.br\/site\/wp-json\/wp\/v2\/tags?post=38595"}],"curies":[{"name":"wp","href":"https:\/\/api.w.org\/{rel}","templated":true}]}}