{"id":3859,"date":"2015-09-08T18:51:17","date_gmt":"2015-09-08T21:51:17","guid":{"rendered":"http:\/\/blogdoeloiltoncajuhy.com.br\/site\/?p=3859"},"modified":"2015-09-08T18:51:18","modified_gmt":"2015-09-08T21:51:18","slug":"fale-correto-perca-ou-perda-como-usar","status":"publish","type":"post","link":"https:\/\/blogdoeloiltoncajuhy.com.br\/site\/fale-correto-perca-ou-perda-como-usar\/","title":{"rendered":"FALE CORRETO: Perca ou perda: como usar?"},"content":{"rendered":"<p style=\"text-align: right;\"><em><strong>*Escrito por Reinaldo Passadori, do Instituto Passadori \u2013 Educa\u00e7\u00e3o Corporativa<\/strong><\/em><\/p>\n<p><a href=\"https:\/\/i0.wp.com\/blogdoeloiltoncajuhy.com.br\/site\/wp-content\/uploads\/2015\/08\/ponto-de-interroga%C3%A7%C3%A3o.jpg\"><img data-recalc-dims=\"1\" fetchpriority=\"high\" decoding=\"async\" class=\"size-full wp-image-2988 alignright\" src=\"https:\/\/i0.wp.com\/blogdoeloiltoncajuhy.com.br\/site\/wp-content\/uploads\/2015\/08\/ponto-de-interroga%C3%A7%C3%A3o.jpg?resize=300%2C300\" alt=\"ponto-de-interroga\u00e7\u00e3o\" width=\"300\" height=\"300\" srcset=\"https:\/\/i0.wp.com\/blogdoeloiltoncajuhy.com.br\/site\/wp-content\/uploads\/2015\/08\/ponto-de-interroga%C3%A7%C3%A3o.jpg?w=300&amp;ssl=1 300w, https:\/\/i0.wp.com\/blogdoeloiltoncajuhy.com.br\/site\/wp-content\/uploads\/2015\/08\/ponto-de-interroga%C3%A7%C3%A3o.jpg?resize=150%2C150&amp;ssl=1 150w, https:\/\/i0.wp.com\/blogdoeloiltoncajuhy.com.br\/site\/wp-content\/uploads\/2015\/08\/ponto-de-interroga%C3%A7%C3%A3o.jpg?resize=250%2C250&amp;ssl=1 250w, https:\/\/i0.wp.com\/blogdoeloiltoncajuhy.com.br\/site\/wp-content\/uploads\/2015\/08\/ponto-de-interroga%C3%A7%C3%A3o.jpg?resize=48%2C48&amp;ssl=1 48w\" sizes=\"(max-width: 300px) 100vw, 300px\" \/><\/a>Sabe aquele dia que por onde passa, voc\u00ea escuta uma conversa que normalmente n\u00e3o ouviria? Ent\u00e3o, aconteceu comigo e neste dia minha audi\u00e7\u00e3o estava aflorada e ouvi, logo cedo, dois profissionais conversando no corredor de uma empresa, que eu tive uma reuni\u00e3o, as seguintes falas:<\/p>\n<p>\u201cMeu gestor n\u00e3o quer que eu perda minhas comiss\u00f5es, agora no fim de ano, e claro, que isso significa que venderei menos.\u201d E o outro respondeu: \u201cN\u00e3o tem jeito, no fim de ano h\u00e1 sempre perdas nas comiss\u00f5es, os clientes mudam o foco!\u201d<\/p>\n<p>Pois essa conversa me inspirou e escolhi esclarecer a diferen\u00e7a entre o uso das palavras perda e perca, como o tema gramatical para este artigo, veja como \u00e9 simples.<\/p>\n<p>Os voc\u00e1bulos \u201cperca\u201d e \u201cperda\u201d s\u00e3o par\u00f4nimos, ou seja, possuem grafia e pron\u00fancia semelhantes. Por esse motivo, h\u00e1 muita confus\u00e3o quando empregados. Entenda o significado de ambas as palavras:<\/p>\n<p>Perca &#8211; \u00e9 uma forma verbal, ou seja, flex\u00e3o do verbo \u201cperder\u201d. Aparece na primeira e terceira pessoa do singular do presente do subjuntivo e na 3\u00aa pessoa do singular do imperativo.<\/p>\n<p>Exemplos:<br \/>\na) N\u00e3o perca tempo! (3\u00aa pessoa do singular do imperativo)<br \/>\nb) N\u00e3o quero que ele perca essa vaga! (3\u00aa pessoa do singular do presente do subjuntivo)<br \/>\nc) Espero que ele n\u00e3o perca a cabe\u00e7a ao conversar com ela. (3\u00aa pessoa do singular do presente do subjuntivo)<\/p>\n<p>Perda \u2013 \u00e9 um substantivo que significa se privar (desapossar, excluir) de algu\u00e9m ou de algo que se tinha. \u00c9 f\u00e1cil saber porque SEMPRE QUE FOR SUBSTANTIVO, admitir\u00e1 um ARTIGO, PRONOME OU NUMERAL antes desse termo.<\/p>\n<p>Exemplos:<br \/>\na) Espero que n\u00e3o haja a perda de bagagens nesta companhia a\u00e9rea.<br \/>\nb) Carolina est\u00e1 triste, pois a perda do pai a abalou muito.<br \/>\nc) O carro deu perda total.<\/p>\n<p><em>*Revista Exame<\/em><\/p>\n","protected":false},"excerpt":{"rendered":"<p>*Escrito por Reinaldo Passadori, do Instituto Passadori \u2013 Educa\u00e7\u00e3o Corporativa Sabe aquele dia que por onde passa, voc\u00ea escuta uma conversa que normalmente n\u00e3o ouviria? Ent\u00e3o, aconteceu comigo e neste dia minha audi\u00e7\u00e3o estava aflorada e ouvi, logo cedo, dois profissionais conversando no corredor de uma empresa, que eu tive uma reuni\u00e3o, as seguintes falas: [&hellip;]<\/p>\n","protected":false},"author":2,"featured_media":0,"comment_status":"open","ping_status":"open","sticky":false,"template":"","format":"standard","meta":{"_acf_changed":false,"_monsterinsights_skip_tracking":false,"_monsterinsights_sitenote_active":false,"_monsterinsights_sitenote_note":"","_monsterinsights_sitenote_category":0,"_jetpack_memberships_contains_paid_content":false,"footnotes":"","jetpack_publicize_message":"","jetpack_publicize_feature_enabled":true,"jetpack_social_post_already_shared":true,"jetpack_social_options":{"image_generator_settings":{"template":"highway","default_image_id":0,"font":"","enabled":false},"version":2}},"categories":[13,1],"tags":[],"class_list":["post-3859","post","type-post","status-publish","format-standard","hentry","category-falando-corretamente","category-noticias"],"acf":[],"jetpack_publicize_connections":[],"jetpack_featured_media_url":"","jetpack_sharing_enabled":true,"publishpress_future_workflow_manual_trigger":{"enabledWorkflows":[]},"_links":{"self":[{"href":"https:\/\/blogdoeloiltoncajuhy.com.br\/site\/wp-json\/wp\/v2\/posts\/3859","targetHints":{"allow":["GET"]}}],"collection":[{"href":"https:\/\/blogdoeloiltoncajuhy.com.br\/site\/wp-json\/wp\/v2\/posts"}],"about":[{"href":"https:\/\/blogdoeloiltoncajuhy.com.br\/site\/wp-json\/wp\/v2\/types\/post"}],"author":[{"embeddable":true,"href":"https:\/\/blogdoeloiltoncajuhy.com.br\/site\/wp-json\/wp\/v2\/users\/2"}],"replies":[{"embeddable":true,"href":"https:\/\/blogdoeloiltoncajuhy.com.br\/site\/wp-json\/wp\/v2\/comments?post=3859"}],"version-history":[{"count":1,"href":"https:\/\/blogdoeloiltoncajuhy.com.br\/site\/wp-json\/wp\/v2\/posts\/3859\/revisions"}],"predecessor-version":[{"id":3863,"href":"https:\/\/blogdoeloiltoncajuhy.com.br\/site\/wp-json\/wp\/v2\/posts\/3859\/revisions\/3863"}],"wp:attachment":[{"href":"https:\/\/blogdoeloiltoncajuhy.com.br\/site\/wp-json\/wp\/v2\/media?parent=3859"}],"wp:term":[{"taxonomy":"category","embeddable":true,"href":"https:\/\/blogdoeloiltoncajuhy.com.br\/site\/wp-json\/wp\/v2\/categories?post=3859"},{"taxonomy":"post_tag","embeddable":true,"href":"https:\/\/blogdoeloiltoncajuhy.com.br\/site\/wp-json\/wp\/v2\/tags?post=3859"}],"curies":[{"name":"wp","href":"https:\/\/api.w.org\/{rel}","templated":true}]}}