{"id":38589,"date":"2019-11-05T20:01:52","date_gmt":"2019-11-05T23:01:52","guid":{"rendered":"http:\/\/blogdoeloiltoncajuhy.com.br\/site\/?p=38589"},"modified":"2019-11-05T20:01:58","modified_gmt":"2019-11-05T23:01:58","slug":"alem-de-inaugurar-policlinica-rui-visitara-colegio-modelo-e-obras-do-hdam-em-bonfim","status":"publish","type":"post","link":"https:\/\/blogdoeloiltoncajuhy.com.br\/site\/alem-de-inaugurar-policlinica-rui-visitara-colegio-modelo-e-obras-do-hdam-em-bonfim\/","title":{"rendered":"Al\u00e9m de inaugurar Policl\u00ednica, Rui visitar\u00e1 Col\u00e9gio Modelo e obras do HDAM em Bonfim"},"content":{"rendered":"\n<p><strong>BLOG DO ELOILTON CAJUHY<\/strong><\/p>\n\n\n\n<div class=\"wp-block-image\"><figure class=\"aligncenter\"><img data-recalc-dims=\"1\" fetchpriority=\"high\" decoding=\"async\" width=\"800\" height=\"450\" src=\"https:\/\/i0.wp.com\/blogdoeloiltoncajuhy.com.br\/site\/wp-content\/uploads\/2019\/10\/PolOutu-01.jpg?resize=800%2C450\" alt=\"\" class=\"wp-image-38355\" srcset=\"https:\/\/i0.wp.com\/blogdoeloiltoncajuhy.com.br\/site\/wp-content\/uploads\/2019\/10\/PolOutu-01.jpg?w=960&amp;ssl=1 960w, https:\/\/i0.wp.com\/blogdoeloiltoncajuhy.com.br\/site\/wp-content\/uploads\/2019\/10\/PolOutu-01.jpg?resize=300%2C169&amp;ssl=1 300w, https:\/\/i0.wp.com\/blogdoeloiltoncajuhy.com.br\/site\/wp-content\/uploads\/2019\/10\/PolOutu-01.jpg?resize=768%2C432&amp;ssl=1 768w, https:\/\/i0.wp.com\/blogdoeloiltoncajuhy.com.br\/site\/wp-content\/uploads\/2019\/10\/PolOutu-01.jpg?resize=250%2C141&amp;ssl=1 250w\" sizes=\"(max-width: 800px) 100vw, 800px\" \/><\/figure><\/div>\n\n\n\n<p>A assessoria do Governador Rui Costa divulgou nesta ter\u00e7a-feira (05) a agenda do chefe do executivo estadual em Senhor do Bonfim na pr\u00f3xima segunda-feira (11), quando ser\u00e1 inaugurada a Policl\u00ednica Regional e a pavimenta\u00e7\u00e3o asf\u00e1ltica da estrada que liga a sede ao Povoado de Umburana.<\/p>\n\n\n\n<p>Na oportunidade, Rui tamb\u00e9m visitar\u00e1 o Col\u00e9gio Modelo Luiz Eduardo Magalh\u00e3es, na Avenida ACM, e as obras de reforma do Hospital Dom Antonio Monteiro (HDAM).<\/p>\n\n\n\n<p class=\"has-medium-font-size\"><strong>Confira a agenda do Governador em nossa cidade:<\/strong><\/p>\n\n\n\n<p><strong>Data:<\/strong> 11\/11\/2019, Segunda-feira<br><strong>Hora:<\/strong> 09:30<\/p>\n\n\n\n<p><strong>Local:<\/strong> SENHOR DO BONFIM\/BA<\/p>\n\n\n\n<p><strong><em>Inaugura\u00e7\u00e3o<\/em><\/strong><\/p>\n\n\n\n<ul class=\"wp-block-list\"><li>Policl\u00ednica Regional do Cons\u00f3rcio P\u00fablico Interfederativo de Sa\u00fade da Regi\u00e3o de Senhor do Bonfim (SESAB)<\/li><li>Interse\u00e7\u00e3o e Pavimenta\u00e7\u00e3o em CBUQ, Rodovia BA.131, Trecho: Acesso \u00e0 Policl\u00ednica de Senhor do Bonfim (SEINFRA\/SIT)<\/li><li>Pavimenta\u00e7\u00e3o em CBUQ, Rodovia BA.131, Trecho:  Rotat\u00f3ria em Senhor do Bonfim (SEINFRA\/SIT)<\/li><li>Pavimenta\u00e7\u00e3o em TSS com capa selante, Rodovia S\/C, Trecho:  Acesso a BR-407 &#8211; Povoado de Umburanas (SEINFRA\/SIT)  <\/li><\/ul>\n\n\n\n<p><strong><em>Autorizo<\/em><\/strong><\/p>\n\n\n\n<ul class=\"wp-block-list\"><li>SDR\/CAR Celebrar 02 Conv\u00eanios, no \u00e2mbito do Projeto Bahia Produtiva, Editais Qualifica\u00e7\u00e3o de Agroind\u00fastrias e Socioambientais Quilombolas<\/li><li>SDR\/CAR Celebrar Conv\u00eanio no \u00e2mbito do Projeto Pr\u00f3-Semi\u00e1rido com a Central das Associa\u00e7\u00f5es da Agricultura Familiar do Territ\u00f3rio do Piemonte Norte do Itapicuru &#8211; CAAFTIPNI   <\/li><\/ul>\n\n\n\n<p><strong><em>Visita<\/em><\/strong><\/p>\n\n\n\n<ul class=\"wp-block-list\"><li>Col\u00e9gio Modelo Lu\u00eds Eduardo Magalh\u00e3es (SEC)<\/li><li>Centro Estadual de Educa\u00e7\u00e3o Profissional em Sa\u00fade &#8211; CEEP Tancredo Neves (SEC)<\/li><li>Obras de Reforma, Adequa\u00e7\u00e3o e Amplia\u00e7\u00e3o do Hospital Municipal Dom Ant\u00f4nio Monteiro para Implanta\u00e7\u00e3o de Leitos de UTI Adulto e NEO (SESAB\/PREFEITURA)<\/li><\/ul>\n\n\n\n<p><strong><em>Outros Atos<\/em><\/strong> (A Confirmar com o Governador)<\/p>\n\n\n\n<p>Entrega<\/p>\n\n\n\n<ul class=\"wp-block-list\"><li>(a\/c) T\u00edtulo de Cidad\u00e3o Bonfinense ao Exmo. Sr. Governador Rui Costa (C\u00c2MARA MUNICIPAL)<\/li><\/ul>\n\n\n\n<p>An\u00fancio<\/p>\n\n\n\n<ul class=\"wp-block-list\"><li>Implanta\u00e7\u00e3o do Sinal de Telefonia Celular da Operadora Claro nas Localidades de Tijuacu, Miss\u00e3o do Sahy e Quic\u00e9 &#8211; Programa Fala Bahia (SEINFRA\/SEFAZ\/CLARO)<\/li><\/ul>\n","protected":false},"excerpt":{"rendered":"<p>BLOG DO ELOILTON CAJUHY A assessoria do Governador Rui Costa divulgou nesta ter\u00e7a-feira (05) a agenda do chefe do executivo estadual em Senhor do Bonfim na pr\u00f3xima segunda-feira (11), quando ser\u00e1 inaugurada a Policl\u00ednica Regional e a pavimenta\u00e7\u00e3o asf\u00e1ltica da estrada que liga a sede ao Povoado de Umburana. Na oportunidade, Rui tamb\u00e9m visitar\u00e1 o [&hellip;]<\/p>\n","protected":false},"author":2,"featured_media":0,"comment_status":"open","ping_status":"open","sticky":false,"template":"","format":"standard","meta":{"_acf_changed":false,"_monsterinsights_skip_tracking":false,"_monsterinsights_sitenote_active":false,"_monsterinsights_sitenote_note":"","_monsterinsights_sitenote_category":0,"_jetpack_memberships_contains_paid_content":false,"footnotes":"","jetpack_publicize_message":"","jetpack_publicize_feature_enabled":true,"jetpack_social_post_already_shared":true,"jetpack_social_options":{"image_generator_settings":{"template":"highway","default_image_id":0,"font":"","enabled":false},"version":2}},"categories":[1,3,4],"tags":[],"class_list":["post-38589","post","type-post","status-publish","format-standard","hentry","category-noticias","category-politica","category-local"],"acf":[],"jetpack_publicize_connections":[],"jetpack_featured_media_url":"","jetpack_sharing_enabled":true,"publishpress_future_workflow_manual_trigger":{"enabledWorkflows":[]},"_links":{"self":[{"href":"https:\/\/blogdoeloiltoncajuhy.com.br\/site\/wp-json\/wp\/v2\/posts\/38589","targetHints":{"allow":["GET"]}}],"collection":[{"href":"https:\/\/blogdoeloiltoncajuhy.com.br\/site\/wp-json\/wp\/v2\/posts"}],"about":[{"href":"https:\/\/blogdoeloiltoncajuhy.com.br\/site\/wp-json\/wp\/v2\/types\/post"}],"author":[{"embeddable":true,"href":"https:\/\/blogdoeloiltoncajuhy.com.br\/site\/wp-json\/wp\/v2\/users\/2"}],"replies":[{"embeddable":true,"href":"https:\/\/blogdoeloiltoncajuhy.com.br\/site\/wp-json\/wp\/v2\/comments?post=38589"}],"version-history":[{"count":1,"href":"https:\/\/blogdoeloiltoncajuhy.com.br\/site\/wp-json\/wp\/v2\/posts\/38589\/revisions"}],"predecessor-version":[{"id":38590,"href":"https:\/\/blogdoeloiltoncajuhy.com.br\/site\/wp-json\/wp\/v2\/posts\/38589\/revisions\/38590"}],"wp:attachment":[{"href":"https:\/\/blogdoeloiltoncajuhy.com.br\/site\/wp-json\/wp\/v2\/media?parent=38589"}],"wp:term":[{"taxonomy":"category","embeddable":true,"href":"https:\/\/blogdoeloiltoncajuhy.com.br\/site\/wp-json\/wp\/v2\/categories?post=38589"},{"taxonomy":"post_tag","embeddable":true,"href":"https:\/\/blogdoeloiltoncajuhy.com.br\/site\/wp-json\/wp\/v2\/tags?post=38589"}],"curies":[{"name":"wp","href":"https:\/\/api.w.org\/{rel}","templated":true}]}}