{"id":38583,"date":"2019-11-05T14:57:46","date_gmt":"2019-11-05T17:57:46","guid":{"rendered":"http:\/\/blogdoeloiltoncajuhy.com.br\/site\/?p=38583"},"modified":"2019-11-05T14:57:53","modified_gmt":"2019-11-05T17:57:53","slug":"jaguarari-vem-ai-o-projeto-batalha-de-poesias","status":"publish","type":"post","link":"https:\/\/blogdoeloiltoncajuhy.com.br\/site\/jaguarari-vem-ai-o-projeto-batalha-de-poesias\/","title":{"rendered":"Jaguarari: Vem a\u00ed o Projeto Batalha de Poesias"},"content":{"rendered":"\n<div class=\"wp-block-image\"><figure class=\"aligncenter is-resized\"><img fetchpriority=\"high\" decoding=\"async\" src=\"https:\/\/i2.wp.com\/blogdoeloiltoncajuhy.com.br\/site\/wp-content\/uploads\/2019\/11\/PMJ_ProjetoBatalhaPoesias.jpg?fit=590%2C679\" alt=\"\" class=\"wp-image-38584\" width=\"295\" height=\"340\" srcset=\"https:\/\/i0.wp.com\/blogdoeloiltoncajuhy.com.br\/site\/wp-content\/uploads\/2019\/11\/PMJ_ProjetoBatalhaPoesias.jpg?w=1112&amp;ssl=1 1112w, https:\/\/i0.wp.com\/blogdoeloiltoncajuhy.com.br\/site\/wp-content\/uploads\/2019\/11\/PMJ_ProjetoBatalhaPoesias.jpg?resize=261%2C300&amp;ssl=1 261w, https:\/\/i0.wp.com\/blogdoeloiltoncajuhy.com.br\/site\/wp-content\/uploads\/2019\/11\/PMJ_ProjetoBatalhaPoesias.jpg?resize=768%2C884&amp;ssl=1 768w, https:\/\/i0.wp.com\/blogdoeloiltoncajuhy.com.br\/site\/wp-content\/uploads\/2019\/11\/PMJ_ProjetoBatalhaPoesias.jpg?resize=890%2C1024&amp;ssl=1 890w, https:\/\/i0.wp.com\/blogdoeloiltoncajuhy.com.br\/site\/wp-content\/uploads\/2019\/11\/PMJ_ProjetoBatalhaPoesias.jpg?resize=217%2C250&amp;ssl=1 217w\" sizes=\"(max-width: 295px) 100vw, 295px\" \/><\/figure><\/div>\n\n\n\n<p>Chega mais galera do rap,<br>\nAten\u00e7\u00e3o turma da poesia,<br>\nO cordel vai marcar presen\u00e7a<br>\nEst\u00e1 chegando o grande dia!<\/p>\n\n\n\n<p>\u00c9 o poema ganhando for\u00e7a,<br>\nO cordelista chegando \u00e0 pra\u00e7a,<br>\nIncendiando as noites de quinta,<br>\nO rap mostrando a sua ra\u00e7a.<\/p>\n\n\n\n<p>Traga todo o seu talento,<br>\nInvista em sua melodia,<br>\nSeja a Inspira\u00e7\u00e3o da noite,<br>\nNo Batalha de Poesias.<\/p>\n\n\n\n<p>\u00c9 talento unido \u00e0 arte,<br>\n\u00c9 a arte fazendo escola,<br>\nJaguarari dominando o palco,<br>\nHoje, aqui e agora.<\/p>\n\n\n\n<p>Na segunda semana de Novembro<br>\nTeremos a abertura,<br>\n\u00c0s dezenove horas,<br>\nNa Pra\u00e7a da Prefeitura,<br>\nCom a organiza\u00e7\u00e3o da Secretaria<br>\nDe Educa\u00e7\u00e3o e cultura.<br>\nGoverno \u201cUma cidade para todos\u201d<br>\nApoiando este evento<br>\nValorizando o artista da terra<br>\nE revelando novos talentos.<\/p>\n\n\n\n<p>ASCOM \u2013 Prefeitura de Jaguarari<\/p>\n","protected":false},"excerpt":{"rendered":"<p>Chega mais galera do rap, Aten\u00e7\u00e3o turma da poesia, O cordel vai marcar presen\u00e7a Est\u00e1 chegando o grande dia! \u00c9 o poema ganhando for\u00e7a, O cordelista chegando \u00e0 pra\u00e7a, Incendiando as noites de quinta, O rap mostrando a sua ra\u00e7a. Traga todo o seu talento, Invista em sua melodia, Seja a Inspira\u00e7\u00e3o da noite, No [&hellip;]<\/p>\n","protected":false},"author":2,"featured_media":38584,"comment_status":"open","ping_status":"open","sticky":false,"template":"","format":"standard","meta":{"_acf_changed":false,"_monsterinsights_skip_tracking":false,"_monsterinsights_sitenote_active":false,"_monsterinsights_sitenote_note":"","_monsterinsights_sitenote_category":0,"_jetpack_memberships_contains_paid_content":false,"footnotes":"","jetpack_publicize_message":"","jetpack_publicize_feature_enabled":true,"jetpack_social_post_already_shared":true,"jetpack_social_options":{"image_generator_settings":{"template":"highway","default_image_id":0,"font":"","enabled":false},"version":2}},"categories":[8,1,11],"tags":[],"class_list":["post-38583","post","type-post","status-publish","format-standard","has-post-thumbnail","hentry","category-cultura","category-noticias","category-regional"],"acf":[],"jetpack_publicize_connections":[],"jetpack_featured_media_url":"https:\/\/i0.wp.com\/blogdoeloiltoncajuhy.com.br\/site\/wp-content\/uploads\/2019\/11\/PMJ_ProjetoBatalhaPoesias.jpg?fit=1112%2C1280&ssl=1","jetpack_sharing_enabled":true,"publishpress_future_workflow_manual_trigger":{"enabledWorkflows":[]},"_links":{"self":[{"href":"https:\/\/blogdoeloiltoncajuhy.com.br\/site\/wp-json\/wp\/v2\/posts\/38583","targetHints":{"allow":["GET"]}}],"collection":[{"href":"https:\/\/blogdoeloiltoncajuhy.com.br\/site\/wp-json\/wp\/v2\/posts"}],"about":[{"href":"https:\/\/blogdoeloiltoncajuhy.com.br\/site\/wp-json\/wp\/v2\/types\/post"}],"author":[{"embeddable":true,"href":"https:\/\/blogdoeloiltoncajuhy.com.br\/site\/wp-json\/wp\/v2\/users\/2"}],"replies":[{"embeddable":true,"href":"https:\/\/blogdoeloiltoncajuhy.com.br\/site\/wp-json\/wp\/v2\/comments?post=38583"}],"version-history":[{"count":1,"href":"https:\/\/blogdoeloiltoncajuhy.com.br\/site\/wp-json\/wp\/v2\/posts\/38583\/revisions"}],"predecessor-version":[{"id":38585,"href":"https:\/\/blogdoeloiltoncajuhy.com.br\/site\/wp-json\/wp\/v2\/posts\/38583\/revisions\/38585"}],"wp:featuredmedia":[{"embeddable":true,"href":"https:\/\/blogdoeloiltoncajuhy.com.br\/site\/wp-json\/wp\/v2\/media\/38584"}],"wp:attachment":[{"href":"https:\/\/blogdoeloiltoncajuhy.com.br\/site\/wp-json\/wp\/v2\/media?parent=38583"}],"wp:term":[{"taxonomy":"category","embeddable":true,"href":"https:\/\/blogdoeloiltoncajuhy.com.br\/site\/wp-json\/wp\/v2\/categories?post=38583"},{"taxonomy":"post_tag","embeddable":true,"href":"https:\/\/blogdoeloiltoncajuhy.com.br\/site\/wp-json\/wp\/v2\/tags?post=38583"}],"curies":[{"name":"wp","href":"https:\/\/api.w.org\/{rel}","templated":true}]}}