{"id":38580,"date":"2019-11-05T14:40:51","date_gmt":"2019-11-05T17:40:51","guid":{"rendered":"http:\/\/blogdoeloiltoncajuhy.com.br\/site\/?p=38580"},"modified":"2019-11-05T14:40:57","modified_gmt":"2019-11-05T17:40:57","slug":"garota-de-16-anos-tem-17-do-corpo-queimado-apos-mae-jogar-agua-quente-durante-briga","status":"publish","type":"post","link":"https:\/\/blogdoeloiltoncajuhy.com.br\/site\/garota-de-16-anos-tem-17-do-corpo-queimado-apos-mae-jogar-agua-quente-durante-briga\/","title":{"rendered":"Garota de 16 anos tem 17% do corpo queimado ap\u00f3s m\u00e3e jogar \u00e1gua quente durante briga"},"content":{"rendered":"\n<h5 class=\"wp-block-heading\" style=\"text-align:center\"><em>Caso ocorreu em Concei\u00e7\u00e3o do Jacu\u00edpe. Segundo pol\u00edcia, em tr\u00eas anos, esta \u00e9 a terceira ocorr\u00eancia de agress\u00e3o familiar envolvendo as duas<\/em><\/h5>\n\n\n\n<p><strong>Por G1 BA<\/strong><\/p>\n\n\n\n<div class=\"wp-block-image\"><figure class=\"aligncenter is-resized\"><img data-recalc-dims=\"1\" fetchpriority=\"high\" decoding=\"async\" src=\"https:\/\/i0.wp.com\/blogdoeloiltoncajuhy.com.br\/site\/wp-content\/uploads\/2019\/11\/HGE_Nov2019.jpeg?resize=409%2C307\" alt=\"\" class=\"wp-image-38581\" width=\"409\" height=\"307\" srcset=\"https:\/\/i0.wp.com\/blogdoeloiltoncajuhy.com.br\/site\/wp-content\/uploads\/2019\/11\/HGE_Nov2019.jpeg?w=600&amp;ssl=1 600w, https:\/\/i0.wp.com\/blogdoeloiltoncajuhy.com.br\/site\/wp-content\/uploads\/2019\/11\/HGE_Nov2019.jpeg?resize=300%2C225&amp;ssl=1 300w, https:\/\/i0.wp.com\/blogdoeloiltoncajuhy.com.br\/site\/wp-content\/uploads\/2019\/11\/HGE_Nov2019.jpeg?resize=250%2C188&amp;ssl=1 250w\" sizes=\"(max-width: 409px) 100vw, 409px\" \/><figcaption><em>Hospital Geral do Estado (HGE), em Salvador \u2014 Foto: Alan Oliveira\/G1<\/em><\/figcaption><\/figure><\/div>\n\n\n\n<p>Uma garota de 16 anos teve 17% do corpo queimado ap\u00f3s a m\u00e3e jogar \u00e1gua quente nela durante uma briga, na cidade de Concei\u00e7\u00e3o do Jacu\u00edpe.<\/p>\n\n\n\n<p>De acordo com o delegado Felipe Madureira, que investiga o caso, a v\u00edtima estava aquecendo a \u00e1gua para tomar banho, quando foi surpreendida pela suspeita. Ela sofreu queimaduras de segundo grau.<\/p>\n\n\n\n<p>O caso ocorreu na noite de s\u00e1bado (2). A adolescente foi socorrida pela tia e levada para o Hospital Municipal. Em seguida, ela foi transferida para o Hospital Geral do Estado (HGE), em Salvador, onde segue internada nesta ter\u00e7a-feira (5).<\/p>\n\n\n\n<p>Segundo o delegado Felipe Madureira, o boletim m\u00e9dico inicial aponta que a \u00e1gua atingiu rosto, t\u00f3rax, bra\u00e7o e via respirat\u00f3ria, porque, conforme o delegado, a v\u00edtima estava com a boca aberta quando a m\u00e3e jogou a \u00e1gua quente nela.<\/p>\n\n\n\n<p>Ainda de acordo com o delegado Felipe Madureira, esta \u00e9 a terceira ocorr\u00eancia policial envolvendo m\u00e3e e filha nos \u00faltimos tr\u00eas anos. Em 2016, as duas acabaram na delegacia ap\u00f3s trocarem agress\u00f5es, enquanto em 2018, a m\u00e3e tentou esfaquear a menina.<\/p>\n\n\n\n<p>O delegado informou tamb\u00e9m que a mulher responde processo por esfaquear o irm\u00e3o, por\u00e9m n\u00e3o soube detalhar o crime.<\/p>\n","protected":false},"excerpt":{"rendered":"<p>Caso ocorreu em Concei\u00e7\u00e3o do Jacu\u00edpe. Segundo pol\u00edcia, em tr\u00eas anos, esta \u00e9 a terceira ocorr\u00eancia de agress\u00e3o familiar envolvendo as duas Por G1 BA Uma garota de 16 anos teve 17% do corpo queimado ap\u00f3s a m\u00e3e jogar \u00e1gua quente nela durante uma briga, na cidade de Concei\u00e7\u00e3o do Jacu\u00edpe. De acordo com o [&hellip;]<\/p>\n","protected":false},"author":2,"featured_media":38581,"comment_status":"open","ping_status":"open","sticky":false,"template":"","format":"standard","meta":{"_acf_changed":false,"_monsterinsights_skip_tracking":false,"_monsterinsights_sitenote_active":false,"_monsterinsights_sitenote_note":"","_monsterinsights_sitenote_category":0,"_jetpack_memberships_contains_paid_content":false,"footnotes":"","jetpack_publicize_message":"","jetpack_publicize_feature_enabled":true,"jetpack_social_post_already_shared":true,"jetpack_social_options":{"image_generator_settings":{"template":"highway","default_image_id":0,"font":"","enabled":false},"version":2}},"categories":[5,1],"tags":[],"class_list":["post-38580","post","type-post","status-publish","format-standard","has-post-thumbnail","hentry","category-cotidiano","category-noticias"],"acf":[],"jetpack_publicize_connections":[],"jetpack_featured_media_url":"https:\/\/i0.wp.com\/blogdoeloiltoncajuhy.com.br\/site\/wp-content\/uploads\/2019\/11\/HGE_Nov2019.jpeg?fit=600%2C450&ssl=1","jetpack_sharing_enabled":true,"publishpress_future_workflow_manual_trigger":{"enabledWorkflows":[]},"_links":{"self":[{"href":"https:\/\/blogdoeloiltoncajuhy.com.br\/site\/wp-json\/wp\/v2\/posts\/38580","targetHints":{"allow":["GET"]}}],"collection":[{"href":"https:\/\/blogdoeloiltoncajuhy.com.br\/site\/wp-json\/wp\/v2\/posts"}],"about":[{"href":"https:\/\/blogdoeloiltoncajuhy.com.br\/site\/wp-json\/wp\/v2\/types\/post"}],"author":[{"embeddable":true,"href":"https:\/\/blogdoeloiltoncajuhy.com.br\/site\/wp-json\/wp\/v2\/users\/2"}],"replies":[{"embeddable":true,"href":"https:\/\/blogdoeloiltoncajuhy.com.br\/site\/wp-json\/wp\/v2\/comments?post=38580"}],"version-history":[{"count":1,"href":"https:\/\/blogdoeloiltoncajuhy.com.br\/site\/wp-json\/wp\/v2\/posts\/38580\/revisions"}],"predecessor-version":[{"id":38582,"href":"https:\/\/blogdoeloiltoncajuhy.com.br\/site\/wp-json\/wp\/v2\/posts\/38580\/revisions\/38582"}],"wp:featuredmedia":[{"embeddable":true,"href":"https:\/\/blogdoeloiltoncajuhy.com.br\/site\/wp-json\/wp\/v2\/media\/38581"}],"wp:attachment":[{"href":"https:\/\/blogdoeloiltoncajuhy.com.br\/site\/wp-json\/wp\/v2\/media?parent=38580"}],"wp:term":[{"taxonomy":"category","embeddable":true,"href":"https:\/\/blogdoeloiltoncajuhy.com.br\/site\/wp-json\/wp\/v2\/categories?post=38580"},{"taxonomy":"post_tag","embeddable":true,"href":"https:\/\/blogdoeloiltoncajuhy.com.br\/site\/wp-json\/wp\/v2\/tags?post=38580"}],"curies":[{"name":"wp","href":"https:\/\/api.w.org\/{rel}","templated":true}]}}