{"id":38578,"date":"2019-11-05T10:33:41","date_gmt":"2019-11-05T13:33:41","guid":{"rendered":"http:\/\/blogdoeloiltoncajuhy.com.br\/site\/?p=38578"},"modified":"2019-11-05T10:33:47","modified_gmt":"2019-11-05T13:33:47","slug":"camara-municipal-de-sr-do-bonfim-divulga-pauta-da-sessao-ordinaria-desta-terca-feira-05","status":"publish","type":"post","link":"https:\/\/blogdoeloiltoncajuhy.com.br\/site\/camara-municipal-de-sr-do-bonfim-divulga-pauta-da-sessao-ordinaria-desta-terca-feira-05\/","title":{"rendered":"C\u00e2mara Municipal de Sr. do Bonfim divulga pauta da sess\u00e3o ordin\u00e1ria desta ter\u00e7a-feira (05)"},"content":{"rendered":"\n<p><strong>ASCOM &#8211; C\u00e2mara Municipal de Senhor do Bonfim-BA<\/strong><\/p>\n\n\n\n<div class=\"wp-block-image\"><figure class=\"aligncenter\"><img data-recalc-dims=\"1\" fetchpriority=\"high\" decoding=\"async\" width=\"800\" height=\"533\" src=\"https:\/\/i0.wp.com\/blogdoeloiltoncajuhy.com.br\/site\/wp-content\/uploads\/2019\/02\/C%C3%A2mara-Municipal-de-Senhor-do-Bonfim-0912.jpg?resize=800%2C533\" alt=\"\" class=\"wp-image-31832\" srcset=\"https:\/\/i0.wp.com\/blogdoeloiltoncajuhy.com.br\/site\/wp-content\/uploads\/2019\/02\/C%C3%A2mara-Municipal-de-Senhor-do-Bonfim-0912.jpg?resize=1024%2C682&amp;ssl=1 1024w, https:\/\/i0.wp.com\/blogdoeloiltoncajuhy.com.br\/site\/wp-content\/uploads\/2019\/02\/C%C3%A2mara-Municipal-de-Senhor-do-Bonfim-0912.jpg?resize=300%2C200&amp;ssl=1 300w, https:\/\/i0.wp.com\/blogdoeloiltoncajuhy.com.br\/site\/wp-content\/uploads\/2019\/02\/C%C3%A2mara-Municipal-de-Senhor-do-Bonfim-0912.jpg?resize=768%2C512&amp;ssl=1 768w, https:\/\/i0.wp.com\/blogdoeloiltoncajuhy.com.br\/site\/wp-content\/uploads\/2019\/02\/C%C3%A2mara-Municipal-de-Senhor-do-Bonfim-0912.jpg?resize=250%2C167&amp;ssl=1 250w, https:\/\/i0.wp.com\/blogdoeloiltoncajuhy.com.br\/site\/wp-content\/uploads\/2019\/02\/C%C3%A2mara-Municipal-de-Senhor-do-Bonfim-0912.jpg?w=1280&amp;ssl=1 1280w\" sizes=\"(max-width: 800px) 100vw, 800px\" \/><\/figure><\/div>\n\n\n\n<p>Ser\u00e1 realizada nesta ter\u00e7a-feira, 05 de novembro, mais uma sess\u00e3o ordin\u00e1ria da C\u00e2mara Municipal de Senhor do Bonfim. A sess\u00e3o tamb\u00e9m ser\u00e1 transmitida pela internet a partir das 19h.<\/p>\n\n\n\n<p class=\"has-medium-font-size\"><strong>DURANTE O EXPEDIENTE SER\u00c3O LIDAS AS MAT\u00c9RIAS:<\/strong> <\/p>\n\n\n\n<p>PROJETO DE DECRETO LEGISLATIVO N\u00ba 047\/2019, que \u201cConcede Titulo de Cidad\u00e3o Bonfinense ao Sr. Rui Costa dos Santos, e d\u00e1 outras provid\u00eancias\u201d;<\/p>\n\n\n\n<p>PROJETO DE DECRETO LEGISLATIVO N\u00ba 048\/2019, de autoria do vereador Cleiton Vieira Pinto, que \u201cConcede Medalha Doutor Jos\u00e9 Gon\u00e7alves ao Deputado Estadual Raimundo Nonato Tavares da Silva (Bob\u00f4), e d\u00e1 outras provid\u00eancias\u201d;<\/p>\n\n\n\n<p>PARECER da Comiss\u00e3o de Legisla\u00e7\u00e3o, Justi\u00e7a, Postura e Reda\u00e7\u00e3o Final, aos Projetos de Decreto Legislativo Nos 005\/2019; 027\/2019; 030\/2019; 031\/2019; 032\/2019; 033\/2019; 034\/2019; 035\/2019; 037\/2019; 039\/2019; 040\/2019\/ 041\/2019; 043\/2019; 044\/2019 e 046\/2019;<\/p>\n\n\n\n<p>PEDIDO DE PROVID\u00caNCIA N\u00ba 073\/2019, de autoria do vereador La\u00e9rcio Muniz de Azevedo J\u00fanior, solicita que \u201ca Secretaria Municipal de Infraestrutura promova a melhoria da via p\u00fablica, Travessa Vila Nova, bairro Gamboa, fazendo a melhoria do seu cal\u00e7amento\u201d;<\/p>\n\n\n\n<p>PEDIDO DE PROVID\u00caNCIA N\u00ba 074\/2019, de autoria do vereador La\u00e9rcio Muniz de Azevedo J\u00fanior, solicita que \u201ca Secretaria Municipal de Infraestrutura promova a melhoria ilumina\u00e7\u00e3o p\u00fablica, na Rua Ramiro Miranda, bairro S\u00e3o Jorge, fazendo a reposi\u00e7\u00e3o de l\u00e2mpadas\u201d;<\/p>\n\n\n\n<p>BALAN\u00c7O DE MEDICAMENTOS, oriundo da Secretaria Municipal de Sa\u00fade, posi\u00e7\u00e3o de estoque em 30\/10\/2019.<\/p>\n\n\n\n<p class=\"has-medium-font-size\"><strong>ORDEM DO DO DIA<\/strong><\/p>\n\n\n\n<p>PARECER da Comiss\u00e3o de Legisla\u00e7\u00e3o, Justi\u00e7a, Postura e Reda\u00e7\u00e3o Final, aos Projetos de Decreto Legislativo Nos 005\/2019; 027\/2019; 030\/2019; 031\/2019; 032\/2019; 033\/2019; 034\/2019; 035\/2019; 037\/2019; 039\/2019; 040\/2019\/ 041\/2019; 043\/2019; 044\/2019 e 046\/2019;<\/p>\n\n\n\n<p>PROJETO DE DECRETO LEGISLATIVO N\u00ba 005\/2019, de autoria do vereador Jorge Souza e Silva Filho, que \u201cConcede Medalha Doutor Jos\u00e9 Gon\u00e7alves ao Dr. Wilson Andrade Santos, do Munic\u00edpio de Senhor do Bonfim e d\u00e1 outras provid\u00eancias\u201d;<\/p>\n\n\n\n<p>PROJETO DE DECRETO LEGISLATIVO N\u00ba 027\/2019, de autoria do vereador Reinaldo Jos\u00e9 da Silva, que \u201cConcede Medalha Doutor Jos\u00e9 Gon\u00e7alves \u00e0 Funda\u00e7\u00e3o da Brigada: Guerreiros Serra de Santana, no Munic\u00edpio de Senhor do Bonfim, representada pela Presidente a senhora Francisca Goudian e o vice-presidente o senhor Luiz Santana, e d\u00e1 outras provid\u00eancias\u201d;<\/p>\n\n\n\n<p>PROJETO DE DECRETO LEGISLATIVO N\u00ba 030\/2019, de autoria do vereador Elizeu Concei\u00e7\u00e3o de Souza, que \u201cConcede Medalha Doutor Jos\u00e9 Gon\u00e7alves ao Centro Educacional Construindo Sonhos, no Munic\u00edpio de Senhor do Bonfim, representado pela Diretora Vossa Senhoria Vandineide Freitas Costa, e d\u00e1 outras provid\u00eancias\u201d;<\/p>\n\n\n\n<p>PROJETO DE DECRETO LEGISLATIVO N\u00ba 031\/2019, de autoria do vereador Andreilto de Almeida Barbosa, que \u201cConcede Medalha Doutor Jos\u00e9 Gon\u00e7alves \u00e0 Loja Ma\u00e7\u00f4nica Uni\u00e3o e Fraternidade de Senhor do Bonfim\u201d;<\/p>\n\n\n\n<p>PROJETO DE DECRETO LEGISLATIVO N\u00ba 032\/2019, de autoria do vereador Andreilto de Almeida Barbosa, que \u201cConcede Medalha Doutor Jos\u00e9 Gon\u00e7alves \u00e0 Loja Ma\u00e7\u00f4nica Luz e Reden\u00e7\u00e3o de Senhor do Bonfim\u201d;<\/p>\n\n\n\n<p>PROJETO DE DECRETO LEGISLATIVO N\u00ba 033\/2019, de autoria do vereador Carlos Alberto Dias dos Santos, que \u201cConcede Medalha Doutor Jos\u00e9 Gon\u00e7alves \u00e0 Igreja Assembleia de Deus, e d\u00e1 outras provid\u00eancias\u201d;<\/p>\n\n\n\n<p>PROJETO DE DECRETO LEGISLATIVO N\u00ba 034\/2019, de autoria do vereador La\u00e9rcio Muniz de Azevedo J\u00fanior, que \u201cconcede Medalha  Dr. Jos\u00e9 Gon\u00e7alves \u00e0 R\u00e1dio Rainha FM 97.3, no Munic\u00edpio de Senhor do Bonfim e d\u00e1 outras provid\u00eancias\u201d;<\/p>\n\n\n\n<p>PROJETO DE DECRETO LEGISLATIVO N\u00ba 035\/2019, de autoria do vereador Herm\u00f3genes Gomes de Almeida, que \u201cConcede Medalha Doutor Jos\u00e9 Gon\u00e7alves \u00e0 Empresa Irm\u00e3os Pelegrine, e d\u00e1 outras provid\u00eancias\u201d;<\/p>\n\n\n\n<p>PROJETO DE DECRETO LEGISLATIVO N\u00ba 037\/2019, de autoria do vereador Reinaldo Ferreira Santana, que \u201cConcede Medalha Doutor Jos\u00e9 Gon\u00e7alves \u00e0 R\u00e1dio Cara\u00edba de Senhor do Bonfim e d\u00e1 outras provid\u00eancias\u201d;<\/p>\n\n\n\n<p>PROJETO DE DECRETO LEGISLATIVO N\u00ba 039\/2019, de autoria de todos os vereadores que \u201cConcede Medalha Doutor Jos\u00e9 Gon\u00e7alves \u00e0 Pol\u00edcia Civil do Estado da Bahia, representada  pela 19\u00aa Coordenadoria de Pol\u00edcia do Estado da Bahia, e d\u00e1 outras provid\u00eancias\u2019;<\/p>\n\n\n\n<p>PROJETO DE DECRETO LEGISLATIVO N\u00ba 040\/2019, de autoria do Vereador Edson Ribeiro da Silva, que \u201cconcede a Medalha Doutro Jos\u00e9 Gon\u00e7alves ao Sindicato dos Servidores P\u00fablicos Municipais\u201d;<\/p>\n\n\n\n<p>PROJETO DE DECRETO LEGISLATIVO N\u00ba 041\/2019, de autoria da Vereadora L\u00facia Cristina Souza Cerqueira da Silva, que \u201cconcede Medalha Doutro Jos\u00e9 Gon\u00e7alves a Funda\u00e7\u00e3o de Apoio a Crian\u00e7a e ao Adolescente-FUNDAME\u201d;<\/p>\n\n\n\n<p>PROJETO DE DECRETO LEGISLATIVO N\u00ba 043\/2019, de autoria do Vereador Gerivaldo Ribeiro Sampaio, que \u201cconcede Medalha Doutro Jos\u00e9 Gon\u00e7alves ao Sindicato dos trabalhadores da Educa\u00e7\u00e3o do Munic\u00edpio de Senhor do Bonfim-SINTESB-BA\u201d;<\/p>\n\n\n\n<p>PROJETO DE DECRETO LEGISLATIVO N\u00ba 044\/2019, de autoria do Vereador Jo\u00e3o Carlos de Castro, que \u201cconcede Medalha Doutro Jos\u00e9 Gon\u00e7alves as Escolas Particulares de Ensino Fundamental e de Educa\u00e7\u00e3o Infantil, \u2018Centro Educacional 13 de junho\u2019 e a Escolinha \u2018Doce Inf\u00e2ncia\u2019, do Distrito de Igara e d\u00e1 outras provid\u00eancias\u201d;<\/p>\n\n\n\n<p>PROJETO DE DECRETO LEGISLATIVO N\u00ba 046\/2019, de autoria do Vereador Alexandre Ferreira, que \u201cconcede Medalha Doutro Jos\u00e9 Gon\u00e7alves a IGARATUR, no munic\u00edpio de Senhor do Bonfim, representada pelo Senhor Jo\u00e3o Brito de Castro Filho, e da outras provid\u00eancias\u201d.<\/p>\n","protected":false},"excerpt":{"rendered":"<p>ASCOM &#8211; C\u00e2mara Municipal de Senhor do Bonfim-BA Ser\u00e1 realizada nesta ter\u00e7a-feira, 05 de novembro, mais uma sess\u00e3o ordin\u00e1ria da C\u00e2mara Municipal de Senhor do Bonfim. A sess\u00e3o tamb\u00e9m ser\u00e1 transmitida pela internet a partir das 19h. DURANTE O EXPEDIENTE SER\u00c3O LIDAS AS MAT\u00c9RIAS: PROJETO DE DECRETO LEGISLATIVO N\u00ba 047\/2019, que \u201cConcede Titulo de Cidad\u00e3o [&hellip;]<\/p>\n","protected":false},"author":2,"featured_media":0,"comment_status":"open","ping_status":"open","sticky":false,"template":"","format":"standard","meta":{"_acf_changed":false,"_monsterinsights_skip_tracking":false,"_monsterinsights_sitenote_active":false,"_monsterinsights_sitenote_note":"","_monsterinsights_sitenote_category":0,"_jetpack_memberships_contains_paid_content":false,"footnotes":"","jetpack_publicize_message":"","jetpack_publicize_feature_enabled":true,"jetpack_social_post_already_shared":true,"jetpack_social_options":{"image_generator_settings":{"template":"highway","default_image_id":0,"font":"","enabled":false},"version":2}},"categories":[1,3,4],"tags":[],"class_list":["post-38578","post","type-post","status-publish","format-standard","hentry","category-noticias","category-politica","category-local"],"acf":[],"jetpack_publicize_connections":[],"jetpack_featured_media_url":"","jetpack_sharing_enabled":true,"publishpress_future_workflow_manual_trigger":{"enabledWorkflows":[]},"_links":{"self":[{"href":"https:\/\/blogdoeloiltoncajuhy.com.br\/site\/wp-json\/wp\/v2\/posts\/38578","targetHints":{"allow":["GET"]}}],"collection":[{"href":"https:\/\/blogdoeloiltoncajuhy.com.br\/site\/wp-json\/wp\/v2\/posts"}],"about":[{"href":"https:\/\/blogdoeloiltoncajuhy.com.br\/site\/wp-json\/wp\/v2\/types\/post"}],"author":[{"embeddable":true,"href":"https:\/\/blogdoeloiltoncajuhy.com.br\/site\/wp-json\/wp\/v2\/users\/2"}],"replies":[{"embeddable":true,"href":"https:\/\/blogdoeloiltoncajuhy.com.br\/site\/wp-json\/wp\/v2\/comments?post=38578"}],"version-history":[{"count":1,"href":"https:\/\/blogdoeloiltoncajuhy.com.br\/site\/wp-json\/wp\/v2\/posts\/38578\/revisions"}],"predecessor-version":[{"id":38579,"href":"https:\/\/blogdoeloiltoncajuhy.com.br\/site\/wp-json\/wp\/v2\/posts\/38578\/revisions\/38579"}],"wp:attachment":[{"href":"https:\/\/blogdoeloiltoncajuhy.com.br\/site\/wp-json\/wp\/v2\/media?parent=38578"}],"wp:term":[{"taxonomy":"category","embeddable":true,"href":"https:\/\/blogdoeloiltoncajuhy.com.br\/site\/wp-json\/wp\/v2\/categories?post=38578"},{"taxonomy":"post_tag","embeddable":true,"href":"https:\/\/blogdoeloiltoncajuhy.com.br\/site\/wp-json\/wp\/v2\/tags?post=38578"}],"curies":[{"name":"wp","href":"https:\/\/api.w.org\/{rel}","templated":true}]}}