{"id":38569,"date":"2019-11-04T18:42:12","date_gmt":"2019-11-04T21:42:12","guid":{"rendered":"http:\/\/blogdoeloiltoncajuhy.com.br\/site\/?p=38569"},"modified":"2019-11-04T18:42:18","modified_gmt":"2019-11-04T21:42:18","slug":"acm-neto-nao-quer-saber-de-elmar-nascimento-na-presidencia-da-camara-diz-coluna","status":"publish","type":"post","link":"https:\/\/blogdoeloiltoncajuhy.com.br\/site\/acm-neto-nao-quer-saber-de-elmar-nascimento-na-presidencia-da-camara-diz-coluna\/","title":{"rendered":"ACM Neto n\u00e3o quer saber de Elmar Nascimento na Presid\u00eancia da C\u00e2mara, diz coluna"},"content":{"rendered":"\n<p><strong>Bahia Not\u00edcias<\/strong><\/p>\n\n\n\n<div class=\"wp-block-image\"><figure class=\"aligncenter is-resized\"><img data-recalc-dims=\"1\" fetchpriority=\"high\" decoding=\"async\" src=\"https:\/\/i0.wp.com\/blogdoeloiltoncajuhy.com.br\/site\/wp-content\/uploads\/2019\/11\/ElmarNascimento.jpg?resize=428%2C315\" alt=\"\" class=\"wp-image-38570\" width=\"428\" height=\"315\" srcset=\"https:\/\/i0.wp.com\/blogdoeloiltoncajuhy.com.br\/site\/wp-content\/uploads\/2019\/11\/ElmarNascimento.jpg?w=380&amp;ssl=1 380w, https:\/\/i0.wp.com\/blogdoeloiltoncajuhy.com.br\/site\/wp-content\/uploads\/2019\/11\/ElmarNascimento.jpg?resize=300%2C221&amp;ssl=1 300w, https:\/\/i0.wp.com\/blogdoeloiltoncajuhy.com.br\/site\/wp-content\/uploads\/2019\/11\/ElmarNascimento.jpg?resize=250%2C184&amp;ssl=1 250w\" sizes=\"(max-width: 428px) 100vw, 428px\" \/><figcaption><em>Foto: Reprodu\u00e7\u00e3o \/ Ag\u00eancia Brasil<\/em><\/figcaption><\/figure><\/div>\n\n\n\n<p>Presidente do DEM, ACM Neto n\u00e3o gosta nada da ideia de que o deputado federal baiano Elmar Nascimento (DEM) substitua a Rodrigo Maia na presid\u00eancia da C\u00e2mara dos Deputados. De acordo com a coluna Radar, de Veja, Elmar, que \u00e9 um dos melhores amigos de Maia, faria sombra para ACM Neto.<\/p>\n\n\n\n<p>Em entrevista ao jornal Estado de S. Paulo, Elmar revelou o desejo de ser postulante na sucess\u00e3o de Rodrigo Maia (DEM).<\/p>\n\n\n\n<p>Em nota, Neto afirmou ser amigo de Elmar e negou as obje\u00e7\u00f5es. <em>\u201cElmar \u00e9 meu amigo, l\u00edder do partido na C\u00e2mara e um dos mais destacados parlamentares do pa\u00eds. A nota publicada por uma coluna da \u2018Veja\u2019 n\u00e3o tem nenhum fundamento, n\u00e3o se sustenta e foca apenas na intriga\u201d<\/em>, disse o prefeito.<\/p>\n\n\n\n<p><em>\u201cA \u00fanica verdade da publica\u00e7\u00e3o, que n\u00e3o me ouviu em nenhum momento, \u00e9 que mantenho um \u00f3timo relacionamento do Elmar Nascimento e com o deputado Rodrigo Maia\u201d<\/em>, completou o prefeito.<\/p>\n","protected":false},"excerpt":{"rendered":"<p>Bahia Not\u00edcias Presidente do DEM, ACM Neto n\u00e3o gosta nada da ideia de que o deputado federal baiano Elmar Nascimento (DEM) substitua a Rodrigo Maia na presid\u00eancia da C\u00e2mara dos Deputados. De acordo com a coluna Radar, de Veja, Elmar, que \u00e9 um dos melhores amigos de Maia, faria sombra para ACM Neto. Em entrevista [&hellip;]<\/p>\n","protected":false},"author":2,"featured_media":38570,"comment_status":"open","ping_status":"open","sticky":false,"template":"","format":"standard","meta":{"_acf_changed":false,"_monsterinsights_skip_tracking":false,"_monsterinsights_sitenote_active":false,"_monsterinsights_sitenote_note":"","_monsterinsights_sitenote_category":0,"_jetpack_memberships_contains_paid_content":false,"footnotes":"","jetpack_publicize_message":"","jetpack_publicize_feature_enabled":true,"jetpack_social_post_already_shared":true,"jetpack_social_options":{"image_generator_settings":{"template":"highway","default_image_id":0,"font":"","enabled":false},"version":2}},"categories":[1,3],"tags":[],"class_list":["post-38569","post","type-post","status-publish","format-standard","has-post-thumbnail","hentry","category-noticias","category-politica"],"acf":[],"jetpack_publicize_connections":[],"jetpack_featured_media_url":"https:\/\/i0.wp.com\/blogdoeloiltoncajuhy.com.br\/site\/wp-content\/uploads\/2019\/11\/ElmarNascimento.jpg?fit=380%2C280&ssl=1","jetpack_sharing_enabled":true,"publishpress_future_workflow_manual_trigger":{"enabledWorkflows":[]},"_links":{"self":[{"href":"https:\/\/blogdoeloiltoncajuhy.com.br\/site\/wp-json\/wp\/v2\/posts\/38569","targetHints":{"allow":["GET"]}}],"collection":[{"href":"https:\/\/blogdoeloiltoncajuhy.com.br\/site\/wp-json\/wp\/v2\/posts"}],"about":[{"href":"https:\/\/blogdoeloiltoncajuhy.com.br\/site\/wp-json\/wp\/v2\/types\/post"}],"author":[{"embeddable":true,"href":"https:\/\/blogdoeloiltoncajuhy.com.br\/site\/wp-json\/wp\/v2\/users\/2"}],"replies":[{"embeddable":true,"href":"https:\/\/blogdoeloiltoncajuhy.com.br\/site\/wp-json\/wp\/v2\/comments?post=38569"}],"version-history":[{"count":1,"href":"https:\/\/blogdoeloiltoncajuhy.com.br\/site\/wp-json\/wp\/v2\/posts\/38569\/revisions"}],"predecessor-version":[{"id":38571,"href":"https:\/\/blogdoeloiltoncajuhy.com.br\/site\/wp-json\/wp\/v2\/posts\/38569\/revisions\/38571"}],"wp:featuredmedia":[{"embeddable":true,"href":"https:\/\/blogdoeloiltoncajuhy.com.br\/site\/wp-json\/wp\/v2\/media\/38570"}],"wp:attachment":[{"href":"https:\/\/blogdoeloiltoncajuhy.com.br\/site\/wp-json\/wp\/v2\/media?parent=38569"}],"wp:term":[{"taxonomy":"category","embeddable":true,"href":"https:\/\/blogdoeloiltoncajuhy.com.br\/site\/wp-json\/wp\/v2\/categories?post=38569"},{"taxonomy":"post_tag","embeddable":true,"href":"https:\/\/blogdoeloiltoncajuhy.com.br\/site\/wp-json\/wp\/v2\/tags?post=38569"}],"curies":[{"name":"wp","href":"https:\/\/api.w.org\/{rel}","templated":true}]}}