{"id":38565,"date":"2019-11-04T15:41:10","date_gmt":"2019-11-04T18:41:10","guid":{"rendered":"http:\/\/blogdoeloiltoncajuhy.com.br\/site\/?p=38565"},"modified":"2019-11-04T15:41:16","modified_gmt":"2019-11-04T18:41:16","slug":"secretaria-de-educacao-de-jaguarari-emite-nota-sobre-roubo-na-cmei-yeda-barradas-carneiro-e-escola-joao-de-matos","status":"publish","type":"post","link":"https:\/\/blogdoeloiltoncajuhy.com.br\/site\/secretaria-de-educacao-de-jaguarari-emite-nota-sobre-roubo-na-cmei-yeda-barradas-carneiro-e-escola-joao-de-matos\/","title":{"rendered":"Secretaria de Educa\u00e7\u00e3o de Jaguarari emite nota sobre roubo na CMEI Y\u00eada Barradas Carneiro e Escola Jo\u00e3o de Matos"},"content":{"rendered":"\n<p><strong>ASCOM &#8211; Prefeitura de Jaguarari-BA<\/strong><\/p>\n\n\n\n<div class=\"wp-block-image\"><figure class=\"aligncenter is-resized\"><img fetchpriority=\"high\" decoding=\"async\" src=\"https:\/\/i1.wp.com\/blogdoeloiltoncajuhy.com.br\/site\/wp-content\/uploads\/2019\/11\/PMJ_RuboCemei-01.jpg?fit=590%2C787\" alt=\"\" class=\"wp-image-38566\" width=\"295\" height=\"394\" srcset=\"https:\/\/i0.wp.com\/blogdoeloiltoncajuhy.com.br\/site\/wp-content\/uploads\/2019\/11\/PMJ_RuboCemei-01.jpg?w=960&amp;ssl=1 960w, https:\/\/i0.wp.com\/blogdoeloiltoncajuhy.com.br\/site\/wp-content\/uploads\/2019\/11\/PMJ_RuboCemei-01.jpg?resize=225%2C300&amp;ssl=1 225w, https:\/\/i0.wp.com\/blogdoeloiltoncajuhy.com.br\/site\/wp-content\/uploads\/2019\/11\/PMJ_RuboCemei-01.jpg?resize=768%2C1024&amp;ssl=1 768w, https:\/\/i0.wp.com\/blogdoeloiltoncajuhy.com.br\/site\/wp-content\/uploads\/2019\/11\/PMJ_RuboCemei-01.jpg?resize=188%2C250&amp;ssl=1 188w\" sizes=\"(max-width: 295px) 100vw, 295px\" \/><\/figure><\/div>\n\n\n\n<p>A prefeitura de Jaguarari, atrav\u00e9s da Secretaria de Educa\u00e7\u00e3o, vem a publico repudiar o furto ocorrido na CMEI Y\u00eada Barradas Carneiro e na Escola Municipal Jo\u00e3o de Matos no ultimo s\u00e1bado (02). Segundo a dire\u00e7\u00e3o da CMEI, entre os itens furtados est\u00e3o: mem\u00f3ria de computador, extens\u00e3o e a tinta da impressora utilizada na coordena\u00e7\u00e3o.<\/p>\n\n\n\n<p>Um fato estranho \u00e9 que o autor da a\u00e7\u00e3o criminosa n\u00e3o levou objetos com maior valor como televis\u00e3o, caixa amplificada entre outros. Outro fato intrigante \u00e9 que o mesmo pegou a chave do setor de merenda, abiu, mas n\u00e3o levou nada, deixando a chave na porta.<\/p>\n\n\n\n<p>J\u00e1 a dire\u00e7\u00e3o da Escola Municipal Jo\u00e3o de Matos informa que a sala dos professores foi arrombada, porem apenas um monitor de computador foi levado. Os diretores das unidades escolares registraram um Boletim de Ocorr\u00eancia e esperam que a Pol\u00edcia Civil possa esclarecer os fatos ocorridos e responsabilize o autor do ato criminoso. Mais do que causar preju\u00edzos materiais, a a\u00e7\u00e3o criminosa compromete a rotina escolar.<\/p>\n\n\n\n<p>A Prefeitura reafirma o seu compromisso de garantir o ensino de qualidade para todos os seus alunos da rede municipal.<\/p>\n\n\n\n<div class=\"wp-block-image\"><figure class=\"aligncenter is-resized\"><img decoding=\"async\" src=\"https:\/\/i2.wp.com\/blogdoeloiltoncajuhy.com.br\/site\/wp-content\/uploads\/2019\/11\/PMJ_RuboCemei-02.jpg?fit=576%2C1024\" alt=\"\" class=\"wp-image-38567\" width=\"250\" height=\"445\" srcset=\"https:\/\/i0.wp.com\/blogdoeloiltoncajuhy.com.br\/site\/wp-content\/uploads\/2019\/11\/PMJ_RuboCemei-02.jpg?w=720&amp;ssl=1 720w, https:\/\/i0.wp.com\/blogdoeloiltoncajuhy.com.br\/site\/wp-content\/uploads\/2019\/11\/PMJ_RuboCemei-02.jpg?resize=169%2C300&amp;ssl=1 169w, https:\/\/i0.wp.com\/blogdoeloiltoncajuhy.com.br\/site\/wp-content\/uploads\/2019\/11\/PMJ_RuboCemei-02.jpg?resize=576%2C1024&amp;ssl=1 576w, https:\/\/i0.wp.com\/blogdoeloiltoncajuhy.com.br\/site\/wp-content\/uploads\/2019\/11\/PMJ_RuboCemei-02.jpg?resize=141%2C250&amp;ssl=1 141w\" sizes=\"(max-width: 250px) 100vw, 250px\" \/><\/figure><\/div>\n","protected":false},"excerpt":{"rendered":"<p>ASCOM &#8211; Prefeitura de Jaguarari-BA A prefeitura de Jaguarari, atrav\u00e9s da Secretaria de Educa\u00e7\u00e3o, vem a publico repudiar o furto ocorrido na CMEI Y\u00eada Barradas Carneiro e na Escola Municipal Jo\u00e3o de Matos no ultimo s\u00e1bado (02). Segundo a dire\u00e7\u00e3o da CMEI, entre os itens furtados est\u00e3o: mem\u00f3ria de computador, extens\u00e3o e a tinta da [&hellip;]<\/p>\n","protected":false},"author":2,"featured_media":38567,"comment_status":"open","ping_status":"open","sticky":false,"template":"","format":"standard","meta":{"_acf_changed":false,"_monsterinsights_skip_tracking":false,"_monsterinsights_sitenote_active":false,"_monsterinsights_sitenote_note":"","_monsterinsights_sitenote_category":0,"_jetpack_memberships_contains_paid_content":false,"footnotes":"","jetpack_publicize_message":"","jetpack_publicize_feature_enabled":true,"jetpack_social_post_already_shared":true,"jetpack_social_options":{"image_generator_settings":{"template":"highway","default_image_id":0,"font":"","enabled":false},"version":2}},"categories":[1,11],"tags":[],"class_list":["post-38565","post","type-post","status-publish","format-standard","has-post-thumbnail","hentry","category-noticias","category-regional"],"acf":[],"jetpack_publicize_connections":[],"jetpack_featured_media_url":"https:\/\/i0.wp.com\/blogdoeloiltoncajuhy.com.br\/site\/wp-content\/uploads\/2019\/11\/PMJ_RuboCemei-02.jpg?fit=720%2C1280&ssl=1","jetpack_sharing_enabled":true,"publishpress_future_workflow_manual_trigger":{"enabledWorkflows":[]},"_links":{"self":[{"href":"https:\/\/blogdoeloiltoncajuhy.com.br\/site\/wp-json\/wp\/v2\/posts\/38565","targetHints":{"allow":["GET"]}}],"collection":[{"href":"https:\/\/blogdoeloiltoncajuhy.com.br\/site\/wp-json\/wp\/v2\/posts"}],"about":[{"href":"https:\/\/blogdoeloiltoncajuhy.com.br\/site\/wp-json\/wp\/v2\/types\/post"}],"author":[{"embeddable":true,"href":"https:\/\/blogdoeloiltoncajuhy.com.br\/site\/wp-json\/wp\/v2\/users\/2"}],"replies":[{"embeddable":true,"href":"https:\/\/blogdoeloiltoncajuhy.com.br\/site\/wp-json\/wp\/v2\/comments?post=38565"}],"version-history":[{"count":1,"href":"https:\/\/blogdoeloiltoncajuhy.com.br\/site\/wp-json\/wp\/v2\/posts\/38565\/revisions"}],"predecessor-version":[{"id":38568,"href":"https:\/\/blogdoeloiltoncajuhy.com.br\/site\/wp-json\/wp\/v2\/posts\/38565\/revisions\/38568"}],"wp:featuredmedia":[{"embeddable":true,"href":"https:\/\/blogdoeloiltoncajuhy.com.br\/site\/wp-json\/wp\/v2\/media\/38567"}],"wp:attachment":[{"href":"https:\/\/blogdoeloiltoncajuhy.com.br\/site\/wp-json\/wp\/v2\/media?parent=38565"}],"wp:term":[{"taxonomy":"category","embeddable":true,"href":"https:\/\/blogdoeloiltoncajuhy.com.br\/site\/wp-json\/wp\/v2\/categories?post=38565"},{"taxonomy":"post_tag","embeddable":true,"href":"https:\/\/blogdoeloiltoncajuhy.com.br\/site\/wp-json\/wp\/v2\/tags?post=38565"}],"curies":[{"name":"wp","href":"https:\/\/api.w.org\/{rel}","templated":true}]}}