{"id":38555,"date":"2019-11-04T14:41:15","date_gmt":"2019-11-04T17:41:15","guid":{"rendered":"http:\/\/blogdoeloiltoncajuhy.com.br\/site\/?p=38555"},"modified":"2019-11-04T14:41:21","modified_gmt":"2019-11-04T17:41:21","slug":"denuncias-de-racismo-na-bahia-ja-podem-ser-feitas-por-telefone","status":"publish","type":"post","link":"https:\/\/blogdoeloiltoncajuhy.com.br\/site\/denuncias-de-racismo-na-bahia-ja-podem-ser-feitas-por-telefone\/","title":{"rendered":"Den\u00fancias de racismo na Bahia j\u00e1 podem ser feitas por telefone"},"content":{"rendered":"\n<h5 class=\"wp-block-heading\" style=\"text-align:center\"><em>A\u00e7\u00e3o intitulada como &#8220;Todas as Vozes contra o Racismo. Todas as leis contra os racistas&#8221; faz parte do Novembro Negro. Servi\u00e7o est\u00e1 dispon\u00edvel para todas cidades do estado<\/em><\/h5>\n\n\n\n<p><strong>Por G1 BA<\/strong><\/p>\n\n\n\n<div class=\"wp-block-image\"><figure class=\"aligncenter\"><img data-recalc-dims=\"1\" fetchpriority=\"high\" decoding=\"async\" width=\"600\" height=\"400\" src=\"https:\/\/i0.wp.com\/blogdoeloiltoncajuhy.com.br\/site\/wp-content\/uploads\/2019\/11\/CombateRacismo.jpg?resize=600%2C400\" alt=\"\" class=\"wp-image-38556\" srcset=\"https:\/\/i0.wp.com\/blogdoeloiltoncajuhy.com.br\/site\/wp-content\/uploads\/2019\/11\/CombateRacismo.jpg?w=600&amp;ssl=1 600w, https:\/\/i0.wp.com\/blogdoeloiltoncajuhy.com.br\/site\/wp-content\/uploads\/2019\/11\/CombateRacismo.jpg?resize=300%2C200&amp;ssl=1 300w, https:\/\/i0.wp.com\/blogdoeloiltoncajuhy.com.br\/site\/wp-content\/uploads\/2019\/11\/CombateRacismo.jpg?resize=250%2C167&amp;ssl=1 250w\" sizes=\"(max-width: 600px) 100vw, 600px\" \/><figcaption><em>Crimes de racismo podem ser denunciados atrav\u00e9s da internet e tamb\u00e9m pelo telefone \u2014 Foto: Mateus Pereira\/GOVBA<\/em><\/figcaption><\/figure><\/div>\n\n\n\n<p>As pessoas que sofrerem ou presenciarem algum caso de racismo j\u00e1 podem denunciar o crime por telefone. O servi\u00e7o, disponibilizado pela Secretaria de Promo\u00e7\u00e3o da Igualdade Racial (Sepromi), integra o calend\u00e1rio estadual Novembro Negro.<\/p>\n\n\n\n<p>A a\u00e7\u00e3o faz parte da campanha intitulada como <strong><em>&#8220;Todas as Vozes contra o Racismo. Todas as leis contra os racistas&#8221;<\/em><\/strong>, que est\u00e1 dispon\u00edvel desde quinta-feira (31). As den\u00fancias devem ser feitas pelo telefone (71) 3117-7448, de segunda a sexta-feira, das 9h \u00e0s 12h, e tamb\u00e9m das 14h \u00e0s 18h.<\/p>\n\n\n\n<p>Todos os casos registrados por telefone v\u00e3o ser direcionados para o Centro de Refer\u00eancia de Combate ao Racismo e \u00e0 Intoler\u00e2ncia Religiosa Nelson Mandela, respons\u00e1vel por oferecer apoio psicol\u00f3gico, social e jur\u00eddico \u00e0s v\u00edtimas de racismo, al\u00e9m da intoler\u00e2ncia religiosa.<\/p>\n\n\n\n<p>Conforme a Sepromi, apesar de integrar as a\u00e7\u00f5es do Novembro Negro, o servi\u00e7o vai se estender ao longo do ano. A expectativa com a a\u00e7\u00e3o \u00e9 de que a sociedade tamb\u00e9m possa participar do combate ao racismo ao denunciar os casos.<\/p>\n\n\n\n<p>Os casos tamb\u00e9m podem ser registrados presencialmente. Para isso, \u00e9 necess\u00e1rio que a pessoa v\u00e1 at\u00e9 o Centro de Refer\u00eancia de Combate ao Racismo e \u00e0 Intoler\u00e2ncia Religiosa Nelson Mandela, na Avenida Manoel Dias da Silva, na capital baiana.<\/p>\n","protected":false},"excerpt":{"rendered":"<p>A\u00e7\u00e3o intitulada como &#8220;Todas as Vozes contra o Racismo. Todas as leis contra os racistas&#8221; faz parte do Novembro Negro. Servi\u00e7o est\u00e1 dispon\u00edvel para todas cidades do estado Por G1 BA As pessoas que sofrerem ou presenciarem algum caso de racismo j\u00e1 podem denunciar o crime por telefone. O servi\u00e7o, disponibilizado pela Secretaria de Promo\u00e7\u00e3o [&hellip;]<\/p>\n","protected":false},"author":2,"featured_media":38556,"comment_status":"open","ping_status":"open","sticky":false,"template":"","format":"standard","meta":{"_acf_changed":false,"_monsterinsights_skip_tracking":false,"_monsterinsights_sitenote_active":false,"_monsterinsights_sitenote_note":"","_monsterinsights_sitenote_category":0,"_jetpack_memberships_contains_paid_content":false,"footnotes":"","jetpack_publicize_message":"","jetpack_publicize_feature_enabled":true,"jetpack_social_post_already_shared":true,"jetpack_social_options":{"image_generator_settings":{"template":"highway","default_image_id":0,"font":"","enabled":false},"version":2}},"categories":[5,1],"tags":[],"class_list":["post-38555","post","type-post","status-publish","format-standard","has-post-thumbnail","hentry","category-cotidiano","category-noticias"],"acf":[],"jetpack_publicize_connections":[],"jetpack_featured_media_url":"https:\/\/i0.wp.com\/blogdoeloiltoncajuhy.com.br\/site\/wp-content\/uploads\/2019\/11\/CombateRacismo.jpg?fit=600%2C400&ssl=1","jetpack_sharing_enabled":true,"publishpress_future_workflow_manual_trigger":{"enabledWorkflows":[]},"_links":{"self":[{"href":"https:\/\/blogdoeloiltoncajuhy.com.br\/site\/wp-json\/wp\/v2\/posts\/38555","targetHints":{"allow":["GET"]}}],"collection":[{"href":"https:\/\/blogdoeloiltoncajuhy.com.br\/site\/wp-json\/wp\/v2\/posts"}],"about":[{"href":"https:\/\/blogdoeloiltoncajuhy.com.br\/site\/wp-json\/wp\/v2\/types\/post"}],"author":[{"embeddable":true,"href":"https:\/\/blogdoeloiltoncajuhy.com.br\/site\/wp-json\/wp\/v2\/users\/2"}],"replies":[{"embeddable":true,"href":"https:\/\/blogdoeloiltoncajuhy.com.br\/site\/wp-json\/wp\/v2\/comments?post=38555"}],"version-history":[{"count":1,"href":"https:\/\/blogdoeloiltoncajuhy.com.br\/site\/wp-json\/wp\/v2\/posts\/38555\/revisions"}],"predecessor-version":[{"id":38557,"href":"https:\/\/blogdoeloiltoncajuhy.com.br\/site\/wp-json\/wp\/v2\/posts\/38555\/revisions\/38557"}],"wp:featuredmedia":[{"embeddable":true,"href":"https:\/\/blogdoeloiltoncajuhy.com.br\/site\/wp-json\/wp\/v2\/media\/38556"}],"wp:attachment":[{"href":"https:\/\/blogdoeloiltoncajuhy.com.br\/site\/wp-json\/wp\/v2\/media?parent=38555"}],"wp:term":[{"taxonomy":"category","embeddable":true,"href":"https:\/\/blogdoeloiltoncajuhy.com.br\/site\/wp-json\/wp\/v2\/categories?post=38555"},{"taxonomy":"post_tag","embeddable":true,"href":"https:\/\/blogdoeloiltoncajuhy.com.br\/site\/wp-json\/wp\/v2\/tags?post=38555"}],"curies":[{"name":"wp","href":"https:\/\/api.w.org\/{rel}","templated":true}]}}