{"id":38551,"date":"2019-11-04T14:31:26","date_gmt":"2019-11-04T17:31:26","guid":{"rendered":"http:\/\/blogdoeloiltoncajuhy.com.br\/site\/?p=38551"},"modified":"2019-11-04T14:31:32","modified_gmt":"2019-11-04T17:31:32","slug":"prefeitura-de-jaguarari-inicia-acoes-do-novembro-azul-na-sede-do-municipio","status":"publish","type":"post","link":"https:\/\/blogdoeloiltoncajuhy.com.br\/site\/prefeitura-de-jaguarari-inicia-acoes-do-novembro-azul-na-sede-do-municipio\/","title":{"rendered":"Prefeitura de Jaguarari inicia a\u00e7\u00f5es do novembro azul na sede do munic\u00edpio"},"content":{"rendered":"\n<p><strong>ASCOM &#8211; Prefeitura de Jaguarari-BA<\/strong><\/p>\n\n\n\n<div class=\"wp-block-image\"><figure class=\"aligncenter is-resized\"><img fetchpriority=\"high\" decoding=\"async\" src=\"https:\/\/i0.wp.com\/blogdoeloiltoncajuhy.com.br\/site\/wp-content\/uploads\/2019\/11\/PMJ_NovembroAzul-01.jpg?fit=590%2C443\" alt=\"\" class=\"wp-image-38552\" width=\"396\" height=\"297\" srcset=\"https:\/\/i0.wp.com\/blogdoeloiltoncajuhy.com.br\/site\/wp-content\/uploads\/2019\/11\/PMJ_NovembroAzul-01.jpg?w=1152&amp;ssl=1 1152w, https:\/\/i0.wp.com\/blogdoeloiltoncajuhy.com.br\/site\/wp-content\/uploads\/2019\/11\/PMJ_NovembroAzul-01.jpg?resize=300%2C225&amp;ssl=1 300w, https:\/\/i0.wp.com\/blogdoeloiltoncajuhy.com.br\/site\/wp-content\/uploads\/2019\/11\/PMJ_NovembroAzul-01.jpg?resize=768%2C576&amp;ssl=1 768w, https:\/\/i0.wp.com\/blogdoeloiltoncajuhy.com.br\/site\/wp-content\/uploads\/2019\/11\/PMJ_NovembroAzul-01.jpg?resize=1024%2C768&amp;ssl=1 1024w, https:\/\/i0.wp.com\/blogdoeloiltoncajuhy.com.br\/site\/wp-content\/uploads\/2019\/11\/PMJ_NovembroAzul-01.jpg?resize=250%2C188&amp;ssl=1 250w\" sizes=\"(max-width: 396px) 100vw, 396px\" \/><\/figure><\/div>\n\n\n\n<p>Dando inicio as a\u00e7\u00f5es alusivas ao Novembro Azul, a Prefeitura de Jaguarari, atrav\u00e9s da Secretaria de Sa\u00fade, realizou nesta segunda-feira (04), a\u00e7\u00f5es preventivas no combate ao C\u00e2ncer de Pr\u00f3stata, tendo como foco o cuidado com a Sa\u00fade do Homem.<\/p>\n\n\n\n<p>As a\u00e7\u00f5es foram na Unidade de Sa\u00fade da Fam\u00edlia \u2013 1\u00ba Centro, na sede do munic\u00edpio. Os homens que foram at\u00e9 a unidade de sa\u00fade passaram por consultas com o m\u00e9dico urologista, Dr. Ialisson Lino, e realizaram outros procedimentos como aferi\u00e7\u00e3o de press\u00e3o, teste de glicemia e marca\u00e7\u00e3o do exame PSA.<\/p>\n\n\n\n<p>O secret\u00e1rio de Sa\u00fade, Rodrigo Cruz, ressalta que o \u201cNovembro Azul\u201d \u00e9 fundamental para conscientiza\u00e7\u00e3o da popula\u00e7\u00e3o masculina sobre a import\u00e2ncia dos cuidados com a sa\u00fade. <em>\u201cSabemos que os homens costumam buscar menos o atendimento medico do que as mulheres, por isso a import\u00e2ncia da campanha. Quanto mais precocemente a doen\u00e7a for diagnosticada, maiores as chances de cura. Voc\u00ea homem, aproveite o novembro azul, fique atento aos atendimentos e se cuide&#8221;<\/em>, ressalta o secret\u00e1rio.<\/p>\n\n\n\n<div class=\"wp-block-image\"><figure class=\"aligncenter is-resized\"><img decoding=\"async\" src=\"https:\/\/i1.wp.com\/blogdoeloiltoncajuhy.com.br\/site\/wp-content\/uploads\/2019\/11\/PMJ_NovembroAzul-02.jpg?fit=590%2C443\" alt=\"\" class=\"wp-image-38553\" width=\"395\" height=\"296\" srcset=\"https:\/\/i0.wp.com\/blogdoeloiltoncajuhy.com.br\/site\/wp-content\/uploads\/2019\/11\/PMJ_NovembroAzul-02.jpg?w=1152&amp;ssl=1 1152w, https:\/\/i0.wp.com\/blogdoeloiltoncajuhy.com.br\/site\/wp-content\/uploads\/2019\/11\/PMJ_NovembroAzul-02.jpg?resize=300%2C225&amp;ssl=1 300w, https:\/\/i0.wp.com\/blogdoeloiltoncajuhy.com.br\/site\/wp-content\/uploads\/2019\/11\/PMJ_NovembroAzul-02.jpg?resize=768%2C576&amp;ssl=1 768w, https:\/\/i0.wp.com\/blogdoeloiltoncajuhy.com.br\/site\/wp-content\/uploads\/2019\/11\/PMJ_NovembroAzul-02.jpg?resize=1024%2C768&amp;ssl=1 1024w, https:\/\/i0.wp.com\/blogdoeloiltoncajuhy.com.br\/site\/wp-content\/uploads\/2019\/11\/PMJ_NovembroAzul-02.jpg?resize=250%2C188&amp;ssl=1 250w\" sizes=\"(max-width: 395px) 100vw, 395px\" \/><\/figure><\/div>\n\n\n\n<p>O trabalho realizado durante o m\u00eas de novembro consiste na preven\u00e7\u00e3o e orienta\u00e7\u00e3o sobre a import\u00e2ncia de exames regulares e do diagn\u00f3stico precoce, adotando cuidados que previnam a doen\u00e7a que mais afeta a popula\u00e7\u00e3o masculina. Essas a\u00e7\u00f5es ser\u00e3o realizadas em todas as unidades de Sa\u00fade da Fam\u00edlia do munic\u00edpio durante todo m\u00eas de Novembro!<\/p>\n","protected":false},"excerpt":{"rendered":"<p>ASCOM &#8211; Prefeitura de Jaguarari-BA Dando inicio as a\u00e7\u00f5es alusivas ao Novembro Azul, a Prefeitura de Jaguarari, atrav\u00e9s da Secretaria de Sa\u00fade, realizou nesta segunda-feira (04), a\u00e7\u00f5es preventivas no combate ao C\u00e2ncer de Pr\u00f3stata, tendo como foco o cuidado com a Sa\u00fade do Homem. As a\u00e7\u00f5es foram na Unidade de Sa\u00fade da Fam\u00edlia \u2013 1\u00ba [&hellip;]<\/p>\n","protected":false},"author":2,"featured_media":38553,"comment_status":"open","ping_status":"open","sticky":false,"template":"","format":"standard","meta":{"_acf_changed":false,"_monsterinsights_skip_tracking":false,"_monsterinsights_sitenote_active":false,"_monsterinsights_sitenote_note":"","_monsterinsights_sitenote_category":0,"_jetpack_memberships_contains_paid_content":false,"footnotes":"","jetpack_publicize_message":"","jetpack_publicize_feature_enabled":true,"jetpack_social_post_already_shared":true,"jetpack_social_options":{"image_generator_settings":{"template":"highway","default_image_id":0,"font":"","enabled":false},"version":2}},"categories":[1,11,7],"tags":[],"class_list":["post-38551","post","type-post","status-publish","format-standard","has-post-thumbnail","hentry","category-noticias","category-regional","category-saude"],"acf":[],"jetpack_publicize_connections":[],"jetpack_featured_media_url":"https:\/\/i0.wp.com\/blogdoeloiltoncajuhy.com.br\/site\/wp-content\/uploads\/2019\/11\/PMJ_NovembroAzul-02.jpg?fit=1152%2C864&ssl=1","jetpack_sharing_enabled":true,"publishpress_future_workflow_manual_trigger":{"enabledWorkflows":[]},"_links":{"self":[{"href":"https:\/\/blogdoeloiltoncajuhy.com.br\/site\/wp-json\/wp\/v2\/posts\/38551","targetHints":{"allow":["GET"]}}],"collection":[{"href":"https:\/\/blogdoeloiltoncajuhy.com.br\/site\/wp-json\/wp\/v2\/posts"}],"about":[{"href":"https:\/\/blogdoeloiltoncajuhy.com.br\/site\/wp-json\/wp\/v2\/types\/post"}],"author":[{"embeddable":true,"href":"https:\/\/blogdoeloiltoncajuhy.com.br\/site\/wp-json\/wp\/v2\/users\/2"}],"replies":[{"embeddable":true,"href":"https:\/\/blogdoeloiltoncajuhy.com.br\/site\/wp-json\/wp\/v2\/comments?post=38551"}],"version-history":[{"count":1,"href":"https:\/\/blogdoeloiltoncajuhy.com.br\/site\/wp-json\/wp\/v2\/posts\/38551\/revisions"}],"predecessor-version":[{"id":38554,"href":"https:\/\/blogdoeloiltoncajuhy.com.br\/site\/wp-json\/wp\/v2\/posts\/38551\/revisions\/38554"}],"wp:featuredmedia":[{"embeddable":true,"href":"https:\/\/blogdoeloiltoncajuhy.com.br\/site\/wp-json\/wp\/v2\/media\/38553"}],"wp:attachment":[{"href":"https:\/\/blogdoeloiltoncajuhy.com.br\/site\/wp-json\/wp\/v2\/media?parent=38551"}],"wp:term":[{"taxonomy":"category","embeddable":true,"href":"https:\/\/blogdoeloiltoncajuhy.com.br\/site\/wp-json\/wp\/v2\/categories?post=38551"},{"taxonomy":"post_tag","embeddable":true,"href":"https:\/\/blogdoeloiltoncajuhy.com.br\/site\/wp-json\/wp\/v2\/tags?post=38551"}],"curies":[{"name":"wp","href":"https:\/\/api.w.org\/{rel}","templated":true}]}}