{"id":38549,"date":"2019-11-04T09:33:57","date_gmt":"2019-11-04T12:33:57","guid":{"rendered":"http:\/\/blogdoeloiltoncajuhy.com.br\/site\/?p=38549"},"modified":"2019-11-04T09:34:03","modified_gmt":"2019-11-04T12:34:03","slug":"ocorrencias-registradas-pela-pm-de-bonfim-no-fim-de-semana","status":"publish","type":"post","link":"https:\/\/blogdoeloiltoncajuhy.com.br\/site\/ocorrencias-registradas-pela-pm-de-bonfim-no-fim-de-semana\/","title":{"rendered":"Ocorr\u00eancias registradas pela PM de Bonfim no fim de semana"},"content":{"rendered":"\n<p><strong>BLOG DO ELOILTON CAJUHY<\/strong><br>Fonte: 6\u00ba BPM\/Senhor do Bonfim-BA<\/p>\n\n\n\n<div class=\"wp-block-image\"><figure class=\"aligncenter\"><img data-recalc-dims=\"1\" fetchpriority=\"high\" decoding=\"async\" width=\"385\" height=\"270\" src=\"https:\/\/i0.wp.com\/blogdoeloiltoncajuhy.com.br\/site\/wp-content\/uploads\/2015\/12\/pol%C3%ADcia.jpg?resize=385%2C270\" alt=\"\" class=\"wp-image-6606\" srcset=\"https:\/\/i0.wp.com\/blogdoeloiltoncajuhy.com.br\/site\/wp-content\/uploads\/2015\/12\/pol%C3%ADcia.jpg?w=385&amp;ssl=1 385w, https:\/\/i0.wp.com\/blogdoeloiltoncajuhy.com.br\/site\/wp-content\/uploads\/2015\/12\/pol%C3%ADcia.jpg?resize=300%2C210&amp;ssl=1 300w, https:\/\/i0.wp.com\/blogdoeloiltoncajuhy.com.br\/site\/wp-content\/uploads\/2015\/12\/pol%C3%ADcia.jpg?resize=250%2C175&amp;ssl=1 250w\" sizes=\"(max-width: 385px) 100vw, 385px\" \/><\/figure><\/div>\n\n\n\n<p><strong>Moto com restri\u00e7\u00e3o de furto \u00e9 recuperada em Filad\u00e9lfia<\/strong><\/p>\n\n\n\n<p>Por volta das 11h15 de sexta-feira (1\u00ba) a guarni\u00e7\u00e3o de Filad\u00e9lfia apresentou, na delegacia de Policia Civil de Senhor do Bonfim, uma pessoa que encontrava-se em um veiculo tipo Moto Honda Titan KS de cor azul, licen\u00e7a de S\u00e3o Paulo. O referido veiculo apresentava restri\u00e7\u00e3o de furto.<\/p>\n\n\n\n<p><strong>Andarilhos entram em luta corporal<\/strong><\/p>\n\n\n\n<p>No s\u00e1bado 2, por volta das 09h05, a guarni\u00e7\u00e3o da CETO\/T\u00e1tico Urbana se deslocou at\u00e9 a Pra\u00e7a Duque de Caxias, Centro, a fim de atender ocorr\u00eancia de les\u00e3o corporal. Ao chegar no local, a guarni\u00e7\u00e3o manteve contato com populares os quais informaram ter havido vias de fato entre dois andarilhos, onde um desferiu golpes com um garfo no pesco\u00e7o e cabe\u00e7a do outro. A guarni\u00e7\u00e3o conteve o autor e acionou o SAMU a fim de prestar socorro a v\u00edtima. Ambos foram conduzidos a Delegacia de Pol\u00edcia civil para as medidas cab\u00edveis. TCO.<\/p>\n\n\n\n<p>Por volta das 14h18, do dia 2, s\u00e1bado, a guarni\u00e7\u00e3o CETO\/T\u00e1tico Urbana, foi at\u00e9 o residencial \u00c1guas Claras a fim de atender a mais uma ocorr\u00eancia de les\u00e3o corporal. Ao chegar no local, a guarni\u00e7\u00e3o encontrou uma pessoa ferida a golpe de faca. V\u00edtima e agressor foram conduzidos \u00e0 delegacia de pol\u00edcia.<\/p>\n\n\n\n<p><strong>Com ajuda de populares, PM prende indiv\u00edduo que destru\u00eda o patrim\u00f4nio p\u00fablico<\/strong><\/p>\n\n\n\n<p>Por volta das 16h, a CICOM deslocou a Guarni\u00e7\u00e3o CETO para o Povoado de Cachoeirinha para averiguar uma situa\u00e7\u00e3o de um elemento que estava destruindo uma pra\u00e7a. Por\u00e9m o acusado, com a chegada da guarni\u00e7\u00e3o, evadiu-se pelo matagal. J\u00e1 por volta das 19h45, o individuo retornou ao povoado, foi capturado por populares, que chamaram a pol\u00edcia Militar. O elemento foi conduzido a Delegacia onde foi lavrado o TCO.<\/p>\n","protected":false},"excerpt":{"rendered":"<p>BLOG DO ELOILTON CAJUHYFonte: 6\u00ba BPM\/Senhor do Bonfim-BA Moto com restri\u00e7\u00e3o de furto \u00e9 recuperada em Filad\u00e9lfia Por volta das 11h15 de sexta-feira (1\u00ba) a guarni\u00e7\u00e3o de Filad\u00e9lfia apresentou, na delegacia de Policia Civil de Senhor do Bonfim, uma pessoa que encontrava-se em um veiculo tipo Moto Honda Titan KS de cor azul, licen\u00e7a de [&hellip;]<\/p>\n","protected":false},"author":2,"featured_media":0,"comment_status":"open","ping_status":"open","sticky":false,"template":"","format":"standard","meta":{"_acf_changed":false,"_monsterinsights_skip_tracking":false,"_monsterinsights_sitenote_active":false,"_monsterinsights_sitenote_note":"","_monsterinsights_sitenote_category":0,"_jetpack_memberships_contains_paid_content":false,"footnotes":"","jetpack_publicize_message":"","jetpack_publicize_feature_enabled":true,"jetpack_social_post_already_shared":true,"jetpack_social_options":{"image_generator_settings":{"template":"highway","default_image_id":0,"font":"","enabled":false},"version":2}},"categories":[5,1,4],"tags":[],"class_list":["post-38549","post","type-post","status-publish","format-standard","hentry","category-cotidiano","category-noticias","category-local"],"acf":[],"jetpack_publicize_connections":[],"jetpack_featured_media_url":"","jetpack_sharing_enabled":true,"publishpress_future_workflow_manual_trigger":{"enabledWorkflows":[]},"_links":{"self":[{"href":"https:\/\/blogdoeloiltoncajuhy.com.br\/site\/wp-json\/wp\/v2\/posts\/38549","targetHints":{"allow":["GET"]}}],"collection":[{"href":"https:\/\/blogdoeloiltoncajuhy.com.br\/site\/wp-json\/wp\/v2\/posts"}],"about":[{"href":"https:\/\/blogdoeloiltoncajuhy.com.br\/site\/wp-json\/wp\/v2\/types\/post"}],"author":[{"embeddable":true,"href":"https:\/\/blogdoeloiltoncajuhy.com.br\/site\/wp-json\/wp\/v2\/users\/2"}],"replies":[{"embeddable":true,"href":"https:\/\/blogdoeloiltoncajuhy.com.br\/site\/wp-json\/wp\/v2\/comments?post=38549"}],"version-history":[{"count":1,"href":"https:\/\/blogdoeloiltoncajuhy.com.br\/site\/wp-json\/wp\/v2\/posts\/38549\/revisions"}],"predecessor-version":[{"id":38550,"href":"https:\/\/blogdoeloiltoncajuhy.com.br\/site\/wp-json\/wp\/v2\/posts\/38549\/revisions\/38550"}],"wp:attachment":[{"href":"https:\/\/blogdoeloiltoncajuhy.com.br\/site\/wp-json\/wp\/v2\/media?parent=38549"}],"wp:term":[{"taxonomy":"category","embeddable":true,"href":"https:\/\/blogdoeloiltoncajuhy.com.br\/site\/wp-json\/wp\/v2\/categories?post=38549"},{"taxonomy":"post_tag","embeddable":true,"href":"https:\/\/blogdoeloiltoncajuhy.com.br\/site\/wp-json\/wp\/v2\/tags?post=38549"}],"curies":[{"name":"wp","href":"https:\/\/api.w.org\/{rel}","templated":true}]}}