{"id":38545,"date":"2019-11-03T10:51:09","date_gmt":"2019-11-03T13:51:09","guid":{"rendered":"http:\/\/blogdoeloiltoncajuhy.com.br\/site\/?p=38545"},"modified":"2019-11-03T10:51:15","modified_gmt":"2019-11-03T13:51:15","slug":"concursos-13-selecoes-abrem-inscricoes-nesta-segunda-04-para-preencher-mais-de-17-mil-vagas","status":"publish","type":"post","link":"https:\/\/blogdoeloiltoncajuhy.com.br\/site\/concursos-13-selecoes-abrem-inscricoes-nesta-segunda-04-para-preencher-mais-de-17-mil-vagas\/","title":{"rendered":"Concursos: 13 sele\u00e7\u00f5es abrem inscri\u00e7\u00f5es nesta segunda (04) para preencher mais de 1,7 mil vagas"},"content":{"rendered":"\n<h5 class=\"wp-block-heading\" style=\"text-align:center\"><em>H\u00e1 oportunidades para profissionais de todos os n\u00edveis de escolaridade, com postos em 10 estados<\/em><\/h5>\n\n\n\n<p><strong>Por G1<\/strong><\/p>\n\n\n\n<div class=\"wp-block-image\"><figure class=\"aligncenter\"><img data-recalc-dims=\"1\" fetchpriority=\"high\" decoding=\"async\" width=\"600\" height=\"339\" src=\"https:\/\/i0.wp.com\/blogdoeloiltoncajuhy.com.br\/site\/wp-content\/uploads\/2017\/08\/concursos-abertos-e1502031896813.png?resize=600%2C339\" alt=\"\" class=\"wp-image-19311\"\/><\/figure><\/div>\n\n\n\n<p>Nesta segunda-feira (4), 13 concursos p\u00fablicos abrem inscri\u00e7\u00f5es para preencher mais de 1,7 mil vagas. H\u00e1 oportunidades para profissionais de todos os n\u00edveis de escolaridade, com postos em 10 estados.<\/p>\n\n\n\n<p>Al\u00e9m das vagas abertas, h\u00e1 concursos para forma\u00e7\u00e3o de cadastro de reserva \u2013 ou seja, os candidatos aprovados s\u00e3o chamados conforme a abertura de vagas durante a validade do concurso.<\/p>\n\n\n\n<ul class=\"wp-block-list\"><li><a rel=\"noreferrer noopener\" href=\"http:\/\/especiais.g1.globo.com\/economia\/concursos-e-emprego\/lista-de-concursos-publicos-e-vagas-de-emprego\/\" target=\"_blank\"><strong><em>CONFIRA AQUI A LISTA COMPLETA DE CONCURSOS E OPORTUNIDADES<\/em><\/strong><\/a><\/li><\/ul>\n\n\n\n<p>Os sal\u00e1rios chegam a R$ 27.363,98 no Tribunal de Justi\u00e7a do estado de Mato Grosso do Sul (TJ &#8211; MS), que est\u00e1 com 10 vagas abertas para profissionais com n\u00edvel superior de escolaridade. As inscri\u00e7\u00f5es terminam no dia 3 de dezembro, e devem ser feitas no<a href=\"https:\/\/www.concursosfcc.com.br\/concursos\/tjums118\/index.html\" target=\"_blank\" rel=\"noreferrer noopener\">site da organizadora do concurso.<\/a><\/p>\n\n\n\n<p>Somente na Prefeitura de Jata\u00ed (GO), h\u00e1 592 vagas. Os postos s\u00e3o para profissionais com ensino fundamental, m\u00e9dio e superior, e sal\u00e1rios de at\u00e9 R$ 2.865,72. As inscri\u00e7\u00f5es terminam no dia 25 de novembro. Veja mais informa\u00e7\u00f5es no&nbsp;<a href=\"http:\/\/www.quadrix.org.br\/todos-os-concursos\/inscricoes-abertas\/prefeiturajatai.aspx\" target=\"_blank\" rel=\"noreferrer noopener\">site da organizadora<\/a>.<\/p>\n\n\n\n<p>Veja abaixo concursos que abrem inscri\u00e7\u00f5es nesta segunda.<\/p>\n\n\n\n<h2 class=\"wp-block-heading\">Prefeitura de Anto Ant\u00f4nio da Platina (PR)<\/h2>\n\n\n\n<ul class=\"wp-block-list\"><li>Inscri\u00e7\u00f5es at\u00e914\/11\/2019<\/li><li>Vagas: 16<\/li><li>Sal\u00e1rio at\u00e9: R$ 2.000,00<\/li><li>Escolaridade: fundamental, m\u00e9dio e superior<\/li><li><a href=\"http:\/\/www.santoantoniodaplatina.pr.gov.br\/\" target=\"_blank\" rel=\"noreferrer noopener\">Veja mais informa\u00e7\u00f5es<\/a><\/li><\/ul>\n\n\n\n<h2 class=\"wp-block-heading\">Prefeitura de Boa Vista (RR)<\/h2>\n\n\n\n<ul class=\"wp-block-list\"><li>Inscri\u00e7\u00f5es at\u00e9: 05\/12\/2019<\/li><li>Vagas: 446<\/li><li>Sal\u00e1rio at\u00e9: R$ 10.808,75<\/li><li>Escolaridade:m\u00e9dio, t\u00e9cnico e superior<\/li><li><a href=\"https:\/\/selecon.com.br\/concursos\/edital-002-pmbv\/#geral-infopmbv001\" target=\"_blank\" rel=\"noreferrer noopener\">Veja mais informa\u00e7\u00f5es<\/a><\/li><\/ul>\n\n\n\n<h2 class=\"wp-block-heading\">Prefeitura de Boa Vista (RR)<\/h2>\n\n\n\n<ul class=\"wp-block-list\"><li>Inscri\u00e7\u00f5es at\u00e9: 08\/12\/2019<\/li><li>Vagas: 50<\/li><li>Sal\u00e1rio at\u00e9: R$ 1.135,02<\/li><li>Escolaridade:m\u00e9dio<\/li><li><a href=\"https:\/\/selecon.com.br\/concursos\/edital-002-gcmbv\/#geral-infogcmbv001\" target=\"_blank\" rel=\"noreferrer noopener\">Veja mais informa\u00e7\u00f5es<\/a><\/li><\/ul>\n\n\n\n<h2 class=\"wp-block-heading\">Prefeitura de Ita\u00faba (MT)<\/h2>\n\n\n\n<ul class=\"wp-block-list\"><li>Inscri\u00e7\u00f5es at\u00e9: 19\/11\/2019<\/li><li>Vagas: 25<\/li><li>Sal\u00e1rio at\u00e9: R$ 6.597,42<\/li><li>Escolaridade:fundamental, m\u00e9dio e superior<\/li><li><a href=\"https:\/\/g1.globo.com\/mt\/mato-grosso\/concursos-e-emprego\/noticia\/2019\/10\/30\/prefeitura-de-itauba-mt-abre-25-vagas-em-processo-seletivo-com-salario-de-ate-r-65-mil.ghtml\">Veja mais informa\u00e7\u00f5es<\/a><\/li><\/ul>\n\n\n\n<h2 class=\"wp-block-heading\">Prefeitura de Jata\u00ed (GO)<\/h2>\n\n\n\n<ul class=\"wp-block-list\"><li>Inscri\u00e7\u00f5es at\u00e9: 25\/11\/2019<\/li><li>Vagas: 592<\/li><li>Sal\u00e1rio at\u00e9: R$ 2.865,72<\/li><li>Escolaridade:fundamental, m\u00e9dio e superior<\/li><li><a href=\"http:\/\/www.quadrix.org.br\/todos-os-concursos\/inscricoes-abertas\/prefeiturajatai.aspx\" target=\"_blank\" rel=\"noreferrer noopener\">Veja mais informa\u00e7\u00f5es<\/a><\/li><\/ul>\n\n\n\n<h2 class=\"wp-block-heading\">Prefeitura de Juara (MT)<\/h2>\n\n\n\n<ul class=\"wp-block-list\"><li>Inscri\u00e7\u00f5es at\u00e9: 13\/11\/2019<\/li><li>Vagas: 33<\/li><li>Sal\u00e1rio at\u00e9: R$ 2.762,26<\/li><li>Escolaridade:fundamental, m\u00e9dio e superior<\/li><li><a href=\"https:\/\/www.klcconcursos.com.br\/?pag=mco&amp;id=297\" target=\"_blank\" rel=\"noreferrer noopener\">Veja mais informa\u00e7\u00f5es<\/a><\/li><\/ul>\n\n\n\n<h2 class=\"wp-block-heading\"><strong>Prefeitura de Monte Azul (MG)<\/strong><\/h2>\n\n\n\n<ul class=\"wp-block-list\"><li>Inscri\u00e7\u00f5es at\u00e9: 04\/12\/2019<\/li><li>Vagas: 80<\/li><li>Sal\u00e1rio at\u00e9: R$ 1.250,00<\/li><li>Escolaridade:fundamental, m\u00e9dio e superior<\/li><li><a href=\"https:\/\/www.ibgpconcursos.com.br\/concursos\/DetalheConcurso.aspx?id=123\" target=\"_blank\" rel=\"noreferrer noopener\">Veja mais informa\u00e7\u00f5es<\/a><\/li><\/ul>\n\n\n\n<h2 class=\"wp-block-heading\">Prefeitura de Nova Laranjeiras (PR)<\/h2>\n\n\n\n<ul class=\"wp-block-list\"><li>Inscri\u00e7\u00f5es at\u00e9: 21\/11\/2019<\/li><li>Vagas: 32<\/li><li>Sal\u00e1rio at\u00e9: R$ 11.886,28<\/li><li>Escolaridade:fundamental, m\u00e9dio, t\u00e9cnico e superior<\/li><li><a rel=\"noreferrer noopener\" href=\"https:\/\/www.concursosfau.com.br\/novo\/concurso\/PMNL\" target=\"_blank\">Veja mais informa\u00e7\u00f5es<\/a><\/li><\/ul>\n\n\n\n<h2 class=\"wp-block-heading\">Prefeitura de S\u00e3o Lu\u00eds do Curu (CE)<\/h2>\n\n\n\n<ul class=\"wp-block-list\"><li>Inscri\u00e7\u00f5es at\u00e9: 03\/12\/2019<\/li><li>Vagas: 119<\/li><li>Sal\u00e1rio at\u00e9: R$ 10.000,00<\/li><li>Escolaridade:fundamental, m\u00e9dio e superior<\/li><li><a href=\"http:\/\/www.funcepe.com.br\/concursos\/sao-luis-do-curu\/\" target=\"_blank\" rel=\"noreferrer noopener\">Veja mais informa\u00e7\u00f5es<\/a><\/li><\/ul>\n\n\n\n<h2 class=\"wp-block-heading\">Prefeitura de Sombrio (SC)<\/h2>\n\n\n\n<ul class=\"wp-block-list\"><li>Inscri\u00e7\u00f5es at\u00e9: 22\/11\/2019<\/li><li>Vagas: 65<\/li><li>Sal\u00e1rio at\u00e9: R$ 1.347,05<\/li><li>Escolaridade:m\u00e9dio<\/li><li><a href=\"http:\/\/www.psconcursos.com.br\/\" target=\"_blank\" rel=\"noreferrer noopener\">Veja mais informa\u00e7\u00f5es<\/a><\/li><\/ul>\n\n\n\n<h2 class=\"wp-block-heading\">Prefeitura de Vic\u00eancia (PE)<\/h2>\n\n\n\n<ul class=\"wp-block-list\"><li>Inscri\u00e7\u00f5es at\u00e9: 04\/12\/2019<\/li><li>Vagas: 48<\/li><li>Sal\u00e1rio at\u00e9: R$ 2.500,00<\/li><li>Escolaridade:fundamental, m\u00e9dio e superior<\/li><li><a href=\"https:\/\/institutodarwin.org\/concursos\" target=\"_blank\" rel=\"noreferrer noopener\">Veja mais informa\u00e7\u00f5es<\/a><\/li><\/ul>\n\n\n\n<h2 class=\"wp-block-heading\">Secretaria de Estado do Desenvolvimento Humano (SEDH) da Para\u00edba<\/h2>\n\n\n\n<ul class=\"wp-block-list\"><li>Inscri\u00e7\u00f5es at\u00e9: 07\/11\/2019<\/li><li>Vagas: 189<\/li><li>Sal\u00e1rio at\u00e9: R$ 2.000,00<\/li><li>Escolaridade:fundamental, m\u00e9dio e superior<\/li><li><a href=\"https:\/\/portaldacidadania.pb.gov.br\/ConcursoSelecao\/Governo\/Concurso\/ListaConcurso\" target=\"_blank\" rel=\"noreferrer noopener\">Veja mais informa\u00e7\u00f5es<\/a><\/li><\/ul>\n\n\n\n<h2 class=\"wp-block-heading\">Tribunal de Justi\u00e7a do estado de Mato Grosso do Sul (TJ &#8211; MS)<\/h2>\n\n\n\n<ul class=\"wp-block-list\"><li>Inscri\u00e7\u00f5es at\u00e9: 03\/12\/2019<\/li><li>Vagas: 10<\/li><li>Sal\u00e1rio at\u00e9: R$ 27.363,98<\/li><li>Escolaridade:superior<\/li><li><a href=\"https:\/\/www.concursosfcc.com.br\/concursos\/tjums118\/index.html\" target=\"_blank\" rel=\"noreferrer noopener\">Veja mais informa\u00e7\u00f5es<\/a><\/li><\/ul>\n","protected":false},"excerpt":{"rendered":"<p>H\u00e1 oportunidades para profissionais de todos os n\u00edveis de escolaridade, com postos em 10 estados Por G1 Nesta segunda-feira (4), 13 concursos p\u00fablicos abrem inscri\u00e7\u00f5es para preencher mais de 1,7 mil vagas. H\u00e1 oportunidades para profissionais de todos os n\u00edveis de escolaridade, com postos em 10 estados. Al\u00e9m das vagas abertas, h\u00e1 concursos para forma\u00e7\u00e3o [&hellip;]<\/p>\n","protected":false},"author":2,"featured_media":0,"comment_status":"open","ping_status":"open","sticky":false,"template":"","format":"standard","meta":{"_acf_changed":false,"_monsterinsights_skip_tracking":false,"_monsterinsights_sitenote_active":false,"_monsterinsights_sitenote_note":"","_monsterinsights_sitenote_category":0,"_jetpack_memberships_contains_paid_content":false,"footnotes":"","jetpack_publicize_message":"","jetpack_publicize_feature_enabled":true,"jetpack_social_post_already_shared":true,"jetpack_social_options":{"image_generator_settings":{"template":"highway","default_image_id":0,"font":"","enabled":false},"version":2}},"categories":[5,1],"tags":[],"class_list":["post-38545","post","type-post","status-publish","format-standard","hentry","category-cotidiano","category-noticias"],"acf":[],"jetpack_publicize_connections":[],"jetpack_featured_media_url":"","jetpack_sharing_enabled":true,"publishpress_future_workflow_manual_trigger":{"enabledWorkflows":[]},"_links":{"self":[{"href":"https:\/\/blogdoeloiltoncajuhy.com.br\/site\/wp-json\/wp\/v2\/posts\/38545","targetHints":{"allow":["GET"]}}],"collection":[{"href":"https:\/\/blogdoeloiltoncajuhy.com.br\/site\/wp-json\/wp\/v2\/posts"}],"about":[{"href":"https:\/\/blogdoeloiltoncajuhy.com.br\/site\/wp-json\/wp\/v2\/types\/post"}],"author":[{"embeddable":true,"href":"https:\/\/blogdoeloiltoncajuhy.com.br\/site\/wp-json\/wp\/v2\/users\/2"}],"replies":[{"embeddable":true,"href":"https:\/\/blogdoeloiltoncajuhy.com.br\/site\/wp-json\/wp\/v2\/comments?post=38545"}],"version-history":[{"count":1,"href":"https:\/\/blogdoeloiltoncajuhy.com.br\/site\/wp-json\/wp\/v2\/posts\/38545\/revisions"}],"predecessor-version":[{"id":38546,"href":"https:\/\/blogdoeloiltoncajuhy.com.br\/site\/wp-json\/wp\/v2\/posts\/38545\/revisions\/38546"}],"wp:attachment":[{"href":"https:\/\/blogdoeloiltoncajuhy.com.br\/site\/wp-json\/wp\/v2\/media?parent=38545"}],"wp:term":[{"taxonomy":"category","embeddable":true,"href":"https:\/\/blogdoeloiltoncajuhy.com.br\/site\/wp-json\/wp\/v2\/categories?post=38545"},{"taxonomy":"post_tag","embeddable":true,"href":"https:\/\/blogdoeloiltoncajuhy.com.br\/site\/wp-json\/wp\/v2\/tags?post=38545"}],"curies":[{"name":"wp","href":"https:\/\/api.w.org\/{rel}","templated":true}]}}