{"id":3854,"date":"2015-09-08T18:36:02","date_gmt":"2015-09-08T21:36:02","guid":{"rendered":"http:\/\/blogdoeloiltoncajuhy.com.br\/site\/?p=3854"},"modified":"2015-09-08T18:36:02","modified_gmt":"2015-09-08T21:36:02","slug":"prf-aponta-reducao-de-8642-no-numero-de-mortes-em-acidentes-nas-rodovias-federais-baianas-durante-o-feriadao","status":"publish","type":"post","link":"https:\/\/blogdoeloiltoncajuhy.com.br\/site\/prf-aponta-reducao-de-8642-no-numero-de-mortes-em-acidentes-nas-rodovias-federais-baianas-durante-o-feriadao\/","title":{"rendered":"PRF aponta redu\u00e7\u00e3o de 86,42% no n\u00famero de mortes em acidentes nas rodovias federais baianas durante o feriad\u00e3o"},"content":{"rendered":"<p><a href=\"https:\/\/i0.wp.com\/blogdoeloiltoncajuhy.com.br\/site\/wp-content\/uploads\/2015\/09\/PRF3.jpg\"><img data-recalc-dims=\"1\" fetchpriority=\"high\" decoding=\"async\" class=\"wp-image-3857 size-medium alignleft\" src=\"https:\/\/i0.wp.com\/blogdoeloiltoncajuhy.com.br\/site\/wp-content\/uploads\/2015\/09\/PRF3.jpg?resize=300%2C225\" alt=\"PRF3\" width=\"300\" height=\"225\" srcset=\"https:\/\/i0.wp.com\/blogdoeloiltoncajuhy.com.br\/site\/wp-content\/uploads\/2015\/09\/PRF3.jpg?resize=300%2C225&amp;ssl=1 300w, https:\/\/i0.wp.com\/blogdoeloiltoncajuhy.com.br\/site\/wp-content\/uploads\/2015\/09\/PRF3.jpg?resize=1024%2C768&amp;ssl=1 1024w, https:\/\/i0.wp.com\/blogdoeloiltoncajuhy.com.br\/site\/wp-content\/uploads\/2015\/09\/PRF3.jpg?resize=250%2C188&amp;ssl=1 250w, https:\/\/i0.wp.com\/blogdoeloiltoncajuhy.com.br\/site\/wp-content\/uploads\/2015\/09\/PRF3.jpg?w=1600&amp;ssl=1 1600w\" sizes=\"(max-width: 300px) 100vw, 300px\" \/><\/a>A Superintend\u00eancia de Pol\u00edcia Rodovi\u00e1ria Federal na Bahia encerrou \u00e0 meia-noite desta segunda-feira (07), a Opera\u00e7\u00e3o Independ\u00eancia 2015, obtendo <strong>redu\u00e7\u00e3o de 53,88% em n\u00fameros de acidentes, queda de 56,71% em quantidade de pessoas que ficaram feridas e redu\u00e7\u00e3o de 86,42% de pessoas que morreram em todo estado, comparando com o mesmo per\u00edodo em 2014. <\/strong><\/p>\n<p>Durante os quatro dias desta Opera\u00e7\u00e3o a PRF fiscalizou <strong>9.286 ve\u00edculos e 10.173 pessoas que foram abordadas e identificadas. <\/strong>Apesar de todo o trabalho, a PRF ainda flagrou e autuou diversos condutores irrespons\u00e1veis ou agindo com imprud\u00eancia nas rodovias federais do estado<strong>,<\/strong> sendo extra\u00eddas um total de <strong>2.345 autua\u00e7\u00f5es<\/strong>, dentre as quais: <strong>792 por ultrapassagens proibidas<\/strong>, <strong>229 por condutores ou passageiros sem usar o cinto<\/strong> de seguran\u00e7a, somando-se ainda <strong>989 imagens<\/strong> de radar capturadas por ve\u00edculos com excesso de velocidade.<\/p>\n<p><a href=\"https:\/\/i0.wp.com\/blogdoeloiltoncajuhy.com.br\/site\/wp-content\/uploads\/2015\/09\/PRF2.jpg\"><img data-recalc-dims=\"1\" decoding=\"async\" class=\"wp-image-3856 size-medium alignright\" src=\"https:\/\/i0.wp.com\/blogdoeloiltoncajuhy.com.br\/site\/wp-content\/uploads\/2015\/09\/PRF2.jpg?resize=225%2C300\" alt=\"PRF2\" width=\"225\" height=\"300\" srcset=\"https:\/\/i0.wp.com\/blogdoeloiltoncajuhy.com.br\/site\/wp-content\/uploads\/2015\/09\/PRF2.jpg?resize=225%2C300&amp;ssl=1 225w, https:\/\/i0.wp.com\/blogdoeloiltoncajuhy.com.br\/site\/wp-content\/uploads\/2015\/09\/PRF2.jpg?resize=768%2C1024&amp;ssl=1 768w, https:\/\/i0.wp.com\/blogdoeloiltoncajuhy.com.br\/site\/wp-content\/uploads\/2015\/09\/PRF2.jpg?resize=188%2C250&amp;ssl=1 188w, https:\/\/i0.wp.com\/blogdoeloiltoncajuhy.com.br\/site\/wp-content\/uploads\/2015\/09\/PRF2.jpg?w=1200&amp;ssl=1 1200w\" sizes=\"(max-width: 225px) 100vw, 225px\" \/><\/a>Dentre as a\u00e7\u00f5es educativas destaca-se o <strong>Cinema Rodovi\u00e1rio que desenvolveu a\u00e7\u00f5es nas rodovias federais,<\/strong> atrav\u00e9s de v\u00eddeos educativos e palestras, orientando<strong> 2.396 pessoas<\/strong> a<strong> terem uma postura defensiva em rela\u00e7\u00e3o ao tr\u00e2nsito, <\/strong>principalmente quanto \u00e0 dire\u00e7\u00e3o segura.<\/p>\n<p><strong>PRF x Embriaguez no Tr\u00e2nsito \u2013 Lei Seca: <\/strong>Este ano, durante a opera\u00e7\u00e3o, dos<strong> 3.245 t<\/strong><strong>estes com etil\u00f4metro, 56 condutores<\/strong> foram notificados <strong>por dirigirem alcoolizados<\/strong>, infra\u00e7\u00e3o grav\u00edssima, com multa de R$ 1.915,40. Dos flagrados, <strong>cinco condutores foram encaminhados \u00e0 delegacia de pol\u00edcia judici\u00e1ria por crime de embriaguez no tr\u00e2nsito<\/strong> (artigos 165 e 306 do CTB, al\u00e9m da lei 11.705\/2008 e Lei 12.760\/2012).<\/p>\n<p>Somente nesses quatro dias de opera\u00e7\u00e3o, d<strong>urante as abordagens policiais, a PRF encaminhou \u00e0s respectivas delegacias de pol\u00edcia judici\u00e1ria, 27 pessoas, por crimes <\/strong>que variaram desde mandado de pris\u00e3o em aberto, posse de ve\u00edculos roubados, crimes de tr\u00e2nsito, porte ilegal de\u00a0 armas e drogas, assalto \u00e0 \u00f4nibus, crimes ambientais\u00a0 etc.<\/p>\n<p><em><a href=\"https:\/\/i0.wp.com\/blogdoeloiltoncajuhy.com.br\/site\/wp-content\/uploads\/2015\/09\/PRF1.jpg\"><img data-recalc-dims=\"1\" decoding=\"async\" class=\"aligncenter size-full wp-image-3855\" src=\"https:\/\/i0.wp.com\/blogdoeloiltoncajuhy.com.br\/site\/wp-content\/uploads\/2015\/09\/PRF1.jpg?resize=480%2C320\" alt=\"PRF1\" width=\"480\" height=\"320\" \/><\/a>*Ascom PRF<\/em><\/p>\n","protected":false},"excerpt":{"rendered":"<p>A Superintend\u00eancia de Pol\u00edcia Rodovi\u00e1ria Federal na Bahia encerrou \u00e0 meia-noite desta segunda-feira (07), a Opera\u00e7\u00e3o Independ\u00eancia 2015, obtendo redu\u00e7\u00e3o de 53,88% em n\u00fameros de acidentes, queda de 56,71% em quantidade de pessoas que ficaram feridas e redu\u00e7\u00e3o de 86,42% de pessoas que morreram em todo estado, comparando com o mesmo per\u00edodo em 2014. Durante [&hellip;]<\/p>\n","protected":false},"author":2,"featured_media":3857,"comment_status":"open","ping_status":"open","sticky":false,"template":"","format":"standard","meta":{"_acf_changed":false,"_monsterinsights_skip_tracking":false,"_monsterinsights_sitenote_active":false,"_monsterinsights_sitenote_note":"","_monsterinsights_sitenote_category":0,"_jetpack_memberships_contains_paid_content":false,"footnotes":"","jetpack_publicize_message":"","jetpack_publicize_feature_enabled":true,"jetpack_social_post_already_shared":true,"jetpack_social_options":{"image_generator_settings":{"template":"highway","default_image_id":0,"font":"","enabled":false},"version":2}},"categories":[5,1],"tags":[],"class_list":["post-3854","post","type-post","status-publish","format-standard","has-post-thumbnail","hentry","category-cotidiano","category-noticias"],"acf":[],"jetpack_publicize_connections":[],"jetpack_featured_media_url":"https:\/\/i0.wp.com\/blogdoeloiltoncajuhy.com.br\/site\/wp-content\/uploads\/2015\/09\/PRF3.jpg?fit=1600%2C1200&ssl=1","jetpack_sharing_enabled":true,"publishpress_future_workflow_manual_trigger":{"enabledWorkflows":[]},"_links":{"self":[{"href":"https:\/\/blogdoeloiltoncajuhy.com.br\/site\/wp-json\/wp\/v2\/posts\/3854","targetHints":{"allow":["GET"]}}],"collection":[{"href":"https:\/\/blogdoeloiltoncajuhy.com.br\/site\/wp-json\/wp\/v2\/posts"}],"about":[{"href":"https:\/\/blogdoeloiltoncajuhy.com.br\/site\/wp-json\/wp\/v2\/types\/post"}],"author":[{"embeddable":true,"href":"https:\/\/blogdoeloiltoncajuhy.com.br\/site\/wp-json\/wp\/v2\/users\/2"}],"replies":[{"embeddable":true,"href":"https:\/\/blogdoeloiltoncajuhy.com.br\/site\/wp-json\/wp\/v2\/comments?post=3854"}],"version-history":[{"count":1,"href":"https:\/\/blogdoeloiltoncajuhy.com.br\/site\/wp-json\/wp\/v2\/posts\/3854\/revisions"}],"predecessor-version":[{"id":3858,"href":"https:\/\/blogdoeloiltoncajuhy.com.br\/site\/wp-json\/wp\/v2\/posts\/3854\/revisions\/3858"}],"wp:featuredmedia":[{"embeddable":true,"href":"https:\/\/blogdoeloiltoncajuhy.com.br\/site\/wp-json\/wp\/v2\/media\/3857"}],"wp:attachment":[{"href":"https:\/\/blogdoeloiltoncajuhy.com.br\/site\/wp-json\/wp\/v2\/media?parent=3854"}],"wp:term":[{"taxonomy":"category","embeddable":true,"href":"https:\/\/blogdoeloiltoncajuhy.com.br\/site\/wp-json\/wp\/v2\/categories?post=3854"},{"taxonomy":"post_tag","embeddable":true,"href":"https:\/\/blogdoeloiltoncajuhy.com.br\/site\/wp-json\/wp\/v2\/tags?post=3854"}],"curies":[{"name":"wp","href":"https:\/\/api.w.org\/{rel}","templated":true}]}}