{"id":38539,"date":"2019-11-03T10:35:59","date_gmt":"2019-11-03T13:35:59","guid":{"rendered":"http:\/\/blogdoeloiltoncajuhy.com.br\/site\/?p=38539"},"modified":"2019-11-03T10:36:06","modified_gmt":"2019-11-03T13:36:06","slug":"familiares-de-idosa-com-118-anos-na-ba-tentam-inclusao-no-livro-dos-recordes-minha-caneta-foi-uma-enxada-diz-a-centenaria","status":"publish","type":"post","link":"https:\/\/blogdoeloiltoncajuhy.com.br\/site\/familiares-de-idosa-com-118-anos-na-ba-tentam-inclusao-no-livro-dos-recordes-minha-caneta-foi-uma-enxada-diz-a-centenaria\/","title":{"rendered":"Familiares de idosa com 118 anos na BA tentam inclus\u00e3o no Livro dos Recordes: &#8216;Minha caneta foi uma enxada&#8217;, diz a centen\u00e1ria"},"content":{"rendered":"\n<h5 class=\"wp-block-heading\" style=\"text-align:center\"><em>Maria S\u00e3o Pedro Concei\u00e7\u00e3o nasceu no primeiro ano do s\u00e9culo XX, em 1901, e ainda foi escravizada mesmo ap\u00f3s a assinatura da Lei \u00c1urea, em 13 de maio de 1888<\/em><\/h5>\n\n\n\n<p><strong>Por Jo\u00e3o Souza, G1 BA<\/strong><\/p>\n\n\n\n<div class=\"wp-block-image\"><figure class=\"aligncenter\"><img fetchpriority=\"high\" decoding=\"async\" width=\"1344\" height=\"1008\" src=\"https:\/\/i2.wp.com\/blogdoeloiltoncajuhy.com.br\/site\/wp-content\/uploads\/2019\/11\/DonaMariaConcei\u00e7\u00e3o.jpeg?fit=590%2C443\" alt=\"\" class=\"wp-image-38540\" srcset=\"https:\/\/i0.wp.com\/blogdoeloiltoncajuhy.com.br\/site\/wp-content\/uploads\/2019\/11\/DonaMariaConcei%C3%A7%C3%A3o.jpeg?w=1344&amp;ssl=1 1344w, https:\/\/i0.wp.com\/blogdoeloiltoncajuhy.com.br\/site\/wp-content\/uploads\/2019\/11\/DonaMariaConcei%C3%A7%C3%A3o.jpeg?resize=300%2C225&amp;ssl=1 300w, https:\/\/i0.wp.com\/blogdoeloiltoncajuhy.com.br\/site\/wp-content\/uploads\/2019\/11\/DonaMariaConcei%C3%A7%C3%A3o.jpeg?resize=768%2C576&amp;ssl=1 768w, https:\/\/i0.wp.com\/blogdoeloiltoncajuhy.com.br\/site\/wp-content\/uploads\/2019\/11\/DonaMariaConcei%C3%A7%C3%A3o.jpeg?resize=1024%2C768&amp;ssl=1 1024w, https:\/\/i0.wp.com\/blogdoeloiltoncajuhy.com.br\/site\/wp-content\/uploads\/2019\/11\/DonaMariaConcei%C3%A7%C3%A3o.jpeg?resize=250%2C188&amp;ssl=1 250w\" sizes=\"(max-width: 800px) 100vw, 800px\" \/><figcaption><em>Maria S\u00e3o Pedro Concei\u00e7\u00e3o tem 118 anos e mora no distrito de Jabequara, em S\u00e3o Francisco do Conde \u2014 Foto: Jo\u00e3o Souza\/G1<\/em><\/figcaption><\/figure><\/div>\n\n\n\n<p>Uma moradora da cidade de S\u00e3o Francisco do Conde, regi\u00e3o metropolitana de Salvador, completou 118 anos de vida em agosto deste ano. Os familiares de <strong>Maria S\u00e3o Pedro Concei\u00e7\u00e3o<\/strong>, que nasceu no primeiro ano do s\u00e9culo XX, em 1901, dizem que est\u00e3o tentando levantar informa\u00e7\u00f5es sobre como enviar a hist\u00f3ria dela para o Guinness Book.<\/p>\n\n\n\n<p>Na \u00faltima edi\u00e7\u00e3o da publica\u00e7\u00e3o, o t\u00edtulo de pessoa mais velha do mundo est\u00e1 com uma japonesa de 116 anos.<\/p>\n\n\n\n<p><em>&#8220;A gente est\u00e1 tentando descobrir como mandar a hist\u00f3ria da minha v\u00f3 para o livro dos recordes. Estamos vendo ainda, a japonesa n\u00e3o \u00e9 a mais velha, porque Dona Maria tem 118 anos. A velha \u00e9 centen\u00e1ria&#8221;<\/em>, contou Gis\u00e9lia Concei\u00e7\u00e3o, neta da idosa.<\/p>\n\n\n\n<p>Devido \u00e0 idade, a idosa tem dificuldades de locomo\u00e7\u00e3o e passa a maior parte do dia sentada em uma cadeira de rodas ou deitada. Maria S\u00e3o Pedro perdeu a fala em mar\u00e7o deste ano, mas continua l\u00facida, rindo quando ouve as hist\u00f3rias da fam\u00edlia. Rodeada de filhos e netos, Dona Maria, como \u00e9 conhecida, costuma ter a visita de pelo menos 10 familiares por dia dentro da pequena casa onde mora.<\/p>\n\n\n\n<p><em>\u201cDoen\u00e7a ela n\u00e3o tem. Ela ficou debilitada porque ela sofreu um derrame quando ela tinha 103 anos. Ela caiu quando estava capinando o quintal daqui de casa, mas ela caiu e entrou em casa dizendo que sentiu tonta, a gente n\u00e3o percebeu que era algo mais s\u00e9rio\u201d<\/em>, disse Gis\u00e9lia Concei\u00e7\u00e3o.<\/p>\n\n\n\n<div class=\"wp-block-image\"><figure class=\"aligncenter\"><img decoding=\"async\" width=\"1344\" height=\"1008\" src=\"https:\/\/i1.wp.com\/blogdoeloiltoncajuhy.com.br\/site\/wp-content\/uploads\/2019\/11\/DonaMariaConcei\u00e7\u00e3oFamilia.jpeg?fit=590%2C443\" alt=\"\" class=\"wp-image-38541\" srcset=\"https:\/\/i0.wp.com\/blogdoeloiltoncajuhy.com.br\/site\/wp-content\/uploads\/2019\/11\/DonaMariaConcei%C3%A7%C3%A3oFamilia.jpeg?w=1344&amp;ssl=1 1344w, https:\/\/i0.wp.com\/blogdoeloiltoncajuhy.com.br\/site\/wp-content\/uploads\/2019\/11\/DonaMariaConcei%C3%A7%C3%A3oFamilia.jpeg?resize=300%2C225&amp;ssl=1 300w, https:\/\/i0.wp.com\/blogdoeloiltoncajuhy.com.br\/site\/wp-content\/uploads\/2019\/11\/DonaMariaConcei%C3%A7%C3%A3oFamilia.jpeg?resize=768%2C576&amp;ssl=1 768w, https:\/\/i0.wp.com\/blogdoeloiltoncajuhy.com.br\/site\/wp-content\/uploads\/2019\/11\/DonaMariaConcei%C3%A7%C3%A3oFamilia.jpeg?resize=1024%2C768&amp;ssl=1 1024w, https:\/\/i0.wp.com\/blogdoeloiltoncajuhy.com.br\/site\/wp-content\/uploads\/2019\/11\/DonaMariaConcei%C3%A7%C3%A3oFamilia.jpeg?resize=250%2C188&amp;ssl=1 250w\" sizes=\"(max-width: 800px) 100vw, 800px\" \/><figcaption><em>Idosa de 118 anos mora com a fam\u00edlia em S\u00e3o Francisco do Conde \u2014 Foto: Jo\u00e3o Souza\/G1<\/em><\/figcaption><\/figure><\/div>\n\n\n\n<p><em>\u201cMinha m\u00e3e trabalhava e minha v\u00f3 que ficava com a gente. Ela sempre cuidou da gente muito bem, se eu pudesse fazer mais por ela hoje eu faria, mas eu n\u00e3o posso porque tem coisas que \u00e9 da idade mesmo e a gente se sente apertado, porque a gente queria mesmo era suprir essa necessidade dela\u201d<\/em>, disse.<\/p>\n\n\n\n<p>O estado de Dona Maria deixa todos da fam\u00edlia comovidos. Os familiares se revezam para dar banho e comida para a idosa.<\/p>\n\n\n\n<p><em>\u201cEu sinto muitas vezes que \u00e9 dolorido, pela idade que ela tem. Eu at\u00e9 me emociono quando vejo ela deitada. Eu sei que s\u00e3o as condi\u00e7\u00f5es. H\u00e1 seis meses quando ela ainda falava eu chegava e dizia &#8216;Velha, est\u00e1 bom ficar deitada a\u00ed? Est\u00e1 n\u00e3o minha filha, j\u00e1 queria ir&#8217;<\/em>.<\/p>\n\n\n\n<p>De acordo com familiares, Maria S\u00e3o Pedro nasceu na cidade de S\u00e3o Sebasti\u00e3o do Pass\u00e9 e trabalhou at\u00e9 os 17 anos em uma fazenda no munic\u00edpio de Lamar\u00e3o. A idosa trabalhou em casas de farinha, planta\u00e7\u00e3o e cuidando dos filhos de fazendeiros, ainda como escravizada, mesmo ap\u00f3s a assinatura da Lei \u00c1urea, em 13 de maio de 1888.<\/p>\n\n\n\n<p><em>\u201cMinha m\u00e3e sempre dizia que a vida dela foi sofrida, sempre trabalhou na casa dos senhores, trabalhava em ro\u00e7a, em coisas pesadas. Ela falava que trabalhava fazendo farinha, fazendo carv\u00e3o, pisava em brasa. Mostrava o solado dos p\u00e9s pretos e contava que era daquela cor porque ela sempre pisava nas brasas&#8221;<\/em>, disse a filha da idosa, Am\u00e1lia Concei\u00e7\u00e3o.<\/p>\n\n\n\n<p>A idosa deixou a cidade de Lamar\u00e3o depois da fam\u00edlia ter viabilizado seu casamento com Jos\u00e9 Aniseto dos Anjos, com quem ficou casada por quase 90 anos.<\/p>\n\n\n\n<div class=\"wp-block-image\"><figure class=\"aligncenter\"><img decoding=\"async\" width=\"1344\" height=\"756\" src=\"https:\/\/i0.wp.com\/blogdoeloiltoncajuhy.com.br\/site\/wp-content\/uploads\/2019\/11\/DonaMariaConcei\u00e7\u00e3oRG.jpg?fit=590%2C332\" alt=\"\" class=\"wp-image-38542\" srcset=\"https:\/\/i0.wp.com\/blogdoeloiltoncajuhy.com.br\/site\/wp-content\/uploads\/2019\/11\/DonaMariaConcei%C3%A7%C3%A3oRG.jpg?w=1344&amp;ssl=1 1344w, https:\/\/i0.wp.com\/blogdoeloiltoncajuhy.com.br\/site\/wp-content\/uploads\/2019\/11\/DonaMariaConcei%C3%A7%C3%A3oRG.jpg?resize=300%2C169&amp;ssl=1 300w, https:\/\/i0.wp.com\/blogdoeloiltoncajuhy.com.br\/site\/wp-content\/uploads\/2019\/11\/DonaMariaConcei%C3%A7%C3%A3oRG.jpg?resize=768%2C432&amp;ssl=1 768w, https:\/\/i0.wp.com\/blogdoeloiltoncajuhy.com.br\/site\/wp-content\/uploads\/2019\/11\/DonaMariaConcei%C3%A7%C3%A3oRG.jpg?resize=1024%2C576&amp;ssl=1 1024w, https:\/\/i0.wp.com\/blogdoeloiltoncajuhy.com.br\/site\/wp-content\/uploads\/2019\/11\/DonaMariaConcei%C3%A7%C3%A3oRG.jpg?resize=250%2C141&amp;ssl=1 250w\" sizes=\"(max-width: 800px) 100vw, 800px\" \/><figcaption><em>Maria S\u00e3o Pedro nasceu em 1901 \u2014 Foto: Jo\u00e3o Souza\/G1<\/em><\/figcaption><\/figure><\/div>\n\n\n\n<p>Apesar de ter passado por momentos dif\u00edceis quando foi escravizada mesmo ap\u00f3s a aboli\u00e7\u00e3o, ainda segundo a neta de Dona Maria, a idosa sempre contou a hist\u00f3ria dela com muito orgulho.<\/p>\n\n\n\n<p><em>&#8220;Ela sempre falou que por mais que as coisas tenham sido dif\u00edceis, ela tinha o sorriso no rosto porque conseguiu criar todos os filhos, ajudou a cuidar todos os netos e ainda viu os bisnetos, tataranetos e por a\u00ed vai&#8221;<\/em>. Maria S\u00e3o Pedro ainda frequentava a casa dos idosos de Candeias, onde dan\u00e7ava samba e sapateado, depois de completar 100 anos.<\/p>\n\n\n\n<p><em>&#8220;H\u00e1 oito meses voc\u00ea via ela e s\u00f3 enxergava alegria. Uma idosa que andava, sapateava, sambava, bebia. Ela est\u00e1 l\u00facida, n\u00e3o consegue falar mais, mas ela entende quando falamos com ela e ela sorri. Ela gosta muito de um vinho, \u00e0s vezes a gente d\u00e1 a ela um gole para ela sentir o gosto da vida e saber que ela ainda est\u00e1 com a gente\u201d<\/em>, contou Dona Am\u00e1lia.<\/p>\n\n\n\n<p>O maior ensinamento que Maria S\u00e3o Pedro deixou enquanto falava para os netos \u00e9 o do esfor\u00e7o nos estudos. Todos contam que a idosa sempre fez o comparativo entre a caneta e a enxada, objeto que marcou a inf\u00e2ncia e adolesc\u00eancia dela, para motiv\u00e1-los a conquistar melhores condi\u00e7\u00f5es de vida.<\/p>\n\n\n\n<p><em>\u201cVoc\u00eas t\u00eam a caneta e eu n\u00e3o tive. Minha caneta foi uma enxada, minha caneta foi cozinhar e fazer as coisas para os filhos do meu patr\u00e3o. O que voc\u00eas tiveram eu n\u00e3o tive\u201d<\/em>, dizia Dona Maria, segundo a neta da idosa. A fam\u00edlia de Maria S\u00e3o Pedro n\u00e3o tem ideia do tamanho de herdeiros formados por ela. Am\u00e1lia Concei\u00e7\u00e3o conta que at\u00e9 os tataranetos de Dona Maria j\u00e1 tem filhos. <em>&#8220;A gente n\u00e3o sabe quantas pessoas t\u00eam a nossa fam\u00edlia, porque \u00e9 muito grande. Tem netos dela que j\u00e1 s\u00e3o pai e av\u00f3s&#8221;<\/em>, contou.<\/p>\n\n\n\n<p>Segundo dados divulgados na Pesquisa Nacional por Amostra de Domic\u00edlios Cont\u00ednua (Pnad Cont\u00ednua), do Instituto Brasileiro de Geografia e Estat\u00edstica, a Bahia registrou 320.227 idosos em 2018. Destes, 139.092 eram homens e 181.135 eram mulheres.<\/p>\n\n\n\n<p>Em 2010, de acordo com o IBGE, a Bahia tinha o maior quantitativo de pessoas centen\u00e1rias do Brasil, tanto no total, como de cada sexo.<\/p>\n\n\n\n<div class=\"wp-block-image\"><figure class=\"aligncenter\"><img loading=\"lazy\" decoding=\"async\" width=\"1344\" height=\"1008\" src=\"https:\/\/i0.wp.com\/blogdoeloiltoncajuhy.com.br\/site\/wp-content\/uploads\/2019\/11\/DonaMariaConcei\u00e7\u00e3oAntiga.jpeg?fit=590%2C443\" alt=\"\" class=\"wp-image-38543\" srcset=\"https:\/\/i0.wp.com\/blogdoeloiltoncajuhy.com.br\/site\/wp-content\/uploads\/2019\/11\/DonaMariaConcei%C3%A7%C3%A3oAntiga.jpeg?w=1344&amp;ssl=1 1344w, https:\/\/i0.wp.com\/blogdoeloiltoncajuhy.com.br\/site\/wp-content\/uploads\/2019\/11\/DonaMariaConcei%C3%A7%C3%A3oAntiga.jpeg?resize=300%2C225&amp;ssl=1 300w, https:\/\/i0.wp.com\/blogdoeloiltoncajuhy.com.br\/site\/wp-content\/uploads\/2019\/11\/DonaMariaConcei%C3%A7%C3%A3oAntiga.jpeg?resize=768%2C576&amp;ssl=1 768w, https:\/\/i0.wp.com\/blogdoeloiltoncajuhy.com.br\/site\/wp-content\/uploads\/2019\/11\/DonaMariaConcei%C3%A7%C3%A3oAntiga.jpeg?resize=1024%2C768&amp;ssl=1 1024w, https:\/\/i0.wp.com\/blogdoeloiltoncajuhy.com.br\/site\/wp-content\/uploads\/2019\/11\/DonaMariaConcei%C3%A7%C3%A3oAntiga.jpeg?resize=250%2C188&amp;ssl=1 250w\" sizes=\"(max-width: 800px) 100vw, 800px\" \/><figcaption><em>Fam\u00edlia de Maria S\u00e3o Pedro guarda fotos do cent\u00e9simo anivers\u00e1rio da idosa \u2014 Foto: Jo\u00e3o Souza\/G1<\/em><\/figcaption><\/figure><\/div>\n","protected":false},"excerpt":{"rendered":"<p>Maria S\u00e3o Pedro Concei\u00e7\u00e3o nasceu no primeiro ano do s\u00e9culo XX, em 1901, e ainda foi escravizada mesmo ap\u00f3s a assinatura da Lei \u00c1urea, em 13 de maio de 1888 Por Jo\u00e3o Souza, G1 BA Uma moradora da cidade de S\u00e3o Francisco do Conde, regi\u00e3o metropolitana de Salvador, completou 118 anos de vida em agosto [&hellip;]<\/p>\n","protected":false},"author":2,"featured_media":38543,"comment_status":"open","ping_status":"open","sticky":false,"template":"","format":"standard","meta":{"_acf_changed":false,"_monsterinsights_skip_tracking":false,"_monsterinsights_sitenote_active":false,"_monsterinsights_sitenote_note":"","_monsterinsights_sitenote_category":0,"_jetpack_memberships_contains_paid_content":false,"footnotes":"","jetpack_publicize_message":"","jetpack_publicize_feature_enabled":true,"jetpack_social_post_already_shared":true,"jetpack_social_options":{"image_generator_settings":{"template":"highway","default_image_id":0,"font":"","enabled":false},"version":2}},"categories":[5,1],"tags":[],"class_list":["post-38539","post","type-post","status-publish","format-standard","has-post-thumbnail","hentry","category-cotidiano","category-noticias"],"acf":[],"jetpack_publicize_connections":[],"jetpack_featured_media_url":"https:\/\/i0.wp.com\/blogdoeloiltoncajuhy.com.br\/site\/wp-content\/uploads\/2019\/11\/DonaMariaConcei%C3%A7%C3%A3oAntiga.jpeg?fit=1344%2C1008&ssl=1","jetpack_sharing_enabled":true,"publishpress_future_workflow_manual_trigger":{"enabledWorkflows":[]},"_links":{"self":[{"href":"https:\/\/blogdoeloiltoncajuhy.com.br\/site\/wp-json\/wp\/v2\/posts\/38539","targetHints":{"allow":["GET"]}}],"collection":[{"href":"https:\/\/blogdoeloiltoncajuhy.com.br\/site\/wp-json\/wp\/v2\/posts"}],"about":[{"href":"https:\/\/blogdoeloiltoncajuhy.com.br\/site\/wp-json\/wp\/v2\/types\/post"}],"author":[{"embeddable":true,"href":"https:\/\/blogdoeloiltoncajuhy.com.br\/site\/wp-json\/wp\/v2\/users\/2"}],"replies":[{"embeddable":true,"href":"https:\/\/blogdoeloiltoncajuhy.com.br\/site\/wp-json\/wp\/v2\/comments?post=38539"}],"version-history":[{"count":1,"href":"https:\/\/blogdoeloiltoncajuhy.com.br\/site\/wp-json\/wp\/v2\/posts\/38539\/revisions"}],"predecessor-version":[{"id":38544,"href":"https:\/\/blogdoeloiltoncajuhy.com.br\/site\/wp-json\/wp\/v2\/posts\/38539\/revisions\/38544"}],"wp:featuredmedia":[{"embeddable":true,"href":"https:\/\/blogdoeloiltoncajuhy.com.br\/site\/wp-json\/wp\/v2\/media\/38543"}],"wp:attachment":[{"href":"https:\/\/blogdoeloiltoncajuhy.com.br\/site\/wp-json\/wp\/v2\/media?parent=38539"}],"wp:term":[{"taxonomy":"category","embeddable":true,"href":"https:\/\/blogdoeloiltoncajuhy.com.br\/site\/wp-json\/wp\/v2\/categories?post=38539"},{"taxonomy":"post_tag","embeddable":true,"href":"https:\/\/blogdoeloiltoncajuhy.com.br\/site\/wp-json\/wp\/v2\/tags?post=38539"}],"curies":[{"name":"wp","href":"https:\/\/api.w.org\/{rel}","templated":true}]}}