{"id":38536,"date":"2019-11-03T10:04:59","date_gmt":"2019-11-03T13:04:59","guid":{"rendered":"http:\/\/blogdoeloiltoncajuhy.com.br\/site\/?p=38536"},"modified":"2019-11-03T10:05:05","modified_gmt":"2019-11-03T13:05:05","slug":"protesto-poeta-daniel-gomez-faz-poesia-para-protestar-desastre-ambiental-no-nordeste","status":"publish","type":"post","link":"https:\/\/blogdoeloiltoncajuhy.com.br\/site\/protesto-poeta-daniel-gomez-faz-poesia-para-protestar-desastre-ambiental-no-nordeste\/","title":{"rendered":"Protesto: Poeta Daniel Gomez faz poesia para protestar desastre ambiental no Nordeste"},"content":{"rendered":"\n<p><strong>BLOG DO ELOILTON CAJUHY<\/strong><\/p>\n\n\n\n<div class=\"wp-block-image\"><figure class=\"aligncenter is-resized\"><img data-recalc-dims=\"1\" fetchpriority=\"high\" decoding=\"async\" src=\"https:\/\/i0.wp.com\/blogdoeloiltoncajuhy.com.br\/site\/wp-content\/uploads\/2019\/11\/DanielGomez.jpg?resize=480%2C320\" alt=\"\" class=\"wp-image-38537\" width=\"480\" height=\"320\" srcset=\"https:\/\/i0.wp.com\/blogdoeloiltoncajuhy.com.br\/site\/wp-content\/uploads\/2019\/11\/DanielGomez.jpg?w=960&amp;ssl=1 960w, https:\/\/i0.wp.com\/blogdoeloiltoncajuhy.com.br\/site\/wp-content\/uploads\/2019\/11\/DanielGomez.jpg?resize=300%2C200&amp;ssl=1 300w, https:\/\/i0.wp.com\/blogdoeloiltoncajuhy.com.br\/site\/wp-content\/uploads\/2019\/11\/DanielGomez.jpg?resize=768%2C512&amp;ssl=1 768w, https:\/\/i0.wp.com\/blogdoeloiltoncajuhy.com.br\/site\/wp-content\/uploads\/2019\/11\/DanielGomez.jpg?resize=250%2C167&amp;ssl=1 250w\" sizes=\"(max-width: 480px) 100vw, 480px\" \/><figcaption><em>Foto: Reprodu\u00e7\u00e3o \/ Facebook<\/em><\/figcaption><\/figure><\/div>\n\n\n\n<p>O cantor, compositor e poeta Daniel Gomez usou sua criatividade po\u00e9tica para protestar o desastre ambiental que assolou as praias do Nordeste quando manchas de \u00f3leo invadiram o mar nordestino. O caso vem gerando grande preju\u00edzo para pescadores e para o turismo nordestino.<\/p>\n\n\n\n<p><strong>Confira o que escreveu Daniel Gomez:<\/strong><\/p>\n\n\n\n<p>MANCHARAM O MAR<\/p>\n\n\n\n<p>Eu via claras nuvens<br>\nL\u00e1 no horizonte<br>\nUm varal tecido<br>\nDe piche<br>\nCrepita os meus<br>\nPensamentos.<\/p>\n\n\n\n<p>Recolho restos<br>\nDe cores tardias<br>\nE vi a minha imagem<br>\nFatiada no espelho.<\/p>\n\n\n\n<p>Peda\u00e7o duro<br>\nDo meu grito<br>\nIns\u00f4nia desgastada<br>\nDa minha incerteza.<\/p>\n\n\n\n<p>Uma tempestade<br>\nInsol\u00favel<br>\nAtravessou o mar<br>\nCriando crostas<br>\nNa minha retina.<\/p>\n\n\n\n<p>Uma cortina de brisa<br>\nLen\u00e7\u00f3is de areias<br>\nS\u00e3o retalhos de vento<br>\nQue vestem as manhas<br>\nDa minha pele sombria.<\/p>\n\n\n\n<p>Pintaram de preto<br>\nOs corais,<br>\nOs manguezais<br>\nE os cascos<br>\nDas tartarugas.<\/p>\n\n\n\n<p>E foi s\u00f3 do lado de l\u00e1\u2026<\/p>\n\n\n\n<p>Nessa dantesca<br>\nEstupidez<br>\nS\u00f3 me resta<br>\nPerceber o mar<br>\nA esconder tristonho<br>\nO meu \u00faltimo<br>\nP\u00f4r-de-sol.<\/p>\n","protected":false},"excerpt":{"rendered":"<p>BLOG DO ELOILTON CAJUHY O cantor, compositor e poeta Daniel Gomez usou sua criatividade po\u00e9tica para protestar o desastre ambiental que assolou as praias do Nordeste quando manchas de \u00f3leo invadiram o mar nordestino. O caso vem gerando grande preju\u00edzo para pescadores e para o turismo nordestino. Confira o que escreveu Daniel Gomez: MANCHARAM O [&hellip;]<\/p>\n","protected":false},"author":2,"featured_media":38537,"comment_status":"open","ping_status":"open","sticky":false,"template":"","format":"standard","meta":{"_acf_changed":false,"_monsterinsights_skip_tracking":false,"_monsterinsights_sitenote_active":false,"_monsterinsights_sitenote_note":"","_monsterinsights_sitenote_category":0,"_jetpack_memberships_contains_paid_content":false,"footnotes":"","jetpack_publicize_message":"","jetpack_publicize_feature_enabled":true,"jetpack_social_post_already_shared":true,"jetpack_social_options":{"image_generator_settings":{"template":"highway","default_image_id":0,"font":"","enabled":false},"version":2}},"categories":[8,1,4],"tags":[],"class_list":["post-38536","post","type-post","status-publish","format-standard","has-post-thumbnail","hentry","category-cultura","category-noticias","category-local"],"acf":[],"jetpack_publicize_connections":[],"jetpack_featured_media_url":"https:\/\/i0.wp.com\/blogdoeloiltoncajuhy.com.br\/site\/wp-content\/uploads\/2019\/11\/DanielGomez.jpg?fit=960%2C640&ssl=1","jetpack_sharing_enabled":true,"publishpress_future_workflow_manual_trigger":{"enabledWorkflows":[]},"_links":{"self":[{"href":"https:\/\/blogdoeloiltoncajuhy.com.br\/site\/wp-json\/wp\/v2\/posts\/38536","targetHints":{"allow":["GET"]}}],"collection":[{"href":"https:\/\/blogdoeloiltoncajuhy.com.br\/site\/wp-json\/wp\/v2\/posts"}],"about":[{"href":"https:\/\/blogdoeloiltoncajuhy.com.br\/site\/wp-json\/wp\/v2\/types\/post"}],"author":[{"embeddable":true,"href":"https:\/\/blogdoeloiltoncajuhy.com.br\/site\/wp-json\/wp\/v2\/users\/2"}],"replies":[{"embeddable":true,"href":"https:\/\/blogdoeloiltoncajuhy.com.br\/site\/wp-json\/wp\/v2\/comments?post=38536"}],"version-history":[{"count":1,"href":"https:\/\/blogdoeloiltoncajuhy.com.br\/site\/wp-json\/wp\/v2\/posts\/38536\/revisions"}],"predecessor-version":[{"id":38538,"href":"https:\/\/blogdoeloiltoncajuhy.com.br\/site\/wp-json\/wp\/v2\/posts\/38536\/revisions\/38538"}],"wp:featuredmedia":[{"embeddable":true,"href":"https:\/\/blogdoeloiltoncajuhy.com.br\/site\/wp-json\/wp\/v2\/media\/38537"}],"wp:attachment":[{"href":"https:\/\/blogdoeloiltoncajuhy.com.br\/site\/wp-json\/wp\/v2\/media?parent=38536"}],"wp:term":[{"taxonomy":"category","embeddable":true,"href":"https:\/\/blogdoeloiltoncajuhy.com.br\/site\/wp-json\/wp\/v2\/categories?post=38536"},{"taxonomy":"post_tag","embeddable":true,"href":"https:\/\/blogdoeloiltoncajuhy.com.br\/site\/wp-json\/wp\/v2\/tags?post=38536"}],"curies":[{"name":"wp","href":"https:\/\/api.w.org\/{rel}","templated":true}]}}