{"id":38529,"date":"2019-11-02T09:40:58","date_gmt":"2019-11-02T12:40:58","guid":{"rendered":"http:\/\/blogdoeloiltoncajuhy.com.br\/site\/?p=38529"},"modified":"2019-11-02T09:41:05","modified_gmt":"2019-11-02T12:41:05","slug":"jovem-de-pilao-arcado-ba-representa-criancas-e-adolescentes-brasileiros-em-genebra","status":"publish","type":"post","link":"https:\/\/blogdoeloiltoncajuhy.com.br\/site\/jovem-de-pilao-arcado-ba-representa-criancas-e-adolescentes-brasileiros-em-genebra\/","title":{"rendered":"Jovem de Pil\u00e3o Arcado (BA) representa crian\u00e7as e adolescentes brasileiros em Genebra"},"content":{"rendered":"\n<h5 class=\"wp-block-heading\" style=\"text-align:center\"><em>Evento internacional, realizado pela Terre des Hommes Suisse,<br>celebrar\u00e1  os 30 anos da Conven\u00e7\u00e3o sobre os Direitos da Inf\u00e2ncia<\/em><\/h5>\n\n\n\n<p><strong>Crioula Comunica\u00e7\u00e3o<\/strong><\/p>\n\n\n\n<div class=\"wp-block-image\"><figure class=\"aligncenter is-resized\"><img data-recalc-dims=\"1\" fetchpriority=\"high\" decoding=\"async\" src=\"https:\/\/i0.wp.com\/blogdoeloiltoncajuhy.com.br\/site\/wp-content\/uploads\/2019\/11\/Crian%C3%A7as.jpg?resize=412%2C267\" alt=\"\" class=\"wp-image-38530\" width=\"412\" height=\"267\" srcset=\"https:\/\/i0.wp.com\/blogdoeloiltoncajuhy.com.br\/site\/wp-content\/uploads\/2019\/11\/Crian%C3%A7as.jpg?w=279&amp;ssl=1 279w, https:\/\/i0.wp.com\/blogdoeloiltoncajuhy.com.br\/site\/wp-content\/uploads\/2019\/11\/Crian%C3%A7as.jpg?resize=250%2C162&amp;ssl=1 250w\" sizes=\"(max-width: 412px) 100vw, 412px\" \/><figcaption><em>Foto ilustrativa<\/em><\/figcaption><\/figure><\/div>\n\n\n\n<p>A jovem <strong>Deuziene Rocha Vila Nova<\/strong>, moradora de Pil\u00e3o Arcado, semi\u00e1rido baiano e participante dos projetos e programas desenvolvidos pelo SASOP \u2013 Servi\u00e7o de Assessoria \u00e0 Organiza\u00e7\u00f5es Populares Rurais,  ir\u00e1 representar o Brasil no encontro articulado pela organiza\u00e7\u00e3o internacional Terre des Hommes Suisse, para marcar os 30 anos da Conven\u00e7\u00e3o sobre os Direitos da Crian\u00e7a, adotada pela Assembleia Geral da ONU em 1989.<\/p>\n\n\n\n<p>A estudante ir\u00e1 compartilhar as experiencias brasileiras de avan\u00e7o e os desafios postos na promo\u00e7\u00e3o e garantia de direitos de crian\u00e7as e adolescentes, especialmente nos campos da participa\u00e7\u00e3o. Ela ir\u00e1 apresentar as recomenda\u00e7\u00f5es feitas pelos jovens das organiza\u00e7\u00f5es parceiras no Brasil para o representante da ONU, respons\u00e1vel pelo monitoramento dos compromissos com a Conven\u00e7\u00e3o, Philip Jaff\u00e9.<\/p>\n\n\n\n<p>A jovem de 23 anos mora numa comunidade tradicional de Fundo de Pasto chamada Mosquito, zona rural de Pil\u00e3o Arcado. Deuziene tamb\u00e9m \u00e9 s\u00f3cia-fundadora da Associa\u00e7\u00e3o de T\u00e9cnicos\/as em Agropecu\u00e1ria e Apoiadores\/as da Agricultura Familiar (ATAF), composta por outros 23 jovens formandos da Escola Fam\u00edlia Agr\u00edcola do Sert\u00e3o (EFASE), tamb\u00e9m parceiro de TdH Suisse , que queriam continuar juntos assessorando suas comunidades, nos munic\u00edpios de Pil\u00e3o Arcado, Casa Nova, Campo Alegre de Lourdes e Remanso.<\/p>\n\n\n\n<p><em>\u201cFundamos a associa\u00e7\u00e3o a partir da experi\u00eancia da EFA. Para defender pautas da agricultura familiar e da agroecologia. Vimos as defici\u00eancias que temos nos munic\u00edpios que moramos e quisemos defender as causas que os jovens acreditam, estimular para que os jovens possam ficar no campo\u201d<\/em> conta a estudante.<\/p>\n\n\n\n<p>Deuziene foi eleita em dezembro de 2018, por um coletivo de jovens que participam dos 04 projetos\/Organiza\u00e7\u00f5es apoiados por TdH Suisse no semi\u00e1rido baiano, e vem participando de uma intensa programa\u00e7\u00e3o preparat\u00f3ria durante todo o ano de 2019.<\/p>\n\n\n\n<p>Promovido pela Terre des Hommes Suisse, organiza\u00e7\u00e3o internacional que se engaja pelos direitos da inf\u00e2ncia e desenvolvimento solid\u00e1rio no mundo, o encontro ir\u00e1 envolver as crian\u00e7as, adolescentes e jovens do Mali, Burkina Faso e Senegal, no continente Africano; \u00cdndia, na \u00c1sia; Brasil, Col\u00f4mbia, Peru e Bol\u00edvia, na Am\u00e9rica Latina; e Su\u00ed\u00e7a, na Europa. Os meninos e meninas participam de projetos apoiados pela TdH e produziram conte\u00fados jornal\u00edsticos sobre a situa\u00e7\u00e3o dos direitos das crian\u00e7as em suas comunidades.<\/p>\n\n\n\n<p>A Conven\u00e7\u00e3o foi criada em 1989 e no Brasil firmada a partir de 1990 e por mais 195 pa\u00edses, com exce\u00e7\u00e3o dos Estados Unidos. Diante deste marco e da constante luta para garantia de direitos da crian\u00e7a, adolescente e juventude, a Terre des Hommes Suisse est\u00e1 unindo esfor\u00e7os para realizar a\u00e7\u00f5es voltadas para dar visibilidade aos 30 anos da Conven\u00e7\u00e3o. No Brasil, as organiza\u00e7\u00f5es apoiadas est\u00e3o em territ\u00f3rio baiano: SASOP (Servi\u00e7o de Assessoria \u00e0 Organiza\u00e7\u00f5es Populares Rurais); MOC (Movimento de Organiza\u00e7\u00e3o Comunit\u00e1ria); EFASE (Escola Fam\u00edlia Agr\u00edcola do Sert\u00e3o) e Gr\u00e3os de Luz e Gri\u00f4.<\/p>\n\n\n\n<p><strong>Direitos das crian\u00e7as e Adolescentes<\/strong> \u2013 Assinada por 195 pa\u00edses em 1989, a Conven\u00e7\u00e3o Internacional dos Direitos das Crian\u00e7as e Adolescentes \u00e9 uma das normativas internacionais mais exitosas e mobilizadoras, que gerou desdobramentos expressivos no Brasil. O documento criou as condi\u00e7\u00f5es adequadas para a promulga\u00e7\u00e3o da Lei 8.069\/1990, que institui o Estatuto da Crian\u00e7a e do Adolescente.<\/p>\n\n\n\n<p>O ECA anuncia a responsabilidade compartilhada entre Estado, sociedade e fam\u00edlia na garantia de uma inf\u00e2ncia e adolesc\u00eancia dignas, saud\u00e1veis e protegidas e afirma a condi\u00e7\u00e3o de sujeito de direitos de crian\u00e7as e adolescentes, que s\u00e3o considerados prioridade absoluta no acesso e garantia a direitos. Atualmente, a fragiliza\u00e7\u00e3o da democracia tem colocado em risco todas as conquistas em relacionadas ao campo dos direitos humanos, especialmente, de crian\u00e7as, adolescentes e jovens.<\/p>\n","protected":false},"excerpt":{"rendered":"<p>Evento internacional, realizado pela Terre des Hommes Suisse,celebrar\u00e1 os 30 anos da Conven\u00e7\u00e3o sobre os Direitos da Inf\u00e2ncia Crioula Comunica\u00e7\u00e3o A jovem Deuziene Rocha Vila Nova, moradora de Pil\u00e3o Arcado, semi\u00e1rido baiano e participante dos projetos e programas desenvolvidos pelo SASOP \u2013 Servi\u00e7o de Assessoria \u00e0 Organiza\u00e7\u00f5es Populares Rurais, ir\u00e1 representar o Brasil no encontro [&hellip;]<\/p>\n","protected":false},"author":2,"featured_media":38530,"comment_status":"open","ping_status":"open","sticky":false,"template":"","format":"standard","meta":{"_acf_changed":false,"_monsterinsights_skip_tracking":false,"_monsterinsights_sitenote_active":false,"_monsterinsights_sitenote_note":"","_monsterinsights_sitenote_category":0,"_jetpack_memberships_contains_paid_content":false,"footnotes":"","jetpack_publicize_message":"","jetpack_publicize_feature_enabled":true,"jetpack_social_post_already_shared":true,"jetpack_social_options":{"image_generator_settings":{"template":"highway","default_image_id":0,"font":"","enabled":false},"version":2}},"categories":[5,1],"tags":[],"class_list":["post-38529","post","type-post","status-publish","format-standard","has-post-thumbnail","hentry","category-cotidiano","category-noticias"],"acf":[],"jetpack_publicize_connections":[],"jetpack_featured_media_url":"https:\/\/i0.wp.com\/blogdoeloiltoncajuhy.com.br\/site\/wp-content\/uploads\/2019\/11\/Crian%C3%A7as.jpg?fit=279%2C181&ssl=1","jetpack_sharing_enabled":true,"publishpress_future_workflow_manual_trigger":{"enabledWorkflows":[]},"_links":{"self":[{"href":"https:\/\/blogdoeloiltoncajuhy.com.br\/site\/wp-json\/wp\/v2\/posts\/38529","targetHints":{"allow":["GET"]}}],"collection":[{"href":"https:\/\/blogdoeloiltoncajuhy.com.br\/site\/wp-json\/wp\/v2\/posts"}],"about":[{"href":"https:\/\/blogdoeloiltoncajuhy.com.br\/site\/wp-json\/wp\/v2\/types\/post"}],"author":[{"embeddable":true,"href":"https:\/\/blogdoeloiltoncajuhy.com.br\/site\/wp-json\/wp\/v2\/users\/2"}],"replies":[{"embeddable":true,"href":"https:\/\/blogdoeloiltoncajuhy.com.br\/site\/wp-json\/wp\/v2\/comments?post=38529"}],"version-history":[{"count":1,"href":"https:\/\/blogdoeloiltoncajuhy.com.br\/site\/wp-json\/wp\/v2\/posts\/38529\/revisions"}],"predecessor-version":[{"id":38531,"href":"https:\/\/blogdoeloiltoncajuhy.com.br\/site\/wp-json\/wp\/v2\/posts\/38529\/revisions\/38531"}],"wp:featuredmedia":[{"embeddable":true,"href":"https:\/\/blogdoeloiltoncajuhy.com.br\/site\/wp-json\/wp\/v2\/media\/38530"}],"wp:attachment":[{"href":"https:\/\/blogdoeloiltoncajuhy.com.br\/site\/wp-json\/wp\/v2\/media?parent=38529"}],"wp:term":[{"taxonomy":"category","embeddable":true,"href":"https:\/\/blogdoeloiltoncajuhy.com.br\/site\/wp-json\/wp\/v2\/categories?post=38529"},{"taxonomy":"post_tag","embeddable":true,"href":"https:\/\/blogdoeloiltoncajuhy.com.br\/site\/wp-json\/wp\/v2\/tags?post=38529"}],"curies":[{"name":"wp","href":"https:\/\/api.w.org\/{rel}","templated":true}]}}