{"id":38526,"date":"2019-11-01T15:22:38","date_gmt":"2019-11-01T18:22:38","guid":{"rendered":"http:\/\/blogdoeloiltoncajuhy.com.br\/site\/?p=38526"},"modified":"2019-11-01T15:22:44","modified_gmt":"2019-11-01T18:22:44","slug":"papai-noel-dos-correios-comeca-oficialmente-dia-4-de-novembro","status":"publish","type":"post","link":"https:\/\/blogdoeloiltoncajuhy.com.br\/site\/papai-noel-dos-correios-comeca-oficialmente-dia-4-de-novembro\/","title":{"rendered":"Papai Noel dos Correios come\u00e7a oficialmente dia 4 de novembro"},"content":{"rendered":"\n<p><strong>Assessoria de Imprensa<\/strong><\/p>\n\n\n\n<div class=\"wp-block-image\"><figure class=\"aligncenter\"><img data-recalc-dims=\"1\" fetchpriority=\"high\" decoding=\"async\" width=\"720\" height=\"480\" src=\"https:\/\/i0.wp.com\/blogdoeloiltoncajuhy.com.br\/site\/wp-content\/uploads\/2019\/11\/papai-noel-alpb.png?resize=720%2C480\" alt=\"\" class=\"wp-image-38527\" srcset=\"https:\/\/i0.wp.com\/blogdoeloiltoncajuhy.com.br\/site\/wp-content\/uploads\/2019\/11\/papai-noel-alpb.png?w=720&amp;ssl=1 720w, https:\/\/i0.wp.com\/blogdoeloiltoncajuhy.com.br\/site\/wp-content\/uploads\/2019\/11\/papai-noel-alpb.png?resize=300%2C200&amp;ssl=1 300w, https:\/\/i0.wp.com\/blogdoeloiltoncajuhy.com.br\/site\/wp-content\/uploads\/2019\/11\/papai-noel-alpb.png?resize=250%2C167&amp;ssl=1 250w\" sizes=\"(max-width: 720px) 100vw, 720px\" \/><\/figure><\/div>\n\n\n\n<p>Uma das campanhas de solidariedade mais aguardadas do ano, o <strong><em>Papai Noel dos Correios<\/em><\/strong>, ser\u00e1 lan\u00e7ada oficialmente nesta segunda-feira (4), na brinquedoteca do Hospital do GRAACC, refer\u00eancia no tratamento oncol\u00f3gico pedi\u00e1trico, localizado em S\u00e3o Paulo (SP). As crian\u00e7as que est\u00e3o em tratamento no Hospital poder\u00e3o ver a chegada do Papai Noel e entregar as suas cartinhas em m\u00e3os ao Bom Velhinho. O evento contar\u00e1 com a presen\u00e7a do presidente dos Correios, Floriano Peixoto.<\/p>\n\n\n\n<p>Durante a campanha, os Correios receber\u00e3o as cartinhas de crian\u00e7as que enviaram seus pedidos diretamente ao Papai Noel e, tamb\u00e9m, de estudantes das escolas da rede p\u00fablica (at\u00e9 o 5\u00ba ano do ensino fundamental) e de institui\u00e7\u00f5es parceiras, tais como creches, abrigos, orfanatos e n\u00facleos socioeducativos. Desde 2010, os Correios estabeleceram essas parcerias com as Secretarias de Educa\u00e7\u00e3o, a fim de trabalhar a\u00e7\u00f5es como o desenvolvimento da habilidade da reda\u00e7\u00e3o de carta, o endere\u00e7amento correto e o uso do CEP.<\/p>\n\n\n\n<p>Assim como na \u00faltima edi\u00e7\u00e3o, ser\u00e1 poss\u00edvel adotar cartinhas pela Internet em 11 capitais: Bel\u00e9m, Belo Horizonte, Bras\u00edlia, Cuiab\u00e1, Curitiba Goi\u00e2nia, Porto Alegre, Recife, Rio de Janeiro, Salvador e regi\u00e3o metropolitana de S\u00e3o Paulo. Para fazer a ado\u00e7\u00e3o online, basta acessar o blog da campanha (http:\/\/blog.correios.com.br\/papainoeldoscorreios) e apadrinhar o pedido de uma crian\u00e7a. A entrega do presente deve ser feita pelo padrinho no ponto indicado pelos Correios, que levar\u00e3o o presente at\u00e9 a crian\u00e7a. O per\u00edodo da ado\u00e7\u00e3o online ser\u00e1 de 11\/11 a 29\/11\/2019.<\/p>\n\n\n\n<p>Em Salvador, o lan\u00e7amento da Campanha acontecer\u00e1 tamb\u00e9m no dia 4\/11, \u00e0s 10 horas, na ag\u00eancia dos Correios Cidadela, localizada na Avenida ACM, 2501 \u2013 T\u00e9rreo \u2013 Edf. Profissional Center.<\/p>\n\n\n\n<p class=\"has-medium-font-size\"><strong>30 anos<\/strong><\/p>\n\n\n\n<p>Em 2019, a maior a\u00e7\u00e3o de responsabilidade social dos Correios completa 30 anos de exist\u00eancia. Ao longo dessas tr\u00eas d\u00e9cadas, a campanha conseguiu atender ao pedido de mais de 6 milh\u00f5es de cartinhas \u2013 muitas delas com hist\u00f3rias emocionantes de solidariedade. Essa corrente do bem une esfor\u00e7os de empresa, empregados e volunt\u00e1rios da sociedade para atender, dentro do poss\u00edvel, aos pedidos de presentes daqueles que se encontram em situa\u00e7\u00e3o de vulnerabilidade social.<\/p>\n\n\n\n<p>A campanha Papai Noel dos Correios nasceu pela iniciativa de alguns empregados que, durante a rotina de trabalho, recebiam cartinhas escritas por crian\u00e7as destinadas ao Papai Noel, mas sem endere\u00e7o. Sensibilizados, alguns deles resolveram adotar as cartinhas e enviar os primeiros presentes. Com o passar do tempo, a a\u00e7\u00e3o foi ganhando propor\u00e7\u00e3o na empresa e acabou se transformando em um projeto corporativo dos Correios.<\/p>\n\n\n\n<p class=\"has-medium-font-size\"><strong>Funcionamento da campanha<\/strong><\/p>\n\n\n\n<p>A ado\u00e7\u00e3o pelos padrinhos \u00e9 feita da mesma maneira em todo o Brasil: as cartinhas enviadas pelas crian\u00e7as s\u00e3o lidas e selecionadas. Em seguida, s\u00e3o disponibilizadas na Casa do Papai Noel ou em outras unidades da empresa. <strong>ATEN\u00c7\u00c3O:<\/strong> Os Correios n\u00e3o distribuem cartas para ado\u00e7\u00e3o diretamente \u00e0 popula\u00e7\u00e3o, em suas resid\u00eancias. As cartinhas do Papai Noel dos Correios ficam dispon\u00edveis apenas nos locais indicados no blog da campanha. E para que a empresa possa acompanhar as ado\u00e7\u00f5es e as entregas dos presentes, os padrinhos devem cadastrar o CPF ou CNPJ.<\/p>\n\n\n\n<p>Os presentes s\u00e3o recebidos nos pontos de entrega divulgados pelos Correios que, posteriormente, realizam a distribui\u00e7\u00e3o. N\u00e3o \u00e9 permitida a entrega direta do presente e, para assegurar a observ\u00e2ncia desse crit\u00e9rio, o endere\u00e7o da crian\u00e7a nunca \u00e9 divulgado ou informado ao padrinho.<\/p>\n\n\n\n<p>As datas, locais e hor\u00e1rios da Campanha Papai Noel dos Correios 2019 podem variar em cada Estado. Todas as informa\u00e7\u00f5es sobre esta corrente de solidariedade poder\u00e3o ser obtidas no blog, no endere\u00e7o http:\/\/blog.correios.com.br\/papainoeldoscorreios, que estar\u00e1 dispon\u00edvel a partir do lan\u00e7amento da campanha.<\/p>\n\n\n\n<p><strong>Servi\u00e7o<\/strong><\/p>\n\n\n\n<p><strong>Lan\u00e7amento oficial da campanha Papai Noel dos Correios 2019<\/strong><\/p>\n\n\n\n<p><strong>Data:<\/strong> 4\/11\/2019<\/p>\n\n\n\n<p><strong>Hor\u00e1rio:<\/strong> 10h<\/p>\n\n\n\n<p><strong>Local:<\/strong> Ag\u00eancia dos Correios Cidadela, localizada na Avenida ACM, 2501 \u2013 T\u00e9rreo \u2013 Edf. Profissional Center, Parque Bela Vista, em <strong>Salvador\/BA<\/strong><\/p>\n","protected":false},"excerpt":{"rendered":"<p>Assessoria de Imprensa Uma das campanhas de solidariedade mais aguardadas do ano, o Papai Noel dos Correios, ser\u00e1 lan\u00e7ada oficialmente nesta segunda-feira (4), na brinquedoteca do Hospital do GRAACC, refer\u00eancia no tratamento oncol\u00f3gico pedi\u00e1trico, localizado em S\u00e3o Paulo (SP). As crian\u00e7as que est\u00e3o em tratamento no Hospital poder\u00e3o ver a chegada do Papai Noel e [&hellip;]<\/p>\n","protected":false},"author":2,"featured_media":38527,"comment_status":"open","ping_status":"open","sticky":false,"template":"","format":"standard","meta":{"_acf_changed":false,"_monsterinsights_skip_tracking":false,"_monsterinsights_sitenote_active":false,"_monsterinsights_sitenote_note":"","_monsterinsights_sitenote_category":0,"_jetpack_memberships_contains_paid_content":false,"footnotes":"","jetpack_publicize_message":"","jetpack_publicize_feature_enabled":true,"jetpack_social_post_already_shared":true,"jetpack_social_options":{"image_generator_settings":{"template":"highway","default_image_id":0,"font":"","enabled":false},"version":2}},"categories":[1],"tags":[],"class_list":["post-38526","post","type-post","status-publish","format-standard","has-post-thumbnail","hentry","category-noticias"],"acf":[],"jetpack_publicize_connections":[],"jetpack_featured_media_url":"https:\/\/i0.wp.com\/blogdoeloiltoncajuhy.com.br\/site\/wp-content\/uploads\/2019\/11\/papai-noel-alpb.png?fit=720%2C480&ssl=1","jetpack_sharing_enabled":true,"publishpress_future_workflow_manual_trigger":{"enabledWorkflows":[]},"_links":{"self":[{"href":"https:\/\/blogdoeloiltoncajuhy.com.br\/site\/wp-json\/wp\/v2\/posts\/38526","targetHints":{"allow":["GET"]}}],"collection":[{"href":"https:\/\/blogdoeloiltoncajuhy.com.br\/site\/wp-json\/wp\/v2\/posts"}],"about":[{"href":"https:\/\/blogdoeloiltoncajuhy.com.br\/site\/wp-json\/wp\/v2\/types\/post"}],"author":[{"embeddable":true,"href":"https:\/\/blogdoeloiltoncajuhy.com.br\/site\/wp-json\/wp\/v2\/users\/2"}],"replies":[{"embeddable":true,"href":"https:\/\/blogdoeloiltoncajuhy.com.br\/site\/wp-json\/wp\/v2\/comments?post=38526"}],"version-history":[{"count":1,"href":"https:\/\/blogdoeloiltoncajuhy.com.br\/site\/wp-json\/wp\/v2\/posts\/38526\/revisions"}],"predecessor-version":[{"id":38528,"href":"https:\/\/blogdoeloiltoncajuhy.com.br\/site\/wp-json\/wp\/v2\/posts\/38526\/revisions\/38528"}],"wp:featuredmedia":[{"embeddable":true,"href":"https:\/\/blogdoeloiltoncajuhy.com.br\/site\/wp-json\/wp\/v2\/media\/38527"}],"wp:attachment":[{"href":"https:\/\/blogdoeloiltoncajuhy.com.br\/site\/wp-json\/wp\/v2\/media?parent=38526"}],"wp:term":[{"taxonomy":"category","embeddable":true,"href":"https:\/\/blogdoeloiltoncajuhy.com.br\/site\/wp-json\/wp\/v2\/categories?post=38526"},{"taxonomy":"post_tag","embeddable":true,"href":"https:\/\/blogdoeloiltoncajuhy.com.br\/site\/wp-json\/wp\/v2\/tags?post=38526"}],"curies":[{"name":"wp","href":"https:\/\/api.w.org\/{rel}","templated":true}]}}