{"id":38515,"date":"2019-11-01T10:54:57","date_gmt":"2019-11-01T13:54:57","guid":{"rendered":"http:\/\/blogdoeloiltoncajuhy.com.br\/site\/?p=38515"},"modified":"2019-11-01T10:55:03","modified_gmt":"2019-11-01T13:55:03","slug":"uneb-em-senhor-do-bonfim-reune-maior-numero-de-participantes-das-conferencias-regionais-de-cti-realizadas-na-bahia","status":"publish","type":"post","link":"https:\/\/blogdoeloiltoncajuhy.com.br\/site\/uneb-em-senhor-do-bonfim-reune-maior-numero-de-participantes-das-conferencias-regionais-de-cti-realizadas-na-bahia\/","title":{"rendered":"UNEB em Senhor do Bonfim re\u00fane maior n\u00famero de participantes das Confer\u00eancias Regionais de CT&#038;I realizadas na Bahia"},"content":{"rendered":"\n<p><strong>Lorena Simas<\/strong><br>Coordenadora do N\u00facleo de Assessoria de Comunica\u00e7\u00e3o (NAC-DEDC\/ UNEB)<\/p>\n\n\n\n<div class=\"wp-block-image\"><figure class=\"aligncenter\"><img fetchpriority=\"high\" decoding=\"async\" width=\"1280\" height=\"686\" src=\"https:\/\/i2.wp.com\/blogdoeloiltoncajuhy.com.br\/site\/wp-content\/uploads\/2019\/11\/Uneb_ConferenciaCIT-01.jpeg?fit=590%2C316\" alt=\"\" class=\"wp-image-38516\" srcset=\"https:\/\/i0.wp.com\/blogdoeloiltoncajuhy.com.br\/site\/wp-content\/uploads\/2019\/11\/Uneb_ConferenciaCIT-01.jpeg?w=1280&amp;ssl=1 1280w, https:\/\/i0.wp.com\/blogdoeloiltoncajuhy.com.br\/site\/wp-content\/uploads\/2019\/11\/Uneb_ConferenciaCIT-01.jpeg?resize=300%2C161&amp;ssl=1 300w, https:\/\/i0.wp.com\/blogdoeloiltoncajuhy.com.br\/site\/wp-content\/uploads\/2019\/11\/Uneb_ConferenciaCIT-01.jpeg?resize=768%2C412&amp;ssl=1 768w, https:\/\/i0.wp.com\/blogdoeloiltoncajuhy.com.br\/site\/wp-content\/uploads\/2019\/11\/Uneb_ConferenciaCIT-01.jpeg?resize=1024%2C549&amp;ssl=1 1024w, https:\/\/i0.wp.com\/blogdoeloiltoncajuhy.com.br\/site\/wp-content\/uploads\/2019\/11\/Uneb_ConferenciaCIT-01.jpeg?resize=250%2C134&amp;ssl=1 250w\" sizes=\"(max-width: 800px) 100vw, 800px\" \/><\/figure><\/div>\n\n\n\n<p>A Confer\u00eancia Regional de Ci\u00eancia, Tecnologia e Inova\u00e7\u00e3o (CT&amp;I) realizada na quinta-feira, 31 de outubro, pelo Departamento de Educa\u00e7\u00e3o (DEDC), Campus VII da UNEB, junto com a Secretaria de Ci\u00eancia, Tecnologia e Inova\u00e7\u00e3o (Secti) do Governo da Bahia em Senhor do Bonfim, reuniu mais de 200 pessoas, maior n\u00famero de participantes das Confer\u00eancias Regionais de CT&amp;I realizadas na Bahia.<\/p>\n\n\n\n<p>A Confer\u00eancia contou com representantes do poder p\u00fablico, como o prefeito de Senhor do Bonfim, Carlos Brasileiro; o prefeito de Capela do Alto Alegre, Claudinei Novato, e alguns vereadores, al\u00e9m de professores e estudantes de diversas institui\u00e7\u00f5es de ensino superior e m\u00e9dio dos territ\u00f3rios Piemonte Norte do Itapicuru, Piemonte da Diamantina e Bacia do Jacu\u00edpe.<\/p>\n\n\n\n<p>A confer\u00eancia, que aconteceu pela primeira vez em 10 cidades do interior da Bahia, teve como objetivo identificar as demandas locais e propor estrat\u00e9gias de desenvolvimento do sistema de CT&amp;I que servir\u00e3o de base para a nova pol\u00edtica estadual do setor, al\u00e9m de eleger os delegados que representar\u00e3o os interesses dos tr\u00eas territ\u00f3rios na Confer\u00eancia Estadual que acontecer\u00e1 nos dias 5 e 6 de dezembro em Salvador-BA e ser\u00e1 composta por 220 delegados de toda a Bahia.<\/p>\n\n\n\n<p>A diretora de pol\u00edticas p\u00fablicas e programas da Secti, Saada Luedy, abordou que um dos objetivos da Sociedade 5.0, tema da Confer\u00eancia, \u00e9 desenvolver uma sociedade super inteligente. <em>\u201cPrecisamos preparar as pessoas para viverem essa era digital que j\u00e1 est\u00e1 acontecendo, colocando as m\u00e1quinas a servi\u00e7o dos seres humanos\u201d<\/em>, destacou Saada.<\/p>\n\n\n\n<div class=\"wp-block-image\"><figure class=\"aligncenter\"><img decoding=\"async\" width=\"1280\" height=\"658\" src=\"https:\/\/i2.wp.com\/blogdoeloiltoncajuhy.com.br\/site\/wp-content\/uploads\/2019\/11\/Uneb_ConferenciaCIT-02.jpeg?fit=590%2C303\" alt=\"\" class=\"wp-image-38517\" srcset=\"https:\/\/i0.wp.com\/blogdoeloiltoncajuhy.com.br\/site\/wp-content\/uploads\/2019\/11\/Uneb_ConferenciaCIT-02.jpeg?w=1280&amp;ssl=1 1280w, https:\/\/i0.wp.com\/blogdoeloiltoncajuhy.com.br\/site\/wp-content\/uploads\/2019\/11\/Uneb_ConferenciaCIT-02.jpeg?resize=300%2C154&amp;ssl=1 300w, https:\/\/i0.wp.com\/blogdoeloiltoncajuhy.com.br\/site\/wp-content\/uploads\/2019\/11\/Uneb_ConferenciaCIT-02.jpeg?resize=768%2C395&amp;ssl=1 768w, https:\/\/i0.wp.com\/blogdoeloiltoncajuhy.com.br\/site\/wp-content\/uploads\/2019\/11\/Uneb_ConferenciaCIT-02.jpeg?resize=1024%2C526&amp;ssl=1 1024w, https:\/\/i0.wp.com\/blogdoeloiltoncajuhy.com.br\/site\/wp-content\/uploads\/2019\/11\/Uneb_ConferenciaCIT-02.jpeg?resize=250%2C129&amp;ssl=1 250w\" sizes=\"(max-width: 800px) 100vw, 800px\" \/><\/figure><\/div>\n\n\n\n<p>Nesse sentido, a diretora do DEDC VII da UNEB, Suzzana Alice Lima, ressaltou que <em>\u201ca Sociedade 5.0 significa que o olhar est\u00e1 voltado para os sujeitos, n\u00e3o apenas para as ind\u00fastrias, sendo preciso, assim, tecer uma rela\u00e7\u00e3o entre a produ\u00e7\u00e3o cient\u00edfica, o desenvolvimento tecnol\u00f3gico e o empreendedorismo social\u201d<\/em>.<\/p>\n\n\n\n<p>Suzzana lembrou ainda sobre o papel da UNEB para organizar e fazer acontecer a Confer\u00eancia em oito territ\u00f3rios baianos. <em>\u201cA realiza\u00e7\u00e3o desta Confer\u00eancia, n\u00f3s d\u00e1 a dimens\u00e3o da responsabilidade que temos como universidade\u201d<\/em>, disse Suzzana.<\/p>\n\n\n\n<p>Durante a confer\u00eancia, aconteceram debates em eixos tem\u00e1ticos para levantar as demandas de cada \u00e1rea e eleger os delegados que ir\u00e3o representar os Territ\u00f3rios do Piemonte Norte do Itapicuru, Piemonte da Diamantina e Bacia do Jacu\u00edpe na Confer\u00eancia Estadual. Os delegados levar\u00e3o as propostas elencadas como principais para a Sociedade 5.0 nesses territ\u00f3rios.<\/p>\n\n\n\n<div class=\"wp-block-image\"><figure class=\"aligncenter\"><img decoding=\"async\" width=\"1032\" height=\"477\" src=\"https:\/\/i0.wp.com\/blogdoeloiltoncajuhy.com.br\/site\/wp-content\/uploads\/2019\/11\/Uneb_ConferenciaCIT-03.jpeg?fit=590%2C273\" alt=\"\" class=\"wp-image-38518\" srcset=\"https:\/\/i0.wp.com\/blogdoeloiltoncajuhy.com.br\/site\/wp-content\/uploads\/2019\/11\/Uneb_ConferenciaCIT-03.jpeg?w=1032&amp;ssl=1 1032w, https:\/\/i0.wp.com\/blogdoeloiltoncajuhy.com.br\/site\/wp-content\/uploads\/2019\/11\/Uneb_ConferenciaCIT-03.jpeg?resize=300%2C139&amp;ssl=1 300w, https:\/\/i0.wp.com\/blogdoeloiltoncajuhy.com.br\/site\/wp-content\/uploads\/2019\/11\/Uneb_ConferenciaCIT-03.jpeg?resize=768%2C355&amp;ssl=1 768w, https:\/\/i0.wp.com\/blogdoeloiltoncajuhy.com.br\/site\/wp-content\/uploads\/2019\/11\/Uneb_ConferenciaCIT-03.jpeg?resize=1024%2C473&amp;ssl=1 1024w, https:\/\/i0.wp.com\/blogdoeloiltoncajuhy.com.br\/site\/wp-content\/uploads\/2019\/11\/Uneb_ConferenciaCIT-03.jpeg?resize=250%2C116&amp;ssl=1 250w\" sizes=\"(max-width: 800px) 100vw, 800px\" \/><\/figure><\/div>\n\n\n\n<p><strong>Os 19 delegados eleitos foram:<\/strong><\/p>\n\n\n\n<ul class=\"wp-block-list\"><li>Eixo Gera\u00e7\u00e3o de Conhecimento: Jo\u00e3o Silva Rocha Filho, Ricardo Jos\u00e9 Rocha Amorim, Karine Hojo Rebou\u00e7as e Felipe Silva Ferreira;<\/li><li>Eixo Suporte ao Desenvolvimento: Darlan Alves de Souza, Norma leite Martins Carvalho e Jos\u00e9 Ant\u00f4nio Almeida de Cerqueira;<\/li><li>Eixo Setor P\u00fablico Local: Damiana Duarte da Silva Serqueira, Rodrigo Gomes Vanderlei, Richard Ferreira da Silva e Adelson Ferreira Soares;<\/li><li>Eixo Sociedade Civil Organizada: Ant\u00f4nio Alves Sobrinho; Norma Cleusa Pereira, Eliezer de Oliveira e Evanice Lopes; e<\/li><li>Eixo Empresarial: Francisco Arapiraca, Maria de F\u00e1tima Silva Santos Souza, Yasmin Santos Souza e Luiz Rog\u00e9rio Mangabeira Vicente.<\/li><\/ul>\n\n\n\n<p>Assim, a diretora Suzzana finalizou afirmando que <em>\u201cal\u00e9m de elegermos 19 delegados que representar\u00e3o os tr\u00eas territ\u00f3rios, a Confer\u00eancia foi uma experi\u00eancia democr\u00e1tica onde vivenciamos a discuss\u00e3o de diferentes interesses e tivemos alguns consensos alcan\u00e7ados. \u00c9 assim que a experi\u00eancia democr\u00e1tica se consolida\u201d<\/em>.<\/p>\n","protected":false},"excerpt":{"rendered":"<p>Lorena SimasCoordenadora do N\u00facleo de Assessoria de Comunica\u00e7\u00e3o (NAC-DEDC\/ UNEB) A Confer\u00eancia Regional de Ci\u00eancia, Tecnologia e Inova\u00e7\u00e3o (CT&amp;I) realizada na quinta-feira, 31 de outubro, pelo Departamento de Educa\u00e7\u00e3o (DEDC), Campus VII da UNEB, junto com a Secretaria de Ci\u00eancia, Tecnologia e Inova\u00e7\u00e3o (Secti) do Governo da Bahia em Senhor do Bonfim, reuniu mais de [&hellip;]<\/p>\n","protected":false},"author":2,"featured_media":38518,"comment_status":"open","ping_status":"open","sticky":false,"template":"","format":"standard","meta":{"_acf_changed":false,"_monsterinsights_skip_tracking":false,"_monsterinsights_sitenote_active":false,"_monsterinsights_sitenote_note":"","_monsterinsights_sitenote_category":0,"_jetpack_memberships_contains_paid_content":false,"footnotes":"","jetpack_publicize_message":"","jetpack_publicize_feature_enabled":true,"jetpack_social_post_already_shared":true,"jetpack_social_options":{"image_generator_settings":{"template":"highway","default_image_id":0,"font":"","enabled":false},"version":2}},"categories":[1,4],"tags":[],"class_list":["post-38515","post","type-post","status-publish","format-standard","has-post-thumbnail","hentry","category-noticias","category-local"],"acf":[],"jetpack_publicize_connections":[],"jetpack_featured_media_url":"https:\/\/i0.wp.com\/blogdoeloiltoncajuhy.com.br\/site\/wp-content\/uploads\/2019\/11\/Uneb_ConferenciaCIT-03.jpeg?fit=1032%2C477&ssl=1","jetpack_sharing_enabled":true,"publishpress_future_workflow_manual_trigger":{"enabledWorkflows":[]},"_links":{"self":[{"href":"https:\/\/blogdoeloiltoncajuhy.com.br\/site\/wp-json\/wp\/v2\/posts\/38515","targetHints":{"allow":["GET"]}}],"collection":[{"href":"https:\/\/blogdoeloiltoncajuhy.com.br\/site\/wp-json\/wp\/v2\/posts"}],"about":[{"href":"https:\/\/blogdoeloiltoncajuhy.com.br\/site\/wp-json\/wp\/v2\/types\/post"}],"author":[{"embeddable":true,"href":"https:\/\/blogdoeloiltoncajuhy.com.br\/site\/wp-json\/wp\/v2\/users\/2"}],"replies":[{"embeddable":true,"href":"https:\/\/blogdoeloiltoncajuhy.com.br\/site\/wp-json\/wp\/v2\/comments?post=38515"}],"version-history":[{"count":1,"href":"https:\/\/blogdoeloiltoncajuhy.com.br\/site\/wp-json\/wp\/v2\/posts\/38515\/revisions"}],"predecessor-version":[{"id":38519,"href":"https:\/\/blogdoeloiltoncajuhy.com.br\/site\/wp-json\/wp\/v2\/posts\/38515\/revisions\/38519"}],"wp:featuredmedia":[{"embeddable":true,"href":"https:\/\/blogdoeloiltoncajuhy.com.br\/site\/wp-json\/wp\/v2\/media\/38518"}],"wp:attachment":[{"href":"https:\/\/blogdoeloiltoncajuhy.com.br\/site\/wp-json\/wp\/v2\/media?parent=38515"}],"wp:term":[{"taxonomy":"category","embeddable":true,"href":"https:\/\/blogdoeloiltoncajuhy.com.br\/site\/wp-json\/wp\/v2\/categories?post=38515"},{"taxonomy":"post_tag","embeddable":true,"href":"https:\/\/blogdoeloiltoncajuhy.com.br\/site\/wp-json\/wp\/v2\/tags?post=38515"}],"curies":[{"name":"wp","href":"https:\/\/api.w.org\/{rel}","templated":true}]}}