{"id":38506,"date":"2019-11-01T08:07:14","date_gmt":"2019-11-01T11:07:14","guid":{"rendered":"http:\/\/blogdoeloiltoncajuhy.com.br\/site\/?p=38506"},"modified":"2019-11-01T08:07:20","modified_gmt":"2019-11-01T11:07:20","slug":"apos-solicitacao-do-prefeito-everton-rocha-a-seinfra-distrito-do-flamengo-recebe-antena-de-telefonia","status":"publish","type":"post","link":"https:\/\/blogdoeloiltoncajuhy.com.br\/site\/apos-solicitacao-do-prefeito-everton-rocha-a-seinfra-distrito-do-flamengo-recebe-antena-de-telefonia\/","title":{"rendered":"Ap\u00f3s solicita\u00e7\u00e3o do prefeito Everton Rocha \u00e0 SEINFRA, distrito do Flamengo recebe antena de telefonia"},"content":{"rendered":"\n<p><strong>ASCOM &#8211; Prefeitura de Jaguarari-BA<\/strong><\/p>\n\n\n\n<div class=\"wp-block-image\"><figure class=\"aligncenter is-resized\"><img fetchpriority=\"high\" decoding=\"async\" src=\"https:\/\/i0.wp.com\/blogdoeloiltoncajuhy.com.br\/site\/wp-content\/uploads\/2019\/11\/PMJ_AntenaFlamengo.jpg?fit=590%2C787\" alt=\"\" class=\"wp-image-38507\" width=\"295\" height=\"394\" srcset=\"https:\/\/i0.wp.com\/blogdoeloiltoncajuhy.com.br\/site\/wp-content\/uploads\/2019\/11\/PMJ_AntenaFlamengo.jpg?w=774&amp;ssl=1 774w, https:\/\/i0.wp.com\/blogdoeloiltoncajuhy.com.br\/site\/wp-content\/uploads\/2019\/11\/PMJ_AntenaFlamengo.jpg?resize=225%2C300&amp;ssl=1 225w, https:\/\/i0.wp.com\/blogdoeloiltoncajuhy.com.br\/site\/wp-content\/uploads\/2019\/11\/PMJ_AntenaFlamengo.jpg?resize=768%2C1024&amp;ssl=1 768w, https:\/\/i0.wp.com\/blogdoeloiltoncajuhy.com.br\/site\/wp-content\/uploads\/2019\/11\/PMJ_AntenaFlamengo.jpg?resize=188%2C250&amp;ssl=1 188w\" sizes=\"(max-width: 295px) 100vw, 295px\" \/><\/figure><\/div>\n\n\n\n<p>Pouco mais de um m\u00eas ap\u00f3s a visita do prefeito de Jaguarari, Everton Rocha, \u00e0 sede da Diretoria de Comunica\u00e7\u00e3o da SEINFRA, foi iniciada nesta quarta-feira (30) a instala\u00e7\u00e3o da esta\u00e7\u00e3o de radio base e a montagem da antena que ir\u00e1 garantir a distribui\u00e7\u00e3o do sinal de telefonia m\u00f3vel no distrito de Flamengo.<\/p>\n\n\n\n<p><em>\u201cA instala\u00e7\u00e3o dessa antena de telefonia em Flamengo \u00e9 mais uma conquista para Jaguarari. Ap\u00f3s a nossa solicita\u00e7\u00e3o junto a SEINFRA, o distrito do Flamengo estar\u00e1 mais pr\u00f3ximo n\u00e3o s\u00f3 da sede do munic\u00edpio, mas do mundo, atrav\u00e9s de liga\u00e7\u00f5es e principalmente pela internet. Esperamos que logo as outras localidades solicitadas tamb\u00e9m sejam contempladas com a antena de telefonia m\u00f3vel\u201d<\/em>, pontuou o prefeito Everton Rocha.<\/p>\n\n\n\n<p>O gestor havia solicitado tamb\u00e9m a libera\u00e7\u00e3o do Servi\u00e7o de Telefonia M\u00f3vel \u2013 SMP, para as localidades de Santa Rosa de Lima, Gameleira, Flamengo e Juacema, alem das localidades de Jacun\u00e3 e Catuni da Estrada. O inicio da instala\u00e7\u00e3o da antena no distrito do Flamengo foi acompanhado pelo vereador Lori da Barrinha que havia solicitado essa demanda ao prefeito.<\/p>\n","protected":false},"excerpt":{"rendered":"<p>ASCOM &#8211; Prefeitura de Jaguarari-BA Pouco mais de um m\u00eas ap\u00f3s a visita do prefeito de Jaguarari, Everton Rocha, \u00e0 sede da Diretoria de Comunica\u00e7\u00e3o da SEINFRA, foi iniciada nesta quarta-feira (30) a instala\u00e7\u00e3o da esta\u00e7\u00e3o de radio base e a montagem da antena que ir\u00e1 garantir a distribui\u00e7\u00e3o do sinal de telefonia m\u00f3vel no [&hellip;]<\/p>\n","protected":false},"author":2,"featured_media":38507,"comment_status":"open","ping_status":"open","sticky":false,"template":"","format":"standard","meta":{"_acf_changed":false,"_monsterinsights_skip_tracking":false,"_monsterinsights_sitenote_active":false,"_monsterinsights_sitenote_note":"","_monsterinsights_sitenote_category":0,"_jetpack_memberships_contains_paid_content":false,"footnotes":"","jetpack_publicize_message":"","jetpack_publicize_feature_enabled":true,"jetpack_social_post_already_shared":true,"jetpack_social_options":{"image_generator_settings":{"template":"highway","default_image_id":0,"font":"","enabled":false},"version":2}},"categories":[1,3,11],"tags":[],"class_list":["post-38506","post","type-post","status-publish","format-standard","has-post-thumbnail","hentry","category-noticias","category-politica","category-regional"],"acf":[],"jetpack_publicize_connections":[],"jetpack_featured_media_url":"https:\/\/i0.wp.com\/blogdoeloiltoncajuhy.com.br\/site\/wp-content\/uploads\/2019\/11\/PMJ_AntenaFlamengo.jpg?fit=774%2C1032&ssl=1","jetpack_sharing_enabled":true,"publishpress_future_workflow_manual_trigger":{"enabledWorkflows":[]},"_links":{"self":[{"href":"https:\/\/blogdoeloiltoncajuhy.com.br\/site\/wp-json\/wp\/v2\/posts\/38506","targetHints":{"allow":["GET"]}}],"collection":[{"href":"https:\/\/blogdoeloiltoncajuhy.com.br\/site\/wp-json\/wp\/v2\/posts"}],"about":[{"href":"https:\/\/blogdoeloiltoncajuhy.com.br\/site\/wp-json\/wp\/v2\/types\/post"}],"author":[{"embeddable":true,"href":"https:\/\/blogdoeloiltoncajuhy.com.br\/site\/wp-json\/wp\/v2\/users\/2"}],"replies":[{"embeddable":true,"href":"https:\/\/blogdoeloiltoncajuhy.com.br\/site\/wp-json\/wp\/v2\/comments?post=38506"}],"version-history":[{"count":1,"href":"https:\/\/blogdoeloiltoncajuhy.com.br\/site\/wp-json\/wp\/v2\/posts\/38506\/revisions"}],"predecessor-version":[{"id":38508,"href":"https:\/\/blogdoeloiltoncajuhy.com.br\/site\/wp-json\/wp\/v2\/posts\/38506\/revisions\/38508"}],"wp:featuredmedia":[{"embeddable":true,"href":"https:\/\/blogdoeloiltoncajuhy.com.br\/site\/wp-json\/wp\/v2\/media\/38507"}],"wp:attachment":[{"href":"https:\/\/blogdoeloiltoncajuhy.com.br\/site\/wp-json\/wp\/v2\/media?parent=38506"}],"wp:term":[{"taxonomy":"category","embeddable":true,"href":"https:\/\/blogdoeloiltoncajuhy.com.br\/site\/wp-json\/wp\/v2\/categories?post=38506"},{"taxonomy":"post_tag","embeddable":true,"href":"https:\/\/blogdoeloiltoncajuhy.com.br\/site\/wp-json\/wp\/v2\/tags?post=38506"}],"curies":[{"name":"wp","href":"https:\/\/api.w.org\/{rel}","templated":true}]}}