{"id":38503,"date":"2019-11-01T07:55:53","date_gmt":"2019-11-01T10:55:53","guid":{"rendered":"http:\/\/blogdoeloiltoncajuhy.com.br\/site\/?p=38503"},"modified":"2019-11-01T07:55:59","modified_gmt":"2019-11-01T10:55:59","slug":"estatua-de-padre-cicero-em-juazeiro-do-norte-completa-50-anos-com-festa-e-afeto-dos-cearenses","status":"publish","type":"post","link":"https:\/\/blogdoeloiltoncajuhy.com.br\/site\/estatua-de-padre-cicero-em-juazeiro-do-norte-completa-50-anos-com-festa-e-afeto-dos-cearenses\/","title":{"rendered":"Est\u00e1tua de Padre C\u00edcero, em Juazeiro do Norte, completa 50 anos com festa e afeto dos cearenses"},"content":{"rendered":"\n<h5 class=\"wp-block-heading\" style=\"text-align:center\"><em>Cart\u00e3o-postal do munic\u00edpio cearense atrai romeiros e fi\u00e9is do santo popular<\/em><\/h5>\n\n\n\n<p><strong>Por Antonio Rodrigues<\/strong> <strong>&#8211; G1<\/strong><\/p>\n\n\n\n<div class=\"wp-block-image\"><figure class=\"aligncenter\"><img data-recalc-dims=\"1\" fetchpriority=\"high\" decoding=\"async\" width=\"800\" height=\"600\" src=\"https:\/\/i0.wp.com\/blogdoeloiltoncajuhy.com.br\/site\/wp-content\/uploads\/2019\/11\/padre-cicero-gustavo-pellizon-svm.jpeg?resize=800%2C600\" alt=\"\" class=\"wp-image-38504\" srcset=\"https:\/\/i0.wp.com\/blogdoeloiltoncajuhy.com.br\/site\/wp-content\/uploads\/2019\/11\/padre-cicero-gustavo-pellizon-svm.jpeg?w=984&amp;ssl=1 984w, https:\/\/i0.wp.com\/blogdoeloiltoncajuhy.com.br\/site\/wp-content\/uploads\/2019\/11\/padre-cicero-gustavo-pellizon-svm.jpeg?resize=300%2C225&amp;ssl=1 300w, https:\/\/i0.wp.com\/blogdoeloiltoncajuhy.com.br\/site\/wp-content\/uploads\/2019\/11\/padre-cicero-gustavo-pellizon-svm.jpeg?resize=768%2C576&amp;ssl=1 768w, https:\/\/i0.wp.com\/blogdoeloiltoncajuhy.com.br\/site\/wp-content\/uploads\/2019\/11\/padre-cicero-gustavo-pellizon-svm.jpeg?resize=250%2C188&amp;ssl=1 250w\" sizes=\"(max-width: 800px) 100vw, 800px\" \/><figcaption><em>Est\u00e1tua de Padre C\u00edcero, no Horto, em Juazeiro do Norte \u2014 Foto: Gustavo Pellizzon\/SVM<\/em><\/figcaption><\/figure><\/div>\n\n\n\n<p>As luzes da cidade de Juazeiro do Norte, no Cariri do Cear\u00e1, se apagaram por 30 segundos, na noite do dia 1\u00ba de novembro de 1969, antes de 24 refletores iluminarem a atra\u00e7\u00e3o principal: a Est\u00e1tua do Padre C\u00edcero, na Colina do Horto. H\u00e1 exatos 50 anos, acontecia a inaugura\u00e7\u00e3o do monumento de 27 metros, em evento que reuniu, segundo os jornais da \u00e9poca, entre 100 e 200 mil pessoas. Hoje, a escultura \u00e9 o cart\u00e3o-postal do munic\u00edpio de 270 mil habitantes. Para muitos, Juazeiro do Norte \u00e9 o principal \u201cmilagre\u201d do \u201cpadrinho\u201d.<\/p>\n\n\n\n<p>Anualmente a est\u00e1tua atrai, em m\u00e9dia, 2,5 milh\u00f5es de visitantes. Al\u00e9m de um importante ponto tur\u00edstico da regi\u00e3o do Cariri, com bela vis\u00e3o de Juazeiro do Norte, de cidades vizinhas e da Chapada do Araripe, a gigante imagem do sacerdote tamb\u00e9m se tornou importante s\u00edmbolo da f\u00e9 romeira. \u00c9 imposs\u00edvel pisar na terra do Padre C\u00edcero e n\u00e3o passar pelo Horto.<\/p>\n\n\n\n<p>Com esse grande n\u00famero de visitantes, \u00e9 natural que o local re\u00fana diversos comerciantes informais, como Severina Esp\u00edrito Santo da Silva, natural de Cuitegi (PB), que abandonou a ro\u00e7a h\u00e1 17 anos para vender artigos religiosos ao lado da escultura do sacerdote cearense. <em>\u201cA gente vive disso aqui. Mudar foi melhor. Aqui \u00e9 bom demais. Vou ficar aqui mesmo\u201d<\/em>, enfatiza.<\/p>\n\n\n\n<p class=\"has-medium-font-size\"><strong>Idealiza\u00e7\u00e3o<\/strong><\/p>\n\n\n\n<p>A constru\u00e7\u00e3o da est\u00e1tua aconteceu por um acaso. Em 1967, ano em que assumiu a Prefeitura de Juazeiro do Norte, o m\u00e9dico Mauro Sampaio mandou derrubar o chamado \u201cp\u00e9 de tambor\u201d, uma \u00e1rvore de Timba\u00faba, para construir uma antena de televis\u00e3o. Por\u00e9m, os devotos do Padre C\u00edcero ficaram revoltados, pois, segundo a tradi\u00e7\u00e3o oral, a \u00e1rvore era um dos locais de medita\u00e7\u00e3o e ref\u00fagio do sacerdote.<\/p>\n\n\n\n<p>Antes disso, no final do s\u00e9culo XIX, j\u00e1 com suas ordens religiosas suspensas ap\u00f3s o \u201cMilagre da H\u00f3stia\u201d &#8211; controverso evento em que, ao dar eucaristia a uma fiel, o p\u00e3o consagrado por Padre C\u00edcero teria se transformado em sangue na boca da beata -, o aclamado santo popular j\u00e1 frequentava a Colina do Horto, antigamente chamada de \u201cSerra do Catol\u00e9\u201d. L\u00e1, fazia seu retiro espiritual e iniciou a constru\u00e7\u00e3o de uma igreja para Bom Jesus do Horto. O projeto foi abandonado em 1904 por ordens da Diocese de Fortaleza. A edifica\u00e7\u00e3o, de forma natural, foi ruindo at\u00e9 ser demolida no final da d\u00e9cada de 1930. <em>\u201cEnt\u00e3o, j\u00e1 havia sido profanado outro s\u00edmbolo de f\u00e9\u201d<\/em>, conta a historiadora e pesquisadora Amanda Teixeira.<\/p>\n\n\n\n<p>Ao prefeito Mauro Sampaio sugeriram fazer um busto do fundador de Juazeiro do Norte. O m\u00e9dico, em conversa com outros amigos, imaginou que uma est\u00e1tua, que poderia ser vista por todas as pessoas da cidade, seria o ideal e traria uma perspectiva de turismo para a cidade. <em>\u201cEle queria fugir da ideia de romaria, de uma popula\u00e7\u00e3o muito pobre, que vinha a Juazeiro pedir a b\u00ean\u00e7\u00e3o e realizar pr\u00e1ticas diversas de f\u00e9. Esse discurso era muito forte, dizendo at\u00e9 que a estrutura do horto ia contar com pra\u00e7a, playground, v\u00e1rias atra\u00e7\u00f5es. Seria um complexo tur\u00edstico\u201d<\/em>, explica Amanda Teixeira.<\/p>\n\n\n\n<p class=\"has-medium-font-size\"><strong>Constru\u00e7\u00e3o<\/strong><\/p>\n\n\n\n<p>O jornalista e escritor Aldemir Sobreira, falecido h\u00e1 tr\u00eas anos, narrava que, a princ\u00edpio, tentaram encontrar um escultor em Fortaleza, mas a procura foi em v\u00e3o. Outro dia, o pr\u00f3prio Aldemir e Mauro Sampaio visitaram uma exposi\u00e7\u00e3o de artes pl\u00e1sticas na Faculdade de Filosofia do Crato \u2014 atual Universidade Regional do Cariri \u2014, onde conheceram, por acaso, o artista pl\u00e1stico pernambucano Armando Lacerda, que topou fazer o projeto da Est\u00e1tua.<\/p>\n\n\n\n<p>A princ\u00edpio, o monumento teria sete metros de altura, fora a base. Por\u00e9m, Armando optou por construir uma est\u00e1tua de 12 metros. Um galp\u00e3o foi montado no armaz\u00e9m de uma antiga usina de algod\u00e3o, na esquina das ruas S\u00e3o Paulo e S\u00e3o Francisco. Durante a modelagem, o pr\u00f3prio escultor decidiu ser mais ousado e aumentou o tamanho da est\u00e1tua para 17 metros. Os c\u00e1lculos pelos engenheiros foram feitos e a proposta foi aprovada.<\/p>\n\n\n\n<p>De forma artesanal, a est\u00e1tua do Padre C\u00edcero foi constru\u00edda em dois anos. O aposentado Severino Ant\u00f4nio Santana, 76, morador da Rua do Horto, que na \u00e9poca tinha entre 15 e 16 anos, foi um dos serventes que trabalhou no projeto. <em>&#8220;Foi feita a base, o p\u00e9 e, depois, a est\u00e1tua\u201d<\/em>, explica. Um molde de gesso foi produzido no ateli\u00ea, no Centro da cidade, para formar as pe\u00e7as de concreto, que, como um quebra-cabe\u00e7as, foram elevadas por uma esp\u00e9cie de carretel, puxadas por alguns cabos de a\u00e7o. A cabe\u00e7a do santo foi encaixada por \u00faltimo.<\/p>\n\n\n\n<p>Orgulhoso de ter participado da obra, Severino enxerga com admira\u00e7\u00e3o e olhos marejados para o monumento. <em>\u201cTrabalhar para o Padre C\u00edcero, eu fico at\u00e9 emocionado\u201d<\/em>, confessa. Devoto do \u201cpadrinho\u201d, o aposentado acredita que se n\u00e3o fosse o sacerdote, sua fam\u00edlia n\u00e3o existiria. <em>\u201cDesde minha av\u00f3, que vinha para c\u00e1 a p\u00e9, da Para\u00edba. Ele \u00e9 santo\u201d<\/em>, resume.<\/p>\n\n\n\n<p class=\"has-medium-font-size\"><strong>Festa<\/strong><\/p>\n\n\n\n<p>Para celebrar a data, o cantor Fagner realiza um show na Pra\u00e7a do Romeiro, em frente \u00e0 Bas\u00edlica de Nossa Senhora das Dores, a partir das 21 horas. Completam a programa\u00e7\u00e3o, o m\u00fasico caririense F\u00e1bio Carneirinho e a cantora Ana Ruth, juazeirense que ficou em segundo no lugar no programa The Voice Brasil. Na Colina do Horto, aos p\u00e9s da est\u00e1tua, o cantor Jota Farias anima o p\u00fablico. Um show pirot\u00e9cnico colore o c\u00e9u da cidade \u00e0s 22 horas.<\/p>\n","protected":false},"excerpt":{"rendered":"<p>Cart\u00e3o-postal do munic\u00edpio cearense atrai romeiros e fi\u00e9is do santo popular Por Antonio Rodrigues &#8211; G1 As luzes da cidade de Juazeiro do Norte, no Cariri do Cear\u00e1, se apagaram por 30 segundos, na noite do dia 1\u00ba de novembro de 1969, antes de 24 refletores iluminarem a atra\u00e7\u00e3o principal: a Est\u00e1tua do Padre C\u00edcero, [&hellip;]<\/p>\n","protected":false},"author":2,"featured_media":38504,"comment_status":"open","ping_status":"open","sticky":false,"template":"","format":"standard","meta":{"_acf_changed":false,"_monsterinsights_skip_tracking":false,"_monsterinsights_sitenote_active":false,"_monsterinsights_sitenote_note":"","_monsterinsights_sitenote_category":0,"_jetpack_memberships_contains_paid_content":false,"footnotes":"","jetpack_publicize_message":"","jetpack_publicize_feature_enabled":true,"jetpack_social_post_already_shared":true,"jetpack_social_options":{"image_generator_settings":{"template":"highway","default_image_id":0,"font":"","enabled":false},"version":2}},"categories":[5,1],"tags":[],"class_list":["post-38503","post","type-post","status-publish","format-standard","has-post-thumbnail","hentry","category-cotidiano","category-noticias"],"acf":[],"jetpack_publicize_connections":[],"jetpack_featured_media_url":"https:\/\/i0.wp.com\/blogdoeloiltoncajuhy.com.br\/site\/wp-content\/uploads\/2019\/11\/padre-cicero-gustavo-pellizon-svm.jpeg?fit=984%2C738&ssl=1","jetpack_sharing_enabled":true,"publishpress_future_workflow_manual_trigger":{"enabledWorkflows":[]},"_links":{"self":[{"href":"https:\/\/blogdoeloiltoncajuhy.com.br\/site\/wp-json\/wp\/v2\/posts\/38503","targetHints":{"allow":["GET"]}}],"collection":[{"href":"https:\/\/blogdoeloiltoncajuhy.com.br\/site\/wp-json\/wp\/v2\/posts"}],"about":[{"href":"https:\/\/blogdoeloiltoncajuhy.com.br\/site\/wp-json\/wp\/v2\/types\/post"}],"author":[{"embeddable":true,"href":"https:\/\/blogdoeloiltoncajuhy.com.br\/site\/wp-json\/wp\/v2\/users\/2"}],"replies":[{"embeddable":true,"href":"https:\/\/blogdoeloiltoncajuhy.com.br\/site\/wp-json\/wp\/v2\/comments?post=38503"}],"version-history":[{"count":1,"href":"https:\/\/blogdoeloiltoncajuhy.com.br\/site\/wp-json\/wp\/v2\/posts\/38503\/revisions"}],"predecessor-version":[{"id":38505,"href":"https:\/\/blogdoeloiltoncajuhy.com.br\/site\/wp-json\/wp\/v2\/posts\/38503\/revisions\/38505"}],"wp:featuredmedia":[{"embeddable":true,"href":"https:\/\/blogdoeloiltoncajuhy.com.br\/site\/wp-json\/wp\/v2\/media\/38504"}],"wp:attachment":[{"href":"https:\/\/blogdoeloiltoncajuhy.com.br\/site\/wp-json\/wp\/v2\/media?parent=38503"}],"wp:term":[{"taxonomy":"category","embeddable":true,"href":"https:\/\/blogdoeloiltoncajuhy.com.br\/site\/wp-json\/wp\/v2\/categories?post=38503"},{"taxonomy":"post_tag","embeddable":true,"href":"https:\/\/blogdoeloiltoncajuhy.com.br\/site\/wp-json\/wp\/v2\/tags?post=38503"}],"curies":[{"name":"wp","href":"https:\/\/api.w.org\/{rel}","templated":true}]}}