{"id":38500,"date":"2019-11-01T07:38:42","date_gmt":"2019-11-01T10:38:42","guid":{"rendered":"http:\/\/blogdoeloiltoncajuhy.com.br\/site\/?p=38500"},"modified":"2019-11-01T07:38:48","modified_gmt":"2019-11-01T10:38:48","slug":"cooperacao-internacional-promove-estudo-para-reuso-de-esgoto-tratado-pela-embasa","status":"publish","type":"post","link":"https:\/\/blogdoeloiltoncajuhy.com.br\/site\/cooperacao-internacional-promove-estudo-para-reuso-de-esgoto-tratado-pela-embasa\/","title":{"rendered":"Coopera\u00e7\u00e3o internacional promove estudo para re\u00faso de esgoto tratado pela Embasa"},"content":{"rendered":"\n<p><strong>Assessoria de Comunica\u00e7\u00e3o Social da Embasa<\/strong><br>(74) 3541 8400<\/p>\n\n\n\n<div class=\"wp-block-image\"><figure class=\"aligncenter\"><img data-recalc-dims=\"1\" fetchpriority=\"high\" decoding=\"async\" width=\"600\" height=\"399\" src=\"https:\/\/i0.wp.com\/blogdoeloiltoncajuhy.com.br\/site\/wp-content\/uploads\/2019\/11\/Embasa_IMA_LancamentoProjetoReusoIICA.jpg?resize=600%2C399\" alt=\"\" class=\"wp-image-38501\" srcset=\"https:\/\/i0.wp.com\/blogdoeloiltoncajuhy.com.br\/site\/wp-content\/uploads\/2019\/11\/Embasa_IMA_LancamentoProjetoReusoIICA.jpg?w=600&amp;ssl=1 600w, https:\/\/i0.wp.com\/blogdoeloiltoncajuhy.com.br\/site\/wp-content\/uploads\/2019\/11\/Embasa_IMA_LancamentoProjetoReusoIICA.jpg?resize=300%2C200&amp;ssl=1 300w, https:\/\/i0.wp.com\/blogdoeloiltoncajuhy.com.br\/site\/wp-content\/uploads\/2019\/11\/Embasa_IMA_LancamentoProjetoReusoIICA.jpg?resize=250%2C166&amp;ssl=1 250w\" sizes=\"(max-width: 600px) 100vw, 600px\" \/><\/figure><\/div>\n\n\n\n<p>A Embasa acaba de iniciar um estudo sobre as potencialidades de reuso do efluente sanit\u00e1rio tratado, em todo o estado por meio do Projeto de Coopera\u00e7\u00e3o T\u00e9cnica <strong><em>\u201cUniversaliza\u00e7\u00e3o e aperfei\u00e7oamento da presta\u00e7\u00e3o dos servi\u00e7os de abastecimento de \u00e1gua e esgotamento sanit\u00e1rio em \u00e1reas priorit\u00e1rias do Estado da Bahia\u201d<\/em><\/strong>, firmado entre a Embasa e o Instituto Interamericano de Coopera\u00e7\u00e3o para Agricultura (IICA) e a Ag\u00eancia Brasileira de Coopera\u00e7\u00e3o do Minist\u00e9rio das Rela\u00e7\u00f5es Exteriores (ABC).<\/p>\n\n\n\n<p>O contrato para realiza\u00e7\u00e3o desse estudo foi assinado na quinta-feira (24), na sede da Embasa, em Salvador. A empresa contratada Worley, vencedora de uma concorr\u00eancia internacional, trabalhar\u00e1, sob gest\u00e3o da equipe da Unidade de Desenvolvimento Operacional (TDO), com o objetivo de tra\u00e7ar um diagn\u00f3stico das possibilidades de reuso de efluentes tratados, verificando as caracter\u00edsticas do efluente produzido nas esta\u00e7\u00f5es da Embasa, bem como o uso de \u00e1gua pelas popula\u00e7\u00f5es e atividades econ\u00f4micas pr\u00f3ximas.<\/p>\n\n\n\n<p>Com isso, ser\u00e1 poss\u00edvel identificar as converg\u00eancias entre produ\u00e7\u00e3o e demanda, o que indica potencial de aproveitamento. O estudo tamb\u00e9m apresentar\u00e1 alternativas tecnol\u00f3gicas para reuso do efluente tratado, al\u00e9m de proposta de um projeto piloto, a ser implantado pela Embasa posteriormente.<\/p>\n\n\n\n<p><em>\u201cA gente tem uma expectativa muito positiva em rela\u00e7\u00e3o a esse trabalho\u201d<\/em>, destacou o presidente da Embasa, Rog\u00e9rio Cedraz. Ele observou que, nas regi\u00f5es de menor disponibilidade h\u00eddrica, como o semi\u00e1rido, o reuso do efluente tratado pode ser avaliado como uma alternativa economicamente vi\u00e1vel e ambientalmente respons\u00e1vel, para algumas demandas de uso de \u00e1gua.<\/p>\n\n\n\n<p>Representante do IICA no Brasil, Hern\u00e1n Chiriboga lembrou que o efluente geralmente \u00e9 visto como um problema, mas pode ser uma solu\u00e7\u00e3o ambiental. <em>\u201cH\u00e1 muitas oportunidades de utiliza\u00e7\u00e3o para fins agr\u00edcolas e industriais. Em termos agr\u00edcolas, o potencial \u00e9 enorme\u201d<\/em>, destacou. O representante do IICA informou que esta \u00e9 a primeira iniciativa de mapeamento de oferta e demanda em n\u00edvel estadual no Brasil.<\/p>\n\n\n\n<p class=\"has-medium-font-size\"><strong>Projeto piloto<\/strong><\/p>\n\n\n\n<p>Al\u00e9m do diagn\u00f3stico de possibilidades, o estudo prev\u00ea a proposi\u00e7\u00e3o de um projeto piloto de aproveitamento de efluentes, a ser implantado pela Embasa. A coordenadora geral do estudo pela Worley, Helene Kubler, acredita que \u00e9 fundamental que o trabalho resulte em um projeto-piloto bem-sucedido.<\/p>\n\n\n\n<p>O estudo resultar\u00e1, ainda, em um manual, com diretrizes para incorporar a quest\u00e3o do reuso \u00e0 rotina dos sistemas de esgotamento sanit\u00e1rio. <em>\u201cTeremos uma orienta\u00e7\u00e3o sobre como fazer esse aproveitamento nas esta\u00e7\u00f5es de tratamento de esgoto existentes, e tamb\u00e9m nas novas esta\u00e7\u00f5es que a gente vier a projetar, j\u00e1 levando em considera\u00e7\u00e3o essa potencialidade\u201d<\/em>, explica o diretor T\u00e9cnico e de Planejamento da Embasa, C\u00e9sar Ramos.<\/p>\n\n\n\n<p>A iniciativa do Estudo de Avalia\u00e7\u00e3o das Potencialidades de Reuso de Efluente Sanit\u00e1rio Tratado no Estado da Bahia, segundo o gerente da Unidade de Desenvolvimento Operacional da Embasa, Alisson Brand\u00e3o, al\u00e9m de permitir a mudan\u00e7a de cultura organizacional na gest\u00e3o do tratamento de efluentes na empresa permitir\u00e1, ainda, que a Bahia possa vir a se tornar uma refer\u00eancia de boas experi\u00eancias, nos pr\u00f3ximos anos. O prazo para conclus\u00e3o do estudo, que conta com investimento de cerca de R$ 1,6 milh\u00e3o, \u00e9 de doze meses, a partir da assinatura do contrato.<\/p>\n","protected":false},"excerpt":{"rendered":"<p>Assessoria de Comunica\u00e7\u00e3o Social da Embasa(74) 3541 8400 A Embasa acaba de iniciar um estudo sobre as potencialidades de reuso do efluente sanit\u00e1rio tratado, em todo o estado por meio do Projeto de Coopera\u00e7\u00e3o T\u00e9cnica \u201cUniversaliza\u00e7\u00e3o e aperfei\u00e7oamento da presta\u00e7\u00e3o dos servi\u00e7os de abastecimento de \u00e1gua e esgotamento sanit\u00e1rio em \u00e1reas priorit\u00e1rias do Estado da [&hellip;]<\/p>\n","protected":false},"author":2,"featured_media":38501,"comment_status":"open","ping_status":"open","sticky":false,"template":"","format":"standard","meta":{"_acf_changed":false,"_monsterinsights_skip_tracking":false,"_monsterinsights_sitenote_active":false,"_monsterinsights_sitenote_note":"","_monsterinsights_sitenote_category":0,"_jetpack_memberships_contains_paid_content":false,"footnotes":"","jetpack_publicize_message":"","jetpack_publicize_feature_enabled":true,"jetpack_social_post_already_shared":true,"jetpack_social_options":{"image_generator_settings":{"template":"highway","default_image_id":0,"font":"","enabled":false},"version":2}},"categories":[5,1],"tags":[],"class_list":["post-38500","post","type-post","status-publish","format-standard","has-post-thumbnail","hentry","category-cotidiano","category-noticias"],"acf":[],"jetpack_publicize_connections":[],"jetpack_featured_media_url":"https:\/\/i0.wp.com\/blogdoeloiltoncajuhy.com.br\/site\/wp-content\/uploads\/2019\/11\/Embasa_IMA_LancamentoProjetoReusoIICA.jpg?fit=600%2C399&ssl=1","jetpack_sharing_enabled":true,"publishpress_future_workflow_manual_trigger":{"enabledWorkflows":[]},"_links":{"self":[{"href":"https:\/\/blogdoeloiltoncajuhy.com.br\/site\/wp-json\/wp\/v2\/posts\/38500","targetHints":{"allow":["GET"]}}],"collection":[{"href":"https:\/\/blogdoeloiltoncajuhy.com.br\/site\/wp-json\/wp\/v2\/posts"}],"about":[{"href":"https:\/\/blogdoeloiltoncajuhy.com.br\/site\/wp-json\/wp\/v2\/types\/post"}],"author":[{"embeddable":true,"href":"https:\/\/blogdoeloiltoncajuhy.com.br\/site\/wp-json\/wp\/v2\/users\/2"}],"replies":[{"embeddable":true,"href":"https:\/\/blogdoeloiltoncajuhy.com.br\/site\/wp-json\/wp\/v2\/comments?post=38500"}],"version-history":[{"count":1,"href":"https:\/\/blogdoeloiltoncajuhy.com.br\/site\/wp-json\/wp\/v2\/posts\/38500\/revisions"}],"predecessor-version":[{"id":38502,"href":"https:\/\/blogdoeloiltoncajuhy.com.br\/site\/wp-json\/wp\/v2\/posts\/38500\/revisions\/38502"}],"wp:featuredmedia":[{"embeddable":true,"href":"https:\/\/blogdoeloiltoncajuhy.com.br\/site\/wp-json\/wp\/v2\/media\/38501"}],"wp:attachment":[{"href":"https:\/\/blogdoeloiltoncajuhy.com.br\/site\/wp-json\/wp\/v2\/media?parent=38500"}],"wp:term":[{"taxonomy":"category","embeddable":true,"href":"https:\/\/blogdoeloiltoncajuhy.com.br\/site\/wp-json\/wp\/v2\/categories?post=38500"},{"taxonomy":"post_tag","embeddable":true,"href":"https:\/\/blogdoeloiltoncajuhy.com.br\/site\/wp-json\/wp\/v2\/tags?post=38500"}],"curies":[{"name":"wp","href":"https:\/\/api.w.org\/{rel}","templated":true}]}}