{"id":38486,"date":"2019-10-31T15:01:52","date_gmt":"2019-10-31T18:01:52","guid":{"rendered":"http:\/\/blogdoeloiltoncajuhy.com.br\/site\/?p=38486"},"modified":"2019-10-31T15:01:58","modified_gmt":"2019-10-31T18:01:58","slug":"prefeitura-de-jaguarari-antecipa-feira-livre-em-virtude-do-feriado-do-dia-de-finados","status":"publish","type":"post","link":"https:\/\/blogdoeloiltoncajuhy.com.br\/site\/prefeitura-de-jaguarari-antecipa-feira-livre-em-virtude-do-feriado-do-dia-de-finados\/","title":{"rendered":"Prefeitura de Jaguarari antecipa feira livre em virtude do feriado do Dia de Finados"},"content":{"rendered":"\n<p><strong>ASCOM &#8211; Prefeitura de Jaguarari-BA<\/strong><\/p>\n\n\n\n<div class=\"wp-block-image\"><figure class=\"aligncenter is-resized\"><img data-recalc-dims=\"1\" fetchpriority=\"high\" decoding=\"async\" src=\"https:\/\/i0.wp.com\/blogdoeloiltoncajuhy.com.br\/site\/wp-content\/uploads\/2019\/10\/PMJ_MudancaFeiraLivre_2819.jpg?resize=321%2C369\" alt=\"\" class=\"wp-image-38487\" width=\"321\" height=\"369\" srcset=\"https:\/\/i0.wp.com\/blogdoeloiltoncajuhy.com.br\/site\/wp-content\/uploads\/2019\/10\/PMJ_MudancaFeiraLivre_2819.jpg?w=641&amp;ssl=1 641w, https:\/\/i0.wp.com\/blogdoeloiltoncajuhy.com.br\/site\/wp-content\/uploads\/2019\/10\/PMJ_MudancaFeiraLivre_2819.jpg?resize=261%2C300&amp;ssl=1 261w, https:\/\/i0.wp.com\/blogdoeloiltoncajuhy.com.br\/site\/wp-content\/uploads\/2019\/10\/PMJ_MudancaFeiraLivre_2819.jpg?resize=217%2C250&amp;ssl=1 217w\" sizes=\"(max-width: 321px) 100vw, 321px\" \/><\/figure><\/div>\n\n\n\n<p>A Prefeitura Jaguarari, atrav\u00e9s da Secretaria de Administra\u00e7\u00e3o, comunica a toda popula\u00e7\u00e3o que a feira livre, que aconteceria neste s\u00e1bado (02), ser\u00e1 antecipada para sexta-feira (01), em virtude do Feriado do Dia de Finados. A mudan\u00e7a foi autorizada pelo poder executivo e j\u00e1 no pr\u00f3ximo s\u00e1bado (09), voltar\u00e1 a ser realizada no hor\u00e1rio e dia programados.<\/p>\n\n\n\n<p>Prefeitura de Jaguarari \u2013 Uma Cidade Para Todos!<\/p>\n","protected":false},"excerpt":{"rendered":"<p>ASCOM &#8211; Prefeitura de Jaguarari-BA A Prefeitura Jaguarari, atrav\u00e9s da Secretaria de Administra\u00e7\u00e3o, comunica a toda popula\u00e7\u00e3o que a feira livre, que aconteceria neste s\u00e1bado (02), ser\u00e1 antecipada para sexta-feira (01), em virtude do Feriado do Dia de Finados. A mudan\u00e7a foi autorizada pelo poder executivo e j\u00e1 no pr\u00f3ximo s\u00e1bado (09), voltar\u00e1 a ser [&hellip;]<\/p>\n","protected":false},"author":2,"featured_media":38487,"comment_status":"open","ping_status":"open","sticky":false,"template":"","format":"standard","meta":{"_acf_changed":false,"_monsterinsights_skip_tracking":false,"_monsterinsights_sitenote_active":false,"_monsterinsights_sitenote_note":"","_monsterinsights_sitenote_category":0,"_jetpack_memberships_contains_paid_content":false,"footnotes":"","jetpack_publicize_message":"","jetpack_publicize_feature_enabled":true,"jetpack_social_post_already_shared":true,"jetpack_social_options":{"image_generator_settings":{"template":"highway","default_image_id":0,"font":"","enabled":false},"version":2}},"categories":[1,11],"tags":[],"class_list":["post-38486","post","type-post","status-publish","format-standard","has-post-thumbnail","hentry","category-noticias","category-regional"],"acf":[],"jetpack_publicize_connections":[],"jetpack_featured_media_url":"https:\/\/i0.wp.com\/blogdoeloiltoncajuhy.com.br\/site\/wp-content\/uploads\/2019\/10\/PMJ_MudancaFeiraLivre_2819.jpg?fit=641%2C738&ssl=1","jetpack_sharing_enabled":true,"publishpress_future_workflow_manual_trigger":{"enabledWorkflows":[]},"_links":{"self":[{"href":"https:\/\/blogdoeloiltoncajuhy.com.br\/site\/wp-json\/wp\/v2\/posts\/38486","targetHints":{"allow":["GET"]}}],"collection":[{"href":"https:\/\/blogdoeloiltoncajuhy.com.br\/site\/wp-json\/wp\/v2\/posts"}],"about":[{"href":"https:\/\/blogdoeloiltoncajuhy.com.br\/site\/wp-json\/wp\/v2\/types\/post"}],"author":[{"embeddable":true,"href":"https:\/\/blogdoeloiltoncajuhy.com.br\/site\/wp-json\/wp\/v2\/users\/2"}],"replies":[{"embeddable":true,"href":"https:\/\/blogdoeloiltoncajuhy.com.br\/site\/wp-json\/wp\/v2\/comments?post=38486"}],"version-history":[{"count":1,"href":"https:\/\/blogdoeloiltoncajuhy.com.br\/site\/wp-json\/wp\/v2\/posts\/38486\/revisions"}],"predecessor-version":[{"id":38488,"href":"https:\/\/blogdoeloiltoncajuhy.com.br\/site\/wp-json\/wp\/v2\/posts\/38486\/revisions\/38488"}],"wp:featuredmedia":[{"embeddable":true,"href":"https:\/\/blogdoeloiltoncajuhy.com.br\/site\/wp-json\/wp\/v2\/media\/38487"}],"wp:attachment":[{"href":"https:\/\/blogdoeloiltoncajuhy.com.br\/site\/wp-json\/wp\/v2\/media?parent=38486"}],"wp:term":[{"taxonomy":"category","embeddable":true,"href":"https:\/\/blogdoeloiltoncajuhy.com.br\/site\/wp-json\/wp\/v2\/categories?post=38486"},{"taxonomy":"post_tag","embeddable":true,"href":"https:\/\/blogdoeloiltoncajuhy.com.br\/site\/wp-json\/wp\/v2\/tags?post=38486"}],"curies":[{"name":"wp","href":"https:\/\/api.w.org\/{rel}","templated":true}]}}