{"id":38483,"date":"2019-10-31T14:36:25","date_gmt":"2019-10-31T17:36:25","guid":{"rendered":"http:\/\/blogdoeloiltoncajuhy.com.br\/site\/?p=38483"},"modified":"2019-10-31T14:36:31","modified_gmt":"2019-10-31T17:36:31","slug":"detran-ba-vai-usar-sistema-de-reconhecimento-facial-para-emissao-da-cnh","status":"publish","type":"post","link":"https:\/\/blogdoeloiltoncajuhy.com.br\/site\/detran-ba-vai-usar-sistema-de-reconhecimento-facial-para-emissao-da-cnh\/","title":{"rendered":"Detran-BA vai usar sistema de reconhecimento facial para emiss\u00e3o da CNH"},"content":{"rendered":"\n<p><strong>Bahia Not\u00edcias<\/strong><\/p>\n\n\n\n<div class=\"wp-block-image\"><figure class=\"aligncenter is-resized\"><img data-recalc-dims=\"1\" fetchpriority=\"high\" decoding=\"async\" src=\"https:\/\/i0.wp.com\/blogdoeloiltoncajuhy.com.br\/site\/wp-content\/uploads\/2019\/10\/CNH_ReconhecimentoFacial.jpg?resize=411%2C303\" alt=\"\" class=\"wp-image-38484\" width=\"411\" height=\"303\" srcset=\"https:\/\/i0.wp.com\/blogdoeloiltoncajuhy.com.br\/site\/wp-content\/uploads\/2019\/10\/CNH_ReconhecimentoFacial.jpg?w=380&amp;ssl=1 380w, https:\/\/i0.wp.com\/blogdoeloiltoncajuhy.com.br\/site\/wp-content\/uploads\/2019\/10\/CNH_ReconhecimentoFacial.jpg?resize=300%2C221&amp;ssl=1 300w, https:\/\/i0.wp.com\/blogdoeloiltoncajuhy.com.br\/site\/wp-content\/uploads\/2019\/10\/CNH_ReconhecimentoFacial.jpg?resize=250%2C184&amp;ssl=1 250w\" sizes=\"(max-width: 411px) 100vw, 411px\" \/><figcaption><em>Foto: Divulga\u00e7\u00e3o<\/em><\/figcaption><\/figure><\/div>\n\n\n\n<p>A implanta\u00e7\u00e3o do processo de valida\u00e7\u00e3o da emiss\u00e3o da Carteira Nacional de Habilita\u00e7\u00e3o (CNH) por meio do sistema de reconhecimento facial do Departamento Nacional de Tr\u00e2nsito (Denatran) est\u00e1 em fase final no Departamento Estadual de Tr\u00e2nsito da Bahia (Detran-BA). O sistema ser\u00e1 integrado ao Servi\u00e7o Federal de Processamento de Dados (Serpro). O objetivo da medida \u00e9 aumentar a seguran\u00e7a no procedimento e evitar fraudes.<\/p>\n\n\n\n<p>As carteiras antigas continuar\u00e3o valendo, mas, quando a ferramenta tecnol\u00f3gica estiver dispon\u00edvel, o condutor ser\u00e1 submetido \u00e0 coleta de biometria e foto para obter a CNH, nos casos de renova\u00e7\u00e3o, segunda via e mudan\u00e7a de categoria. Para a emiss\u00e3o do documento, a foto precisar\u00e1 ser confirmada pelo reconhecimento facial.<\/p>\n\n\n\n<p>Por causa de ajustes t\u00e9cnicos que permitir\u00e3o a implanta\u00e7\u00e3o da medida, o Detran-BA poder\u00e1 ser obrigado, excepcionalmente, a estender o prazo de entrega da habilita\u00e7\u00e3o, que \u00e9 de 10 a 15 dias, em servi\u00e7os j\u00e1 abertos no \u00f3rg\u00e3o.<\/p>\n\n\n\n<p><em>\u201cCom a integra\u00e7\u00e3o ao sistema do Denatran, alguns casos de renova\u00e7\u00e3o da CNH podem sofrer atrasos pontuais na entrega, nesse per\u00edodo. Pedimos a compreens\u00e3o dos motoristas para que possamos, em poucos dias, finalizar esse processo muito importante, que vai refor\u00e7ar a seguran\u00e7a na valida\u00e7\u00e3o do documento\u201d<\/em>, explicou o diretor-geral do Detran-BA, Rodrigo Pimentel.<\/p>\n","protected":false},"excerpt":{"rendered":"<p>Bahia Not\u00edcias A implanta\u00e7\u00e3o do processo de valida\u00e7\u00e3o da emiss\u00e3o da Carteira Nacional de Habilita\u00e7\u00e3o (CNH) por meio do sistema de reconhecimento facial do Departamento Nacional de Tr\u00e2nsito (Denatran) est\u00e1 em fase final no Departamento Estadual de Tr\u00e2nsito da Bahia (Detran-BA). O sistema ser\u00e1 integrado ao Servi\u00e7o Federal de Processamento de Dados (Serpro). O objetivo [&hellip;]<\/p>\n","protected":false},"author":2,"featured_media":38484,"comment_status":"open","ping_status":"open","sticky":false,"template":"","format":"standard","meta":{"_acf_changed":false,"_monsterinsights_skip_tracking":false,"_monsterinsights_sitenote_active":false,"_monsterinsights_sitenote_note":"","_monsterinsights_sitenote_category":0,"_jetpack_memberships_contains_paid_content":false,"footnotes":"","jetpack_publicize_message":"","jetpack_publicize_feature_enabled":true,"jetpack_social_post_already_shared":true,"jetpack_social_options":{"image_generator_settings":{"template":"highway","default_image_id":0,"font":"","enabled":false},"version":2}},"categories":[5,1],"tags":[],"class_list":["post-38483","post","type-post","status-publish","format-standard","has-post-thumbnail","hentry","category-cotidiano","category-noticias"],"acf":[],"jetpack_publicize_connections":[],"jetpack_featured_media_url":"https:\/\/i0.wp.com\/blogdoeloiltoncajuhy.com.br\/site\/wp-content\/uploads\/2019\/10\/CNH_ReconhecimentoFacial.jpg?fit=380%2C280&ssl=1","jetpack_sharing_enabled":true,"publishpress_future_workflow_manual_trigger":{"enabledWorkflows":[]},"_links":{"self":[{"href":"https:\/\/blogdoeloiltoncajuhy.com.br\/site\/wp-json\/wp\/v2\/posts\/38483","targetHints":{"allow":["GET"]}}],"collection":[{"href":"https:\/\/blogdoeloiltoncajuhy.com.br\/site\/wp-json\/wp\/v2\/posts"}],"about":[{"href":"https:\/\/blogdoeloiltoncajuhy.com.br\/site\/wp-json\/wp\/v2\/types\/post"}],"author":[{"embeddable":true,"href":"https:\/\/blogdoeloiltoncajuhy.com.br\/site\/wp-json\/wp\/v2\/users\/2"}],"replies":[{"embeddable":true,"href":"https:\/\/blogdoeloiltoncajuhy.com.br\/site\/wp-json\/wp\/v2\/comments?post=38483"}],"version-history":[{"count":1,"href":"https:\/\/blogdoeloiltoncajuhy.com.br\/site\/wp-json\/wp\/v2\/posts\/38483\/revisions"}],"predecessor-version":[{"id":38485,"href":"https:\/\/blogdoeloiltoncajuhy.com.br\/site\/wp-json\/wp\/v2\/posts\/38483\/revisions\/38485"}],"wp:featuredmedia":[{"embeddable":true,"href":"https:\/\/blogdoeloiltoncajuhy.com.br\/site\/wp-json\/wp\/v2\/media\/38484"}],"wp:attachment":[{"href":"https:\/\/blogdoeloiltoncajuhy.com.br\/site\/wp-json\/wp\/v2\/media?parent=38483"}],"wp:term":[{"taxonomy":"category","embeddable":true,"href":"https:\/\/blogdoeloiltoncajuhy.com.br\/site\/wp-json\/wp\/v2\/categories?post=38483"},{"taxonomy":"post_tag","embeddable":true,"href":"https:\/\/blogdoeloiltoncajuhy.com.br\/site\/wp-json\/wp\/v2\/tags?post=38483"}],"curies":[{"name":"wp","href":"https:\/\/api.w.org\/{rel}","templated":true}]}}