{"id":38479,"date":"2019-10-31T09:09:18","date_gmt":"2019-10-31T12:09:18","guid":{"rendered":"http:\/\/blogdoeloiltoncajuhy.com.br\/site\/?p=38479"},"modified":"2019-10-31T09:09:24","modified_gmt":"2019-10-31T12:09:24","slug":"camara-municipal-de-senhor-do-bonfim-divulga-pauta-da-sessao-ordinaria-dessa-quinta-feira-31","status":"publish","type":"post","link":"https:\/\/blogdoeloiltoncajuhy.com.br\/site\/camara-municipal-de-senhor-do-bonfim-divulga-pauta-da-sessao-ordinaria-dessa-quinta-feira-31\/","title":{"rendered":"C\u00e2mara Municipal de Senhor do Bonfim divulga pauta da sess\u00e3o ordin\u00e1ria dessa quinta-feira (31)"},"content":{"rendered":"\n<p><strong>ASCOM &#8211; C\u00e2mara Municipal de Senhor do Bonfim-BA<\/strong><\/p>\n\n\n\n<div class=\"wp-block-image\"><figure class=\"aligncenter\"><img data-recalc-dims=\"1\" fetchpriority=\"high\" decoding=\"async\" width=\"800\" height=\"533\" src=\"https:\/\/i0.wp.com\/blogdoeloiltoncajuhy.com.br\/site\/wp-content\/uploads\/2019\/02\/C%C3%A2mara-Municipal-de-Senhor-do-Bonfim-0912.jpg?resize=800%2C533\" alt=\"\" class=\"wp-image-31832\" srcset=\"https:\/\/i0.wp.com\/blogdoeloiltoncajuhy.com.br\/site\/wp-content\/uploads\/2019\/02\/C%C3%A2mara-Municipal-de-Senhor-do-Bonfim-0912.jpg?resize=1024%2C682&amp;ssl=1 1024w, https:\/\/i0.wp.com\/blogdoeloiltoncajuhy.com.br\/site\/wp-content\/uploads\/2019\/02\/C%C3%A2mara-Municipal-de-Senhor-do-Bonfim-0912.jpg?resize=300%2C200&amp;ssl=1 300w, https:\/\/i0.wp.com\/blogdoeloiltoncajuhy.com.br\/site\/wp-content\/uploads\/2019\/02\/C%C3%A2mara-Municipal-de-Senhor-do-Bonfim-0912.jpg?resize=768%2C512&amp;ssl=1 768w, https:\/\/i0.wp.com\/blogdoeloiltoncajuhy.com.br\/site\/wp-content\/uploads\/2019\/02\/C%C3%A2mara-Municipal-de-Senhor-do-Bonfim-0912.jpg?resize=250%2C167&amp;ssl=1 250w, https:\/\/i0.wp.com\/blogdoeloiltoncajuhy.com.br\/site\/wp-content\/uploads\/2019\/02\/C%C3%A2mara-Municipal-de-Senhor-do-Bonfim-0912.jpg?w=1280&amp;ssl=1 1280w\" sizes=\"(max-width: 800px) 100vw, 800px\" \/><\/figure><\/div>\n\n\n\n<p>Ser\u00e1 realizada nesta quinta-feira, 31 de outubro, mais uma sess\u00e3o ordin\u00e1ria da C\u00e2mara Municipal de Senhor do Bonfim. A sess\u00e3o tamb\u00e9m ser\u00e1 transmitida pela internet a partir das 19h.<\/p>\n\n\n\n<p class=\"has-medium-font-size\"><strong>DURANTE O EXPEDIENTE SER\u00c3O LIDAS AS MAT\u00c9RIAS:<\/strong><\/p>\n\n\n\n<p>PROJETO DE DECRETO LEGISLATIVO N\u00ba 040\/2019, de autoria do Vereador Edson Ribeiro da Silva, que \u201cconcede a Medalha Doutro Jos\u00e9 Gon\u00e7alves ao Sindicato dos Servidores P\u00fablicos Municipais\u201d;<\/p>\n\n\n\n<p>PROJETO DE DECRETO LEGISLATIVO N\u00ba 041\/2019, de autoria da Vereadora L\u00facia Cristina Souza Cerqueira da Silva, que \u201cconcede Medalha Doutor Jos\u00e9 Gon\u00e7alves a Funda\u00e7\u00e3o de Apoio a Crian\u00e7a e ao Adolescente-FUNDAME\u201d;<\/p>\n\n\n\n<p>PROJETO DE DECRETO LEGISLATIVO N\u00ba 043\/2019, de autoria do Vereador Gerivaldo Ribeiro Sampaio, que \u201cconcede Medalha Doutor Jos\u00e9 Gon\u00e7alves ao Sindicato dos trabalhadores da Educa\u00e7\u00e3o do Munic\u00edpio de Senhor do Bonfim-SINTESB-BA\u201d;<\/p>\n\n\n\n<p>PROJETO DE DECRETO LEGISLATIVO N\u00ba 044\/2019, de autoria do Vereador Jo\u00e3o Carlos de Castro, que \u201cconcede Medalha Doutor Jos\u00e9 Gon\u00e7alves as Escolas Particulares de Ensino Fundamental e de Educa\u00e7\u00e3o Infantil, \u2018Centro Educacional 13 de junho\u2019 e a Escolinha \u2018Doce Inf\u00e2ncia\u2019, do Distrito de Igara e d\u00e1 outras provid\u00eancias\u201d;<\/p>\n\n\n\n<p>PROJETO DE DECRETO LEGISLATIVO N\u00ba 045\/2019, de autoria do Vereador Herm\u00f3genes Gomes de Almeida, que \u201cconcede Medalha Doutor Jos\u00e9 Gon\u00e7alves ao Prefeito Carlos Alberto Lopes Brasileiro e d\u00e1 outras provid\u00eancias\u201d;<\/p>\n\n\n\n<p>PROJETO DE DECRETO LEGISLATIVO N\u00ba 046\/2019, de autoria do Vereador Alexandre Ferreira, que \u201cconcede Medalha Doutor Jos\u00e9 Gon\u00e7alves \u00e0 IGARATUR, no munic\u00edpio de Senhor do Bonfim, representada pelo Senhor Jo\u00e3o Brito de Castro Filho, e da outras provid\u00eancias\u201d;<\/p>\n\n\n\n<p>PARECER da Comiss\u00e3o de Legisla\u00e7\u00e3o, Justi\u00e7a, Postura e Reda\u00e7\u00e3o Final, ao Projeto de Lei do Executivo n\u00ba 013\/2019, que \u201cdisp\u00f5e sobre a cria\u00e7\u00e3o de novos cargos, com respectivas fun\u00e7\u00f5es e vagas, no quadro de tempor\u00e1rios do Executivo Municipal, adotando outra provid\u00eancias\u201d;<\/p>\n\n\n\n<p>PARECER da Comiss\u00e3o de Finan\u00e7as, Or\u00e7amento, Fiscaliza\u00e7\u00e3o Financeira e Or\u00e7ament\u00e1ria, ao Projeto de Lei do Executivo n\u00ba 013\/2019 que \u201cdisp\u00f5e sobre a cria\u00e7\u00e3o de novos cargos, com respectivas fun\u00e7\u00f5es e vagas, no quadro de tempor\u00e1rios do Executivo Municipal, adotando outra provid\u00eancias\u201d;<\/p>\n\n\n\n<p>PARECER da Comiss\u00e3o de Legisla\u00e7\u00e3o, Justi\u00e7a, Postura e Reda\u00e7\u00e3o Final, ao Projeto de Lei do Executivo n\u00ba 017\/2019, que \u201cautoriza o Chefe do Poder Executivo Municipal a proceder \u00e0 abertura a Lei Or\u00e7ament\u00e1ria n\u00ba 1.474\/2018, que disp\u00f5e sobre o or\u00e7amento financeiro de 2019, no valor de R$ 378.537,39\u201d;<\/p>\n\n\n\n<p>PARECER da Comiss\u00e3o de Finan\u00e7as, Or\u00e7amento, Fiscaliza\u00e7\u00e3o Financeira e Or\u00e7ament\u00e1ria, ao Projeto de Lei do Executivo n\u00ba 017\/2019 que \u201cautoriza o Chefe do Poder Executivo Municipal a proceder \u00e0 abertura a Lei Or\u00e7ament\u00e1ria n\u00ba 1.474\/2018, que disp\u00f5e sobre o or\u00e7amento financeiro de 2019, no valor de R$ 378.537,39\u201d;<\/p>\n\n\n\n<p>PEDIDO DE PROVID\u00caNCIA N\u00ba 019\/2019, de autoria do vereador Alexandre Ferreira, que solicita \u201ca reposi\u00e7\u00e3o de oito l\u00e2mpadas na Pra\u00e7a Dr. Jos\u00e9 Gon\u00e7alves, Distrito de Igara\u201d;<\/p>\n\n\n\n<p>PEDIDO DE PROVID\u00caNCIA N\u00ba 055\/2019, de autoria do vereador Elizeu Concei\u00e7\u00e3o de Souza, solicita \u201cque Secretaria de Infraestrutura realize o servi\u00e7o de cal\u00e7amento e asfaltamento nas estradas vicinais do Povoado de Cachoeirinha\u201d;<\/p>\n\n\n\n<p>PEDIDO DE PROVID\u00caNCIA N\u00ba 071\/2019, de autoria do vereador La\u00e9rcio Muniz de Azevedo J\u00fanior, solicita que \u201ca Secretaria Municipal de Infraestrutura promova a melhoria da via p\u00fablica, Avenida Dois de Julho, bairro Centro, fazendo a poda das \u00e1rvores\u201d;<\/p>\n\n\n\n<p>PEDIDO DE PROVID\u00caNCIA N\u00ba 072\/2019, de autoria do vereador La\u00e9rcio Muniz de Azevedo J\u00fanior, solicita que \u201ca Secretaria Municipal de Infraestrutura promova a melhoria da via p\u00fablica, rua da Sa\u00fade, bairro Mercado, fazendo a melhoria do seu cal\u00e7amento\u201d;<\/p>\n\n\n\n<p>OF\u00cdCIO N\u00ba 40\/2019, oriundo do Sindicato dos Trabalhadores na Educa\u00e7\u00e3o de Senhor do Bonfim \u2013 SINTESB, que solicita espa\u00e7o na tribuna para discuss\u00e3o sobre o Projeto de Lei do Executivo n\u00ba 013\/2019;<\/p>\n\n\n\n<p>OF\u00cdCIO GAB. PREF. N\u00ba 326\/2019, que solicita espa\u00e7o na Tribuna para o Senhor Idelson Benedito de Souza \u2013 Controlador Interno, na Sess\u00e3o Ordin\u00e1ria do dia 31\/10\/2019, com o fito de dirimir algumas quest\u00f5es referentes ao Projeto de Lei do Executivo n\u00ba 013\/2019.<\/p>\n\n\n\n<p class=\"has-medium-font-size\"><strong>ORDEM DO DO DIA<\/strong>:<\/p>\n\n\n\n<p>PARECER da Comiss\u00e3o de Legisla\u00e7\u00e3o, Justi\u00e7a, Postura e Reda\u00e7\u00e3o Final, ao Projeto de Lei do Executivo n\u00ba 013\/2019, que \u201cdisp\u00f5e sobre a cria\u00e7\u00e3o de novos cargos, com respectivas fun\u00e7\u00f5es e vagas, no quadro de tempor\u00e1rios do Executivo Municipal, adotando outra provid\u00eancias\u201d;<\/p>\n\n\n\n<p>PARECER da Comiss\u00e3o de Finan\u00e7as, Or\u00e7amento, Fiscaliza\u00e7\u00e3o Financeira e Or\u00e7ament\u00e1ria, ao Projeto de Lei do Executivo n\u00ba 013\/2019 que \u201cdisp\u00f5e sobre a cria\u00e7\u00e3o de novos cargos, com respectivas fun\u00e7\u00f5es e vagas, no quadro de tempor\u00e1rios do Executivo Municipal, adotando outra provid\u00eancias\u201d;<\/p>\n\n\n\n<p>PROJETO DE LEI DO EXECUTIVO N\u00ba 013\/2019, que \u201cDisp\u00f5e sobre a cria\u00e7\u00e3o de novos cargos, com respectivas fun\u00e7\u00f5es e vagas, no quadro de tempor\u00e1rios do Executivo Municipal, adotando outras provid\u00eancias\u201d;<\/p>\n\n\n\n<p>PARECER da Comiss\u00e3o de Legisla\u00e7\u00e3o, Justi\u00e7a, Postura e Reda\u00e7\u00e3o Final, ao Projeto de Lei do Executivo n\u00ba 017\/2019, que \u201cautoriza o Chefe do Poder Executivo Municipal a proceder \u00e0 abertura a Lei Or\u00e7ament\u00e1ria n\u00ba 1.474\/2018, que disp\u00f5e sobre o or\u00e7amento financeiro de 2019, no valor de R$ 378.537,39\u201d;<\/p>\n\n\n\n<p>PARECER da Comiss\u00e3o de Finan\u00e7as, Or\u00e7amento, Fiscaliza\u00e7\u00e3o Financeira e Or\u00e7ament\u00e1ria, ao Projeto de Lei do Executivo n\u00ba 017\/2019 que \u201cautoriza o Chefe do Poder Executivo Municipal a proceder \u00e0 abertura a Lei Or\u00e7ament\u00e1ria n\u00ba 1.474\/2018, que disp\u00f5e sobre o or\u00e7amento financeiro de 2019, no valor de R$ 378.537,39\u201d;<\/p>\n\n\n\n<p>PROJETO DE LEI DO EXECUTIVO N\u00ba 017\/2019 que \u201cautoriza o Chefe do Poder Executivo Municipal a proceder \u00e0 abertura a Lei Or\u00e7ament\u00e1ria n\u00ba 1.474\/2018, que disp\u00f5e sobre o or\u00e7amento financeiro de 2019, no valor de R$ 378.537,39\u201d.<\/p>\n","protected":false},"excerpt":{"rendered":"<p>ASCOM &#8211; C\u00e2mara Municipal de Senhor do Bonfim-BA Ser\u00e1 realizada nesta quinta-feira, 31 de outubro, mais uma sess\u00e3o ordin\u00e1ria da C\u00e2mara Municipal de Senhor do Bonfim. A sess\u00e3o tamb\u00e9m ser\u00e1 transmitida pela internet a partir das 19h. DURANTE O EXPEDIENTE SER\u00c3O LIDAS AS MAT\u00c9RIAS: PROJETO DE DECRETO LEGISLATIVO N\u00ba 040\/2019, de autoria do Vereador Edson [&hellip;]<\/p>\n","protected":false},"author":2,"featured_media":0,"comment_status":"open","ping_status":"open","sticky":false,"template":"","format":"standard","meta":{"_acf_changed":false,"_monsterinsights_skip_tracking":false,"_monsterinsights_sitenote_active":false,"_monsterinsights_sitenote_note":"","_monsterinsights_sitenote_category":0,"_jetpack_memberships_contains_paid_content":false,"footnotes":"","jetpack_publicize_message":"","jetpack_publicize_feature_enabled":true,"jetpack_social_post_already_shared":true,"jetpack_social_options":{"image_generator_settings":{"template":"highway","default_image_id":0,"font":"","enabled":false},"version":2}},"categories":[1,3,4],"tags":[],"class_list":["post-38479","post","type-post","status-publish","format-standard","hentry","category-noticias","category-politica","category-local"],"acf":[],"jetpack_publicize_connections":[],"jetpack_featured_media_url":"","jetpack_sharing_enabled":true,"publishpress_future_workflow_manual_trigger":{"enabledWorkflows":[]},"_links":{"self":[{"href":"https:\/\/blogdoeloiltoncajuhy.com.br\/site\/wp-json\/wp\/v2\/posts\/38479","targetHints":{"allow":["GET"]}}],"collection":[{"href":"https:\/\/blogdoeloiltoncajuhy.com.br\/site\/wp-json\/wp\/v2\/posts"}],"about":[{"href":"https:\/\/blogdoeloiltoncajuhy.com.br\/site\/wp-json\/wp\/v2\/types\/post"}],"author":[{"embeddable":true,"href":"https:\/\/blogdoeloiltoncajuhy.com.br\/site\/wp-json\/wp\/v2\/users\/2"}],"replies":[{"embeddable":true,"href":"https:\/\/blogdoeloiltoncajuhy.com.br\/site\/wp-json\/wp\/v2\/comments?post=38479"}],"version-history":[{"count":1,"href":"https:\/\/blogdoeloiltoncajuhy.com.br\/site\/wp-json\/wp\/v2\/posts\/38479\/revisions"}],"predecessor-version":[{"id":38480,"href":"https:\/\/blogdoeloiltoncajuhy.com.br\/site\/wp-json\/wp\/v2\/posts\/38479\/revisions\/38480"}],"wp:attachment":[{"href":"https:\/\/blogdoeloiltoncajuhy.com.br\/site\/wp-json\/wp\/v2\/media?parent=38479"}],"wp:term":[{"taxonomy":"category","embeddable":true,"href":"https:\/\/blogdoeloiltoncajuhy.com.br\/site\/wp-json\/wp\/v2\/categories?post=38479"},{"taxonomy":"post_tag","embeddable":true,"href":"https:\/\/blogdoeloiltoncajuhy.com.br\/site\/wp-json\/wp\/v2\/tags?post=38479"}],"curies":[{"name":"wp","href":"https:\/\/api.w.org\/{rel}","templated":true}]}}