{"id":38476,"date":"2019-10-30T20:23:30","date_gmt":"2019-10-30T23:23:30","guid":{"rendered":"http:\/\/blogdoeloiltoncajuhy.com.br\/site\/?p=38476"},"modified":"2019-10-30T20:23:36","modified_gmt":"2019-10-30T23:23:36","slug":"visando-fortalecer-a-economia-local-prefeitura-de-jaguarari-realizara-a-primeira-feirinha-livre-noturna","status":"publish","type":"post","link":"https:\/\/blogdoeloiltoncajuhy.com.br\/site\/visando-fortalecer-a-economia-local-prefeitura-de-jaguarari-realizara-a-primeira-feirinha-livre-noturna\/","title":{"rendered":"Visando fortalecer a economia local, prefeitura de Jaguarari realizar\u00e1 a primeira feirinha livre noturna"},"content":{"rendered":"\n<p><strong>ASCOM &#8211; Prefeitura de Jaguarari-BA<\/strong><\/p>\n\n\n\n<div class=\"wp-block-image\"><figure class=\"aligncenter is-resized\"><img fetchpriority=\"high\" decoding=\"async\" src=\"https:\/\/i0.wp.com\/blogdoeloiltoncajuhy.com.br\/site\/wp-content\/uploads\/2019\/10\/PMJ_FeiraLivreNoturna.jpg?fit=590%2C652\" alt=\"\" class=\"wp-image-38477\" width=\"442\" height=\"489\" srcset=\"https:\/\/i0.wp.com\/blogdoeloiltoncajuhy.com.br\/site\/wp-content\/uploads\/2019\/10\/PMJ_FeiraLivreNoturna.jpg?w=969&amp;ssl=1 969w, https:\/\/i0.wp.com\/blogdoeloiltoncajuhy.com.br\/site\/wp-content\/uploads\/2019\/10\/PMJ_FeiraLivreNoturna.jpg?resize=271%2C300&amp;ssl=1 271w, https:\/\/i0.wp.com\/blogdoeloiltoncajuhy.com.br\/site\/wp-content\/uploads\/2019\/10\/PMJ_FeiraLivreNoturna.jpg?resize=768%2C850&amp;ssl=1 768w, https:\/\/i0.wp.com\/blogdoeloiltoncajuhy.com.br\/site\/wp-content\/uploads\/2019\/10\/PMJ_FeiraLivreNoturna.jpg?resize=926%2C1024&amp;ssl=1 926w, https:\/\/i0.wp.com\/blogdoeloiltoncajuhy.com.br\/site\/wp-content\/uploads\/2019\/10\/PMJ_FeiraLivreNoturna.jpg?resize=226%2C250&amp;ssl=1 226w\" sizes=\"(max-width: 442px) 100vw, 442px\" \/><\/figure><\/div>\n\n\n\n<p>Visando fortalecer a economia local, a Prefeitura de Jaguarari, atrav\u00e9s da Secretaria de Agricultura, estar\u00e1 realizando no dia 14 de novembro, na Pra\u00e7a Alfredo Viana, a primeira feirinha livre noturna, onde ser\u00e3o comercializados produtos da agricultura familiar, artesanatos, doces e salgados. Os interessados em comercializar seus produtos dever\u00e3o se dirigir \u00e0 Secretaria de Agricultura, das 08h \u00e0s 12h ,e fazer o seu cadastro gratuito at\u00e9 o dia 05 de novembro.<\/p>\n","protected":false},"excerpt":{"rendered":"<p>ASCOM &#8211; Prefeitura de Jaguarari-BA Visando fortalecer a economia local, a Prefeitura de Jaguarari, atrav\u00e9s da Secretaria de Agricultura, estar\u00e1 realizando no dia 14 de novembro, na Pra\u00e7a Alfredo Viana, a primeira feirinha livre noturna, onde ser\u00e3o comercializados produtos da agricultura familiar, artesanatos, doces e salgados. Os interessados em comercializar seus produtos dever\u00e3o se dirigir [&hellip;]<\/p>\n","protected":false},"author":2,"featured_media":38477,"comment_status":"open","ping_status":"open","sticky":false,"template":"","format":"standard","meta":{"_acf_changed":false,"_monsterinsights_skip_tracking":false,"_monsterinsights_sitenote_active":false,"_monsterinsights_sitenote_note":"","_monsterinsights_sitenote_category":0,"_jetpack_memberships_contains_paid_content":false,"footnotes":"","jetpack_publicize_message":"","jetpack_publicize_feature_enabled":true,"jetpack_social_post_already_shared":true,"jetpack_social_options":{"image_generator_settings":{"template":"highway","default_image_id":0,"font":"","enabled":false},"version":2}},"categories":[1,3,11],"tags":[],"class_list":["post-38476","post","type-post","status-publish","format-standard","has-post-thumbnail","hentry","category-noticias","category-politica","category-regional"],"acf":[],"jetpack_publicize_connections":[],"jetpack_featured_media_url":"https:\/\/i0.wp.com\/blogdoeloiltoncajuhy.com.br\/site\/wp-content\/uploads\/2019\/10\/PMJ_FeiraLivreNoturna.jpg?fit=969%2C1072&ssl=1","jetpack_sharing_enabled":true,"publishpress_future_workflow_manual_trigger":{"enabledWorkflows":[]},"_links":{"self":[{"href":"https:\/\/blogdoeloiltoncajuhy.com.br\/site\/wp-json\/wp\/v2\/posts\/38476","targetHints":{"allow":["GET"]}}],"collection":[{"href":"https:\/\/blogdoeloiltoncajuhy.com.br\/site\/wp-json\/wp\/v2\/posts"}],"about":[{"href":"https:\/\/blogdoeloiltoncajuhy.com.br\/site\/wp-json\/wp\/v2\/types\/post"}],"author":[{"embeddable":true,"href":"https:\/\/blogdoeloiltoncajuhy.com.br\/site\/wp-json\/wp\/v2\/users\/2"}],"replies":[{"embeddable":true,"href":"https:\/\/blogdoeloiltoncajuhy.com.br\/site\/wp-json\/wp\/v2\/comments?post=38476"}],"version-history":[{"count":1,"href":"https:\/\/blogdoeloiltoncajuhy.com.br\/site\/wp-json\/wp\/v2\/posts\/38476\/revisions"}],"predecessor-version":[{"id":38478,"href":"https:\/\/blogdoeloiltoncajuhy.com.br\/site\/wp-json\/wp\/v2\/posts\/38476\/revisions\/38478"}],"wp:featuredmedia":[{"embeddable":true,"href":"https:\/\/blogdoeloiltoncajuhy.com.br\/site\/wp-json\/wp\/v2\/media\/38477"}],"wp:attachment":[{"href":"https:\/\/blogdoeloiltoncajuhy.com.br\/site\/wp-json\/wp\/v2\/media?parent=38476"}],"wp:term":[{"taxonomy":"category","embeddable":true,"href":"https:\/\/blogdoeloiltoncajuhy.com.br\/site\/wp-json\/wp\/v2\/categories?post=38476"},{"taxonomy":"post_tag","embeddable":true,"href":"https:\/\/blogdoeloiltoncajuhy.com.br\/site\/wp-json\/wp\/v2\/tags?post=38476"}],"curies":[{"name":"wp","href":"https:\/\/api.w.org\/{rel}","templated":true}]}}