{"id":38468,"date":"2019-10-30T19:10:09","date_gmt":"2019-10-30T22:10:09","guid":{"rendered":"http:\/\/blogdoeloiltoncajuhy.com.br\/site\/?p=38468"},"modified":"2019-10-30T19:10:16","modified_gmt":"2019-10-30T22:10:16","slug":"para-facilitar-estacionamento-prefeitura-de-senhor-do-bonfim-vai-ampliar-vagas-no-centro","status":"publish","type":"post","link":"https:\/\/blogdoeloiltoncajuhy.com.br\/site\/para-facilitar-estacionamento-prefeitura-de-senhor-do-bonfim-vai-ampliar-vagas-no-centro\/","title":{"rendered":"Para facilitar estacionamento, prefeitura de Senhor do Bonfim vai ampliar vagas no centro"},"content":{"rendered":"\n<p><strong>ASCOM &#8211; Prefeitura de Senhor do Bonfim-BA<\/strong><\/p>\n\n\n\n<div class=\"wp-block-image\"><figure class=\"aligncenter is-resized\"><img data-recalc-dims=\"1\" fetchpriority=\"high\" decoding=\"async\" src=\"https:\/\/i0.wp.com\/blogdoeloiltoncajuhy.com.br\/site\/wp-content\/uploads\/2019\/10\/PMSB_AjuestesEstacionamento_01.jpg?resize=480%2C320\" alt=\"\" class=\"wp-image-38469\" width=\"480\" height=\"320\" srcset=\"https:\/\/i0.wp.com\/blogdoeloiltoncajuhy.com.br\/site\/wp-content\/uploads\/2019\/10\/PMSB_AjuestesEstacionamento_01.jpg?w=960&amp;ssl=1 960w, https:\/\/i0.wp.com\/blogdoeloiltoncajuhy.com.br\/site\/wp-content\/uploads\/2019\/10\/PMSB_AjuestesEstacionamento_01.jpg?resize=300%2C200&amp;ssl=1 300w, https:\/\/i0.wp.com\/blogdoeloiltoncajuhy.com.br\/site\/wp-content\/uploads\/2019\/10\/PMSB_AjuestesEstacionamento_01.jpg?resize=768%2C511&amp;ssl=1 768w, https:\/\/i0.wp.com\/blogdoeloiltoncajuhy.com.br\/site\/wp-content\/uploads\/2019\/10\/PMSB_AjuestesEstacionamento_01.jpg?resize=250%2C166&amp;ssl=1 250w\" sizes=\"(max-width: 480px) 100vw, 480px\" \/><\/figure><\/div>\n\n\n\n<p>O Prefeito Carlos Brasileiro esteve na manh\u00e3 desta quarta-feira (30) ajustando detalhes com t\u00e9cnicos da prefeitura para constru\u00e7\u00e3o de estacionamentos verticais em duas pra\u00e7as da cidade. O chefe do Executivo esteve na Pra\u00e7a Manoel Vitorino, regi\u00e3o do Col\u00e9gio Sacramentinas, e na Pra\u00e7a da Bandeira, ao lado da Prefeitura Municipal.<\/p>\n\n\n\n<p><em>\u201cA proposta \u00e9 ofertar mais vagas no centro da cidade e garantir que um n\u00famero maior de pessoas tenha acesso \u00e0s vagas de estacionamento, inclusive idosos e deficientes\u201d<\/em>, esclareceu o prefeito.<\/p>\n\n\n\n<p><em>\u201c\u00c9 mais uma importante a\u00e7\u00e3o do governo para o reordenamento do nosso transito\u201d<\/em>, frisou o diretor do Dmtrans, Jos\u00e9 Clerton Borges.<\/p>\n\n\n\n<p>Tamb\u00e9m estiveram presentes durante vistoria t\u00e9cnica o secret\u00e1rio de Administra\u00e7\u00e3o, Cl\u00e1udio Nunes, o diretor Administrativo, Agileu Lima, e o projetista Ivomar Gitanio.<\/p>\n\n\n\n<div class=\"wp-block-image\"><figure class=\"aligncenter is-resized\"><img data-recalc-dims=\"1\" decoding=\"async\" src=\"https:\/\/i0.wp.com\/blogdoeloiltoncajuhy.com.br\/site\/wp-content\/uploads\/2019\/10\/PMSB_AjuestesEstacionamento_02.jpg?resize=480%2C320\" alt=\"\" class=\"wp-image-38470\" width=\"480\" height=\"320\" srcset=\"https:\/\/i0.wp.com\/blogdoeloiltoncajuhy.com.br\/site\/wp-content\/uploads\/2019\/10\/PMSB_AjuestesEstacionamento_02.jpg?w=960&amp;ssl=1 960w, https:\/\/i0.wp.com\/blogdoeloiltoncajuhy.com.br\/site\/wp-content\/uploads\/2019\/10\/PMSB_AjuestesEstacionamento_02.jpg?resize=300%2C200&amp;ssl=1 300w, https:\/\/i0.wp.com\/blogdoeloiltoncajuhy.com.br\/site\/wp-content\/uploads\/2019\/10\/PMSB_AjuestesEstacionamento_02.jpg?resize=768%2C511&amp;ssl=1 768w, https:\/\/i0.wp.com\/blogdoeloiltoncajuhy.com.br\/site\/wp-content\/uploads\/2019\/10\/PMSB_AjuestesEstacionamento_02.jpg?resize=250%2C166&amp;ssl=1 250w\" sizes=\"(max-width: 480px) 100vw, 480px\" \/><\/figure><\/div>\n","protected":false},"excerpt":{"rendered":"<p>ASCOM &#8211; Prefeitura de Senhor do Bonfim-BA O Prefeito Carlos Brasileiro esteve na manh\u00e3 desta quarta-feira (30) ajustando detalhes com t\u00e9cnicos da prefeitura para constru\u00e7\u00e3o de estacionamentos verticais em duas pra\u00e7as da cidade. O chefe do Executivo esteve na Pra\u00e7a Manoel Vitorino, regi\u00e3o do Col\u00e9gio Sacramentinas, e na Pra\u00e7a da Bandeira, ao lado da Prefeitura [&hellip;]<\/p>\n","protected":false},"author":2,"featured_media":38470,"comment_status":"open","ping_status":"open","sticky":false,"template":"","format":"standard","meta":{"_acf_changed":false,"_monsterinsights_skip_tracking":false,"_monsterinsights_sitenote_active":false,"_monsterinsights_sitenote_note":"","_monsterinsights_sitenote_category":0,"_jetpack_memberships_contains_paid_content":false,"footnotes":"","jetpack_publicize_message":"","jetpack_publicize_feature_enabled":true,"jetpack_social_post_already_shared":true,"jetpack_social_options":{"image_generator_settings":{"template":"highway","default_image_id":0,"font":"","enabled":false},"version":2}},"categories":[1,3,4],"tags":[],"class_list":["post-38468","post","type-post","status-publish","format-standard","has-post-thumbnail","hentry","category-noticias","category-politica","category-local"],"acf":[],"jetpack_publicize_connections":[],"jetpack_featured_media_url":"https:\/\/i0.wp.com\/blogdoeloiltoncajuhy.com.br\/site\/wp-content\/uploads\/2019\/10\/PMSB_AjuestesEstacionamento_02.jpg?fit=960%2C639&ssl=1","jetpack_sharing_enabled":true,"publishpress_future_workflow_manual_trigger":{"enabledWorkflows":[]},"_links":{"self":[{"href":"https:\/\/blogdoeloiltoncajuhy.com.br\/site\/wp-json\/wp\/v2\/posts\/38468","targetHints":{"allow":["GET"]}}],"collection":[{"href":"https:\/\/blogdoeloiltoncajuhy.com.br\/site\/wp-json\/wp\/v2\/posts"}],"about":[{"href":"https:\/\/blogdoeloiltoncajuhy.com.br\/site\/wp-json\/wp\/v2\/types\/post"}],"author":[{"embeddable":true,"href":"https:\/\/blogdoeloiltoncajuhy.com.br\/site\/wp-json\/wp\/v2\/users\/2"}],"replies":[{"embeddable":true,"href":"https:\/\/blogdoeloiltoncajuhy.com.br\/site\/wp-json\/wp\/v2\/comments?post=38468"}],"version-history":[{"count":1,"href":"https:\/\/blogdoeloiltoncajuhy.com.br\/site\/wp-json\/wp\/v2\/posts\/38468\/revisions"}],"predecessor-version":[{"id":38471,"href":"https:\/\/blogdoeloiltoncajuhy.com.br\/site\/wp-json\/wp\/v2\/posts\/38468\/revisions\/38471"}],"wp:featuredmedia":[{"embeddable":true,"href":"https:\/\/blogdoeloiltoncajuhy.com.br\/site\/wp-json\/wp\/v2\/media\/38470"}],"wp:attachment":[{"href":"https:\/\/blogdoeloiltoncajuhy.com.br\/site\/wp-json\/wp\/v2\/media?parent=38468"}],"wp:term":[{"taxonomy":"category","embeddable":true,"href":"https:\/\/blogdoeloiltoncajuhy.com.br\/site\/wp-json\/wp\/v2\/categories?post=38468"},{"taxonomy":"post_tag","embeddable":true,"href":"https:\/\/blogdoeloiltoncajuhy.com.br\/site\/wp-json\/wp\/v2\/tags?post=38468"}],"curies":[{"name":"wp","href":"https:\/\/api.w.org\/{rel}","templated":true}]}}