{"id":38465,"date":"2019-10-30T19:03:39","date_gmt":"2019-10-30T22:03:39","guid":{"rendered":"http:\/\/blogdoeloiltoncajuhy.com.br\/site\/?p=38465"},"modified":"2019-10-30T19:03:45","modified_gmt":"2019-10-30T22:03:45","slug":"atencao-produtores-de-jaguarari-tem-inicio-nesta-sexta-feira-01-a-vacinacao-contra-a-febre-aftosa","status":"publish","type":"post","link":"https:\/\/blogdoeloiltoncajuhy.com.br\/site\/atencao-produtores-de-jaguarari-tem-inicio-nesta-sexta-feira-01-a-vacinacao-contra-a-febre-aftosa\/","title":{"rendered":"Aten\u00e7\u00e3o produtores de Jaguarari: Tem inicio nesta sexta-feira (01), a vacina\u00e7\u00e3o contra a Febre Aftosa"},"content":{"rendered":"\n<p><strong>ASCOM &#8211; Prefeitura de Jaguarari-BA<\/strong><\/p>\n\n\n\n<div class=\"wp-block-image\"><figure class=\"aligncenter is-resized\"><img fetchpriority=\"high\" decoding=\"async\" src=\"https:\/\/i1.wp.com\/blogdoeloiltoncajuhy.com.br\/site\/wp-content\/uploads\/2019\/10\/PMJ_CampanhaAftosa.jpg?fit=590%2C679\" alt=\"\" class=\"wp-image-38466\" width=\"295\" height=\"340\" srcset=\"https:\/\/i0.wp.com\/blogdoeloiltoncajuhy.com.br\/site\/wp-content\/uploads\/2019\/10\/PMJ_CampanhaAftosa.jpg?w=1112&amp;ssl=1 1112w, https:\/\/i0.wp.com\/blogdoeloiltoncajuhy.com.br\/site\/wp-content\/uploads\/2019\/10\/PMJ_CampanhaAftosa.jpg?resize=261%2C300&amp;ssl=1 261w, https:\/\/i0.wp.com\/blogdoeloiltoncajuhy.com.br\/site\/wp-content\/uploads\/2019\/10\/PMJ_CampanhaAftosa.jpg?resize=768%2C884&amp;ssl=1 768w, https:\/\/i0.wp.com\/blogdoeloiltoncajuhy.com.br\/site\/wp-content\/uploads\/2019\/10\/PMJ_CampanhaAftosa.jpg?resize=890%2C1024&amp;ssl=1 890w, https:\/\/i0.wp.com\/blogdoeloiltoncajuhy.com.br\/site\/wp-content\/uploads\/2019\/10\/PMJ_CampanhaAftosa.jpg?resize=217%2C250&amp;ssl=1 217w\" sizes=\"(max-width: 295px) 100vw, 295px\" \/><\/figure><\/div>\n\n\n\n<p>A ADAB, em parceria com a Prefeitura de Jaguarari, informa que a vacina\u00e7\u00e3o contra a <em>Febre Aftosa<\/em> come\u00e7a na sexta (dia 1\u00ba) e vai at\u00e9 o dia 30 de novembro, devendo ser vacinados bovinos de at\u00e9 24 meses. Ap\u00f3s vacinar seu rebanho, dever\u00e1 fazer a declara\u00e7\u00e3o no escrit\u00f3rio da ADAB em nosso munic\u00edpio ou atrav\u00e9s do site www.adab.ba.gov.br. Vamos juntos vencer a Febre Aftosa!<\/p>\n","protected":false},"excerpt":{"rendered":"<p>ASCOM &#8211; Prefeitura de Jaguarari-BA A ADAB, em parceria com a Prefeitura de Jaguarari, informa que a vacina\u00e7\u00e3o contra a Febre Aftosa come\u00e7a na sexta (dia 1\u00ba) e vai at\u00e9 o dia 30 de novembro, devendo ser vacinados bovinos de at\u00e9 24 meses. Ap\u00f3s vacinar seu rebanho, dever\u00e1 fazer a declara\u00e7\u00e3o no escrit\u00f3rio da ADAB [&hellip;]<\/p>\n","protected":false},"author":2,"featured_media":38466,"comment_status":"open","ping_status":"open","sticky":false,"template":"","format":"standard","meta":{"_acf_changed":false,"_monsterinsights_skip_tracking":false,"_monsterinsights_sitenote_active":false,"_monsterinsights_sitenote_note":"","_monsterinsights_sitenote_category":0,"_jetpack_memberships_contains_paid_content":false,"footnotes":"","jetpack_publicize_message":"","jetpack_publicize_feature_enabled":true,"jetpack_social_post_already_shared":true,"jetpack_social_options":{"image_generator_settings":{"template":"highway","default_image_id":0,"font":"","enabled":false},"version":2}},"categories":[1,11],"tags":[],"class_list":["post-38465","post","type-post","status-publish","format-standard","has-post-thumbnail","hentry","category-noticias","category-regional"],"acf":[],"jetpack_publicize_connections":[],"jetpack_featured_media_url":"https:\/\/i0.wp.com\/blogdoeloiltoncajuhy.com.br\/site\/wp-content\/uploads\/2019\/10\/PMJ_CampanhaAftosa.jpg?fit=1112%2C1280&ssl=1","jetpack_sharing_enabled":true,"publishpress_future_workflow_manual_trigger":{"enabledWorkflows":[]},"_links":{"self":[{"href":"https:\/\/blogdoeloiltoncajuhy.com.br\/site\/wp-json\/wp\/v2\/posts\/38465","targetHints":{"allow":["GET"]}}],"collection":[{"href":"https:\/\/blogdoeloiltoncajuhy.com.br\/site\/wp-json\/wp\/v2\/posts"}],"about":[{"href":"https:\/\/blogdoeloiltoncajuhy.com.br\/site\/wp-json\/wp\/v2\/types\/post"}],"author":[{"embeddable":true,"href":"https:\/\/blogdoeloiltoncajuhy.com.br\/site\/wp-json\/wp\/v2\/users\/2"}],"replies":[{"embeddable":true,"href":"https:\/\/blogdoeloiltoncajuhy.com.br\/site\/wp-json\/wp\/v2\/comments?post=38465"}],"version-history":[{"count":1,"href":"https:\/\/blogdoeloiltoncajuhy.com.br\/site\/wp-json\/wp\/v2\/posts\/38465\/revisions"}],"predecessor-version":[{"id":38467,"href":"https:\/\/blogdoeloiltoncajuhy.com.br\/site\/wp-json\/wp\/v2\/posts\/38465\/revisions\/38467"}],"wp:featuredmedia":[{"embeddable":true,"href":"https:\/\/blogdoeloiltoncajuhy.com.br\/site\/wp-json\/wp\/v2\/media\/38466"}],"wp:attachment":[{"href":"https:\/\/blogdoeloiltoncajuhy.com.br\/site\/wp-json\/wp\/v2\/media?parent=38465"}],"wp:term":[{"taxonomy":"category","embeddable":true,"href":"https:\/\/blogdoeloiltoncajuhy.com.br\/site\/wp-json\/wp\/v2\/categories?post=38465"},{"taxonomy":"post_tag","embeddable":true,"href":"https:\/\/blogdoeloiltoncajuhy.com.br\/site\/wp-json\/wp\/v2\/tags?post=38465"}],"curies":[{"name":"wp","href":"https:\/\/api.w.org\/{rel}","templated":true}]}}