{"id":38463,"date":"2019-10-30T15:00:11","date_gmt":"2019-10-30T18:00:11","guid":{"rendered":"http:\/\/blogdoeloiltoncajuhy.com.br\/site\/?p=38463"},"modified":"2019-10-30T15:00:17","modified_gmt":"2019-10-30T18:00:17","slug":"veja-o-resumo-da-sessao-ordinaria-da-camara-municipal-de-senhor-do-bonfim-desta-terca-feira-29","status":"publish","type":"post","link":"https:\/\/blogdoeloiltoncajuhy.com.br\/site\/veja-o-resumo-da-sessao-ordinaria-da-camara-municipal-de-senhor-do-bonfim-desta-terca-feira-29\/","title":{"rendered":"Veja o resumo da sess\u00e3o ordin\u00e1ria da C\u00e2mara Municipal de Senhor do Bonfim desta ter\u00e7a-feira (29)"},"content":{"rendered":"\n<p><strong>ASCOM &#8211; C\u00e2mara Municipal de Senhor do Bonfim-BA<\/strong><\/p>\n\n\n\n<div class=\"wp-block-image\"><figure class=\"aligncenter\"><img data-recalc-dims=\"1\" fetchpriority=\"high\" decoding=\"async\" width=\"800\" height=\"533\" src=\"https:\/\/i0.wp.com\/blogdoeloiltoncajuhy.com.br\/site\/wp-content\/uploads\/2019\/02\/C%C3%A2mara-Municipal-de-Senhor-do-Bonfim-0912.jpg?resize=800%2C533\" alt=\"\" class=\"wp-image-31832\" srcset=\"https:\/\/i0.wp.com\/blogdoeloiltoncajuhy.com.br\/site\/wp-content\/uploads\/2019\/02\/C%C3%A2mara-Municipal-de-Senhor-do-Bonfim-0912.jpg?resize=1024%2C682&amp;ssl=1 1024w, https:\/\/i0.wp.com\/blogdoeloiltoncajuhy.com.br\/site\/wp-content\/uploads\/2019\/02\/C%C3%A2mara-Municipal-de-Senhor-do-Bonfim-0912.jpg?resize=300%2C200&amp;ssl=1 300w, https:\/\/i0.wp.com\/blogdoeloiltoncajuhy.com.br\/site\/wp-content\/uploads\/2019\/02\/C%C3%A2mara-Municipal-de-Senhor-do-Bonfim-0912.jpg?resize=768%2C512&amp;ssl=1 768w, https:\/\/i0.wp.com\/blogdoeloiltoncajuhy.com.br\/site\/wp-content\/uploads\/2019\/02\/C%C3%A2mara-Municipal-de-Senhor-do-Bonfim-0912.jpg?resize=250%2C167&amp;ssl=1 250w, https:\/\/i0.wp.com\/blogdoeloiltoncajuhy.com.br\/site\/wp-content\/uploads\/2019\/02\/C%C3%A2mara-Municipal-de-Senhor-do-Bonfim-0912.jpg?w=1280&amp;ssl=1 1280w\" sizes=\"(max-width: 800px) 100vw, 800px\" \/><\/figure><\/div>\n\n\n\n<p>Nesta ter\u00e7a-feira, 29 de outubro, foi realizada a 24\u00aa Sess\u00e3o Ordin\u00e1ria do 2\u00ba Per\u00edodo Ordin\u00e1rio, do ano de 2019, da C\u00e2mara Municipal de Senhor do Bonfim. Conduzida pelo vice-presidente da Casa, vereador Andreilto Almeida, a sess\u00e3o teve in\u00edcio \u00e0s 19h, ap\u00f3s a chamada dos vereadores, onde havendo n\u00famero legal \u00e9 declarada aberta.<\/p>\n\n\n\n<p>O Sr. Presidente informa que solicitaram o abono das faltas dos vereadores OT\u00c1VIO XISTO DE SOUZA J\u00daNIOR , CLEITON VIEIRA PINTO, CARLOS ALBERTO DIAS DOS SANTOS e L\u00daCIA CRISTINA SOUZA CERQUEIRA DA SILVA, cujas justificativas s\u00e3o: por estar na cidade de Juazeiro-BA acompanhando familiares que est\u00e3o enfermos, e por estarem em viagem oficial a servi\u00e7o do munic\u00edpio, em salvador. Todavia, a Mesa Diretora ir\u00e1 avaliar.<\/p>\n\n\n\n<p>Em seguida, atendendo o Regimento Interno, foi lida a ata da sess\u00e3o anterior e e encaminhada para o e-mail de todos os vereadores. Colocada em discuss\u00e3o e, ningu\u00e9m querendo discutir, \u00e9 colocada em vota\u00e7\u00e3o, sendo aprovada.<\/p>\n\n\n\n<p class=\"has-medium-font-size\"><strong>Passa-se \u00e0 leitura do expediente, que consta das seguintes mat\u00e9rias:<\/strong><\/p>\n\n\n\n<p>PROJETO DE LEI DO LEGISLATIVO N\u00ba 035\/2019, de autoria do vereador Cleiton Vieira Pinto, que \u201cdisp\u00f5e sobre a institui\u00e7\u00e3o no Calend\u00e1rio Oficial do Municipal de Senhor do Bonfim, o \u2018fim de semana do Antigomobilismo\u2019 e d\u00e1 outras provid\u00eancias\u201d;<\/p>\n\n\n\n<p>PROJETO DE DECRETO LEGISLATIVO N\u00ba 005\/2019, de autoria do vereador Jorge Souza e Silva Filho, que \u201cConcede Medalha Doutor Jos\u00e9 Gon\u00e7alves ao Dr. Wilson Andrade Santos, do Munic\u00edpio de Senhor do Bonfim e d\u00e1 outras provid\u00eancias\u201d;<\/p>\n\n\n\n<p>PROJETO DE DECRETO LEGISLATIVO N\u00ba 032\/2019, de autoria do vereador Andreilto de Almeida Barbosa, que \u201cConcede Medalha Doutor Jos\u00e9 Gon\u00e7alves \u00e0 Loja Ma\u00e7\u00f4nica Luz e Reden\u00e7\u00e3o de Senhor do Bonfim\u201d;<\/p>\n\n\n\n<p>PROJETO DE DECRETO LEGISLATIVO N\u00ba 033\/2019, de autoria do vereador Carlos Alberto Dias dos Santos, que \u201cConcede Medalha Doutor Jos\u00e9 Gon\u00e7alves \u00e0 Igreja Assembleia de Deus, e d\u00e1 outras provid\u00eancias\u201d;<\/p>\n\n\n\n<p>PROJETO DE DECRETO LEGISLATIVO N\u00ba 034\/2019, de autoria do vereador La\u00e9rcio Muniz de Azevedo J\u00fanior, que \u201cconcede Medalha Dr. Jos\u00e9 Gon\u00e7alves \u00e0 R\u00e1dio Rainha FM 97.3, no Munic\u00edpio de Senhor do Bonfim e d\u00e1 outras provid\u00eancias\u201d;<\/p>\n\n\n\n<p>PROJETO DE DECRETO LEGISLATIVO N\u00ba 035\/2019, de autoria do vereador Herm\u00f3genes Gomes de Almeida, que \u201cConcede Medalha Doutor Jos\u00e9 Gon\u00e7alves \u00e0 Empresa Irm\u00e3os Pelegrine, e d\u00e1 outras provid\u00eancias\u201d;<\/p>\n\n\n\n<p>PROJETO DE DECRETO LEGISLATIVO N\u00ba 036\/2019, de autoria do vereador Reinaldo Ferreira Santana, que \u201cConcede Medalha Doutor Jos\u00e9 Gon\u00e7alves ao Servi\u00e7o de Atendimento M\u00f3vel de Urg\u00eancia (SAMU) de Senhor do Bonfim e d\u00e1 outras provid\u00eancias\u201d;<\/p>\n\n\n\n<p>PROJETO DE DECRETO LEGISLATIVO N\u00ba 037\/2019, de autoria do vereador Reinaldo Ferreira Santana, que \u201cConcede Medalha Doutor Jos\u00e9 Gon\u00e7alves \u00e0 R\u00e1dio Cara\u00edba de Senhor do Bonfim e d\u00e1 outras provid\u00eancias\u201d;<\/p>\n\n\n\n<p>PROJETO DE DECRETO LEGISLATIVO N\u00ba 038\/2019, de autoria do vereador Cleiton Vieira Pinto, que\u201c Declara Utilidade P\u00fablica Municipal a Associa\u00e7\u00e3o de Carros Antigos de Senhor do Bonfim e d\u00e1 outras provid\u00eancias\u201d;<\/p>\n\n\n\n<p>PROJETO DE DECRETO LEGISLATIVO N\u00ba 039\/2019, de autoria de todos os vereadores que \u201cConcede Medalha Doutor Jos\u00e9 Gon\u00e7alves \u00e0 Pol\u00edcia Civil do Estado da Bahia, representada pela 19\u00aa Coordenadoria de Pol\u00edcia do Estado da Bahia, e d\u00e1 outras provid\u00eancias\u2019;<\/p>\n\n\n\n<p>PEDIDO DE PROVID\u00caNCIA N\u00ba 069\/2019, de autoria do vereador La\u00e9rcio Muniz de Azevedo J\u00fanior, que solicita \u201cque Secretaria Municipal de Infraestrutura promova a melhoria da via p\u00fablica, Rua Engenheiro Buriti, bairro Gamboa, fazendo a recupera\u00e7\u00e3o do seu cal\u00e7amento\u201d;<\/p>\n\n\n\n<p>PEDIDO DE PROVID\u00caNCIA N\u00ba 070\/2019, de autoria do vereador La\u00e9rcio Muniz de Azevedo J\u00fanior, que solicita \u201cque Secretaria Municipal de Infraestrutura promova a melhoria da via p\u00fablica, Rua Dom Pedro II, bairro Maristas, fazendo a poda das \u00e1rvores\u201d;<\/p>\n\n\n\n<p>MO\u00c7\u00c3O DE RECONHECIMENTO E APLAUSOS N\u00ba 003\/2019, de autoria do vereador La\u00e9rcio Muniz de Azevedo J\u00fanior, \u00e0 Escola Municipal C\u00e2ndido F\u00e9lix Martins;<\/p>\n\n\n\n<p>OF\u00cdCIO N\u00ba 030\/2019, oriundo do gabinete da vereadora L\u00facia Cristina Souza Cerqueira, que justifica sua aus\u00eancia na Sess\u00e3o Ordin\u00e1ria do dia 29\/10\/2019;<\/p>\n\n\n\n<p>OF\u00cdCIO N\u00ba 048\/2019, da Universidade Do Estado Da Bahia, Campus VII \u2013 Senhor do Bonfim, que \u201csolicita espa\u00e7o na Tribuna Livre na Sess\u00e3o Ordin\u00e1ria do dia 29\/10\/2019\u201d.<\/p>\n\n\n\n<p>Atendendo ao OF\u00cdCIO N\u00ba 048\/2019, da Universidade Do Estado Da Bahia, Campus VII \u2013 Senhor do Bonfim, que \u201csolicita espa\u00e7o na Tribuna Livre na Sess\u00e3o Ordin\u00e1ria do dia 29\/10\/2019\u201d, o Sr. Presidente, Andreilto de Almeida Barbosa, franqueia a palavra ao representante da UNEB &#8211; Campus VII, que passa a explanar sobre o tema.<\/p>\n\n\n\n<p class=\"has-medium-font-size\"><strong>Passa-se para a ORDEM DO DIA<\/strong>:<\/p>\n\n\n\n<p>Inicia-se a discuss\u00e3o da MO\u00c7\u00c3O DE RECONHECIMENTO E APLAUSOS N\u00ba 003\/2019, de autoria do vereador La\u00e9rcio Muniz de Azevedo J\u00fanior, \u00e0 Escola Municipal C\u00e2ndido F\u00e9lix Martins. Sendo aprovado por unanimidade dos vereadores presentes.<\/p>\n\n\n\n<p>N\u00e3o havendo nenhuma mat\u00e9ria para ser lida e discutida, o Sr. Presidente passa a franquear a palavra aos vereadores por inscri\u00e7\u00e3o de Bancadas, sendo franqueada a primeira bancada PCdoB\/PSB\/PRB, composta pelos vereadores Andreilto de Almeida Barbosa, Alexandre Ferreira, Carlos Alberto Dias dos Santos e a Vereadora L\u00facia Cristina Souza Cerqueira da Silva e usa da palavra o Vereador ALEXANDRE FERREIRA.<\/p>\n\n\n\n<p>\u00c9 franqueada a segunda bancada DEM\/PMN\/PPS composta pelos vereadores Gerivaldo Ribeiro Sampaio, Ot\u00e1vio Xisto de Souza J\u00fanior e La\u00e9rcio Muniz de Azevedo J\u00fanior e usa da palavra o Vereador LA\u00c9RCIO MUNIZ DE AZEVEDO J\u00daNIOR.<\/p>\n\n\n\n<p>\u00c9 franqueada a terceira bancada PRTB\/PSD, composta pelos vereadores Jo\u00e3o Carlos de Castro, Jorge Souza e Silva Filho e Reinaldo Ferreira Santana e usa da palavra o Vereador JORGE SOUZA E SILVA FILHO. Usa da palavra o Vereador JO\u00c3O CARLOS DE CASTRO. Usa da palavra o Vereador REINALDO FERREIRA SANTANA.<\/p>\n\n\n\n<p>\u00c9 franqueada a quarta bancada PT\/PROS, composta pelos vereadores Herm\u00f3genes Gomes de Almeida, Elizeu Concei\u00e7\u00e3o de Souza, Edson Ribeiro da Silva e Reinaldo Jos\u00e9 da Silva e usa da palavra o Vereador EDSON RIBEIRO DA SILVA.<\/p>\n\n\n\n<p>N\u00e3o havendo mais nenhuma bancada para usar, o Sr. Presidente, \u00e0s vinte e uma horas e vinte e cinco minutos, d\u00e1 por encerrada a Sess\u00e3o.<\/p>\n\n\n\n<p><strong>Veja a sess\u00e3o completa:<\/strong><\/p>\n\n\n\n<figure class=\"wp-block-embed-youtube aligncenter wp-block-embed is-type-video is-provider-youtube wp-embed-aspect-16-9 wp-has-aspect-ratio\"><div class=\"wp-block-embed__wrapper\">\n<iframe title=\"24\u00aa Sess\u00e3o Ordin\u00e1ria do 2\u00ba PO [29\/10\/2019]\" width=\"800\" height=\"450\" src=\"https:\/\/www.youtube.com\/embed\/NjkwPqOmSw0?feature=oembed\" frameborder=\"0\" allow=\"accelerometer; autoplay; encrypted-media; gyroscope; picture-in-picture\" allowfullscreen><\/iframe>\n<\/div><\/figure>\n","protected":false},"excerpt":{"rendered":"<p>ASCOM &#8211; C\u00e2mara Municipal de Senhor do Bonfim-BA Nesta ter\u00e7a-feira, 29 de outubro, foi realizada a 24\u00aa Sess\u00e3o Ordin\u00e1ria do 2\u00ba Per\u00edodo Ordin\u00e1rio, do ano de 2019, da C\u00e2mara Municipal de Senhor do Bonfim. Conduzida pelo vice-presidente da Casa, vereador Andreilto Almeida, a sess\u00e3o teve in\u00edcio \u00e0s 19h, ap\u00f3s a chamada dos vereadores, onde havendo [&hellip;]<\/p>\n","protected":false},"author":2,"featured_media":0,"comment_status":"open","ping_status":"open","sticky":false,"template":"","format":"standard","meta":{"_acf_changed":false,"_monsterinsights_skip_tracking":false,"_monsterinsights_sitenote_active":false,"_monsterinsights_sitenote_note":"","_monsterinsights_sitenote_category":0,"_jetpack_memberships_contains_paid_content":false,"footnotes":"","jetpack_publicize_message":"","jetpack_publicize_feature_enabled":true,"jetpack_social_post_already_shared":true,"jetpack_social_options":{"image_generator_settings":{"template":"highway","default_image_id":0,"font":"","enabled":false},"version":2}},"categories":[1,3,4],"tags":[],"class_list":["post-38463","post","type-post","status-publish","format-standard","hentry","category-noticias","category-politica","category-local"],"acf":[],"jetpack_publicize_connections":[],"jetpack_featured_media_url":"","jetpack_sharing_enabled":true,"publishpress_future_workflow_manual_trigger":{"enabledWorkflows":[]},"_links":{"self":[{"href":"https:\/\/blogdoeloiltoncajuhy.com.br\/site\/wp-json\/wp\/v2\/posts\/38463","targetHints":{"allow":["GET"]}}],"collection":[{"href":"https:\/\/blogdoeloiltoncajuhy.com.br\/site\/wp-json\/wp\/v2\/posts"}],"about":[{"href":"https:\/\/blogdoeloiltoncajuhy.com.br\/site\/wp-json\/wp\/v2\/types\/post"}],"author":[{"embeddable":true,"href":"https:\/\/blogdoeloiltoncajuhy.com.br\/site\/wp-json\/wp\/v2\/users\/2"}],"replies":[{"embeddable":true,"href":"https:\/\/blogdoeloiltoncajuhy.com.br\/site\/wp-json\/wp\/v2\/comments?post=38463"}],"version-history":[{"count":1,"href":"https:\/\/blogdoeloiltoncajuhy.com.br\/site\/wp-json\/wp\/v2\/posts\/38463\/revisions"}],"predecessor-version":[{"id":38464,"href":"https:\/\/blogdoeloiltoncajuhy.com.br\/site\/wp-json\/wp\/v2\/posts\/38463\/revisions\/38464"}],"wp:attachment":[{"href":"https:\/\/blogdoeloiltoncajuhy.com.br\/site\/wp-json\/wp\/v2\/media?parent=38463"}],"wp:term":[{"taxonomy":"category","embeddable":true,"href":"https:\/\/blogdoeloiltoncajuhy.com.br\/site\/wp-json\/wp\/v2\/categories?post=38463"},{"taxonomy":"post_tag","embeddable":true,"href":"https:\/\/blogdoeloiltoncajuhy.com.br\/site\/wp-json\/wp\/v2\/tags?post=38463"}],"curies":[{"name":"wp","href":"https:\/\/api.w.org\/{rel}","templated":true}]}}