{"id":3846,"date":"2015-09-08T09:50:34","date_gmt":"2015-09-08T12:50:34","guid":{"rendered":"http:\/\/blogdoeloiltoncajuhy.com.br\/site\/?p=3846"},"modified":"2015-09-08T09:50:34","modified_gmt":"2015-09-08T12:50:34","slug":"8-de-setembro-dia-internacional-da-alfabetizacao","status":"publish","type":"post","link":"https:\/\/blogdoeloiltoncajuhy.com.br\/site\/8-de-setembro-dia-internacional-da-alfabetizacao\/","title":{"rendered":"8 DE SETEMBRO &#8211; Dia Internacional da Alfabetiza\u00e7\u00e3o"},"content":{"rendered":"<p><em><strong>O prazer de viver aumenta e ganha um novo sentido quando se \u00e9 alfabetizado plenamente<\/strong><\/em><\/p>\n<figure id=\"attachment_3847\" aria-describedby=\"caption-attachment-3847\" style=\"width: 4500px\" class=\"wp-caption aligncenter\"><a href=\"https:\/\/i0.wp.com\/blogdoeloiltoncajuhy.com.br\/site\/wp-content\/uploads\/2015\/09\/diadaalfabetiza%C3%A7%C3%A3o.jpg\"><img data-recalc-dims=\"1\" fetchpriority=\"high\" decoding=\"async\" class=\"size-full wp-image-3847\" src=\"https:\/\/i0.wp.com\/blogdoeloiltoncajuhy.com.br\/site\/wp-content\/uploads\/2015\/09\/diadaalfabetiza%C3%A7%C3%A3o.jpg?resize=800%2C533\" alt=\"Novas carteiras escolares na escola municipal Tereza Matsumoto, reg. Boqueir\u00e3o. -Na imagem, o aluno Luiz Gustavo Santos de Almeida abra\u00e7a a nova carteira. Curitiba, 29\/06\/2015 Foto: Cesar Brustolin\/SMCS\" width=\"800\" height=\"533\" srcset=\"https:\/\/i0.wp.com\/blogdoeloiltoncajuhy.com.br\/site\/wp-content\/uploads\/2015\/09\/diadaalfabetiza%C3%A7%C3%A3o.jpg?w=4500&amp;ssl=1 4500w, https:\/\/i0.wp.com\/blogdoeloiltoncajuhy.com.br\/site\/wp-content\/uploads\/2015\/09\/diadaalfabetiza%C3%A7%C3%A3o.jpg?resize=300%2C200&amp;ssl=1 300w, https:\/\/i0.wp.com\/blogdoeloiltoncajuhy.com.br\/site\/wp-content\/uploads\/2015\/09\/diadaalfabetiza%C3%A7%C3%A3o.jpg?resize=1024%2C683&amp;ssl=1 1024w, https:\/\/i0.wp.com\/blogdoeloiltoncajuhy.com.br\/site\/wp-content\/uploads\/2015\/09\/diadaalfabetiza%C3%A7%C3%A3o.jpg?resize=250%2C167&amp;ssl=1 250w, https:\/\/i0.wp.com\/blogdoeloiltoncajuhy.com.br\/site\/wp-content\/uploads\/2015\/09\/diadaalfabetiza%C3%A7%C3%A3o.jpg?w=1600 1600w, https:\/\/i0.wp.com\/blogdoeloiltoncajuhy.com.br\/site\/wp-content\/uploads\/2015\/09\/diadaalfabetiza%C3%A7%C3%A3o.jpg?w=2400 2400w\" sizes=\"(max-width: 800px) 100vw, 800px\" \/><\/a><figcaption id=\"caption-attachment-3847\" class=\"wp-caption-text\">Foto: Cesar Brustolin\/Secretaria Municipal de Educa\u00e7\u00e3o de Curitiba<\/figcaption><\/figure>\n<p>&#8220;Letramento&#8221; \u00e9 uma palavra recente, do in\u00edcio dos anos 80. &#8220;Alfabetiza\u00e7\u00e3o&#8221; \u00e9 mais antiga. Unindo as duas, o mesmo objetivo: decodificar o texto escrito, interpretar uma mensagem, ler o mundo.<\/p>\n<p>O prazer de viver aumenta e ganha um novo sentido quando se \u00e9 alfabetizado plenamente. Mas a realidade \u00e9 triste: o Brasil exibe n\u00fameros vergonhosos de analfabetismo, at\u00e9 no ensino superior.<\/p>\n<p><em>*R\u00e1dio C\u00e2mara<\/em><\/p>\n","protected":false},"excerpt":{"rendered":"<p>O prazer de viver aumenta e ganha um novo sentido quando se \u00e9 alfabetizado plenamente &#8220;Letramento&#8221; \u00e9 uma palavra recente, do in\u00edcio dos anos 80. &#8220;Alfabetiza\u00e7\u00e3o&#8221; \u00e9 mais antiga. Unindo as duas, o mesmo objetivo: decodificar o texto escrito, interpretar uma mensagem, ler o mundo. O prazer de viver aumenta e ganha um novo sentido [&hellip;]<\/p>\n","protected":false},"author":2,"featured_media":3847,"comment_status":"open","ping_status":"open","sticky":false,"template":"","format":"standard","meta":{"_acf_changed":false,"_monsterinsights_skip_tracking":false,"_monsterinsights_sitenote_active":false,"_monsterinsights_sitenote_note":"","_monsterinsights_sitenote_category":0,"_jetpack_memberships_contains_paid_content":false,"footnotes":"","jetpack_publicize_message":"","jetpack_publicize_feature_enabled":true,"jetpack_social_post_already_shared":true,"jetpack_social_options":{"image_generator_settings":{"template":"highway","default_image_id":0,"font":"","enabled":false},"version":2}},"categories":[5,14,1],"tags":[],"class_list":["post-3846","post","type-post","status-publish","format-standard","has-post-thumbnail","hentry","category-cotidiano","category-educacao","category-noticias"],"acf":[],"jetpack_publicize_connections":[],"jetpack_featured_media_url":"https:\/\/i0.wp.com\/blogdoeloiltoncajuhy.com.br\/site\/wp-content\/uploads\/2015\/09\/diadaalfabetiza%C3%A7%C3%A3o.jpg?fit=4500%2C3000&ssl=1","jetpack_sharing_enabled":true,"publishpress_future_workflow_manual_trigger":{"enabledWorkflows":[]},"_links":{"self":[{"href":"https:\/\/blogdoeloiltoncajuhy.com.br\/site\/wp-json\/wp\/v2\/posts\/3846","targetHints":{"allow":["GET"]}}],"collection":[{"href":"https:\/\/blogdoeloiltoncajuhy.com.br\/site\/wp-json\/wp\/v2\/posts"}],"about":[{"href":"https:\/\/blogdoeloiltoncajuhy.com.br\/site\/wp-json\/wp\/v2\/types\/post"}],"author":[{"embeddable":true,"href":"https:\/\/blogdoeloiltoncajuhy.com.br\/site\/wp-json\/wp\/v2\/users\/2"}],"replies":[{"embeddable":true,"href":"https:\/\/blogdoeloiltoncajuhy.com.br\/site\/wp-json\/wp\/v2\/comments?post=3846"}],"version-history":[{"count":1,"href":"https:\/\/blogdoeloiltoncajuhy.com.br\/site\/wp-json\/wp\/v2\/posts\/3846\/revisions"}],"predecessor-version":[{"id":3848,"href":"https:\/\/blogdoeloiltoncajuhy.com.br\/site\/wp-json\/wp\/v2\/posts\/3846\/revisions\/3848"}],"wp:featuredmedia":[{"embeddable":true,"href":"https:\/\/blogdoeloiltoncajuhy.com.br\/site\/wp-json\/wp\/v2\/media\/3847"}],"wp:attachment":[{"href":"https:\/\/blogdoeloiltoncajuhy.com.br\/site\/wp-json\/wp\/v2\/media?parent=3846"}],"wp:term":[{"taxonomy":"category","embeddable":true,"href":"https:\/\/blogdoeloiltoncajuhy.com.br\/site\/wp-json\/wp\/v2\/categories?post=3846"},{"taxonomy":"post_tag","embeddable":true,"href":"https:\/\/blogdoeloiltoncajuhy.com.br\/site\/wp-json\/wp\/v2\/tags?post=3846"}],"curies":[{"name":"wp","href":"https:\/\/api.w.org\/{rel}","templated":true}]}}