{"id":38459,"date":"2019-10-30T07:29:11","date_gmt":"2019-10-30T10:29:11","guid":{"rendered":"http:\/\/blogdoeloiltoncajuhy.com.br\/site\/?p=38459"},"modified":"2019-10-30T07:29:17","modified_gmt":"2019-10-30T10:29:17","slug":"programa-ela-pode-capacita-gratuitamente-mais-de-600-mulheres-em-senhor-do-bonfim","status":"publish","type":"post","link":"https:\/\/blogdoeloiltoncajuhy.com.br\/site\/programa-ela-pode-capacita-gratuitamente-mais-de-600-mulheres-em-senhor-do-bonfim\/","title":{"rendered":"Programa Ela Pode capacita gratuitamente mais de 600 mulheres em Senhor do Bonfim"},"content":{"rendered":"\n<p><strong>ASCOM &#8211; Prefeitura de Senhor do Bonfim-BA<\/strong><\/p>\n\n\n\n<div class=\"wp-block-image\"><figure class=\"aligncenter is-resized\"><img data-recalc-dims=\"1\" fetchpriority=\"high\" decoding=\"async\" src=\"https:\/\/i0.wp.com\/blogdoeloiltoncajuhy.com.br\/site\/wp-content\/uploads\/2019\/10\/PMSB_ElaPode.jpg?resize=548%2C365\" alt=\"\" class=\"wp-image-38460\" width=\"548\" height=\"365\" srcset=\"https:\/\/i0.wp.com\/blogdoeloiltoncajuhy.com.br\/site\/wp-content\/uploads\/2019\/10\/PMSB_ElaPode.jpg?w=960&amp;ssl=1 960w, https:\/\/i0.wp.com\/blogdoeloiltoncajuhy.com.br\/site\/wp-content\/uploads\/2019\/10\/PMSB_ElaPode.jpg?resize=300%2C200&amp;ssl=1 300w, https:\/\/i0.wp.com\/blogdoeloiltoncajuhy.com.br\/site\/wp-content\/uploads\/2019\/10\/PMSB_ElaPode.jpg?resize=768%2C512&amp;ssl=1 768w, https:\/\/i0.wp.com\/blogdoeloiltoncajuhy.com.br\/site\/wp-content\/uploads\/2019\/10\/PMSB_ElaPode.jpg?resize=250%2C167&amp;ssl=1 250w\" sizes=\"(max-width: 548px) 100vw, 548px\" \/><\/figure><\/div>\n\n\n\n<p>Aconteceu nesta ter\u00e7a-feira, 29, no Centro Diocesano de Senhor do Bonfim, uma capacita\u00e7\u00e3o do programa Ela Pode. O programa Ela Pode \u2013 promovido pelo Instituto Rede Mulher Empreendedora e apoiado pelo Google \u2013 visa capacitar 135 mil mulheres brasileiras nos pr\u00f3ximos dois anos (2019-20), tornando-as confiantes e preparadas para o autodesenvolvimento pessoal e profissional.<\/p>\n\n\n\n<p>A Secretaria de Assist\u00eancia Social (Semas) em parceria com outras pastas da gest\u00e3o foi respons\u00e1vel por articular a realiza\u00e7\u00e3o do programa em Senhor do Bonfim.<\/p>\n\n\n\n<p><em>\u201cNum espa\u00e7o de sete dias n\u00f3s abra\u00e7amos o evento. E o resultado foi um grande sucesso. Foram 631 inscri\u00e7\u00f5es. Segundo a embaixadora do programa, at\u00e9 o momento a nossa capacita\u00e7\u00e3o \u00e9 a que teve mais p\u00fablico no interior da Bahia. Estamos muito felizes\u201d<\/em>, agradeceu a secret\u00e1ria Vera Magalh\u00e3es.  <\/p>\n\n\n\n<p>O Instituto Rede Mulher Empreendedora tem como prop\u00f3sito apoiar projetos que visam empoderar mulheres empreendedoras, garantindo independ\u00eancia financeira e de decis\u00e3o sobre seus neg\u00f3cios e vidas.<\/p>\n\n\n\n<p>Durante o evento, que contou com presen\u00e7a do prefeito Carlos Brasileiro, aconteceram palestras ministradas pelas multiplicadoras Qlianne Martins e Fabiana Rolin.<\/p>\n\n\n\n<p><em>\u201cN\u00f3s acreditamos que o verdadeiro desenvolvimento acontece quando a gente encontra parceiros que apoiam nossa ideia. Muito obrigado Senhor do Bonfim, juntos vamos mais longe!\u201d<\/em>, destacou  a multiplicadora Qlianne Martins.<\/p>\n\n\n\n<p>A capacita\u00e7\u00e3o aconteceu das 8 \u00e0s 17 horas e  tratou de diversos conte\u00fados, como Lideran\u00e7a, Comunica\u00e7\u00e3o, Networking, Marca Pessoal, Negocia\u00e7\u00e3o, Finan\u00e7as e Ferramentas Digitais.<\/p>\n\n\n\n<p>Se voc\u00ea ainda n\u00e3o conhece o programa Ela Pode, este \u00e9 um bom momento para conhecer. Visite o site no endere\u00e7o <a href=\"https:\/\/elapode.com.br\/\"><strong><em>eletr\u00f4nico:www.elapode.com.br<\/em><\/strong><\/a><\/p>\n","protected":false},"excerpt":{"rendered":"<p>ASCOM &#8211; Prefeitura de Senhor do Bonfim-BA Aconteceu nesta ter\u00e7a-feira, 29, no Centro Diocesano de Senhor do Bonfim, uma capacita\u00e7\u00e3o do programa Ela Pode. O programa Ela Pode \u2013 promovido pelo Instituto Rede Mulher Empreendedora e apoiado pelo Google \u2013 visa capacitar 135 mil mulheres brasileiras nos pr\u00f3ximos dois anos (2019-20), tornando-as confiantes e preparadas [&hellip;]<\/p>\n","protected":false},"author":2,"featured_media":38460,"comment_status":"open","ping_status":"open","sticky":false,"template":"","format":"standard","meta":{"_acf_changed":false,"_monsterinsights_skip_tracking":false,"_monsterinsights_sitenote_active":false,"_monsterinsights_sitenote_note":"","_monsterinsights_sitenote_category":0,"_jetpack_memberships_contains_paid_content":false,"footnotes":"","jetpack_publicize_message":"","jetpack_publicize_feature_enabled":true,"jetpack_social_post_already_shared":true,"jetpack_social_options":{"image_generator_settings":{"template":"highway","default_image_id":0,"font":"","enabled":false},"version":2}},"categories":[1,4],"tags":[],"class_list":["post-38459","post","type-post","status-publish","format-standard","has-post-thumbnail","hentry","category-noticias","category-local"],"acf":[],"jetpack_publicize_connections":[],"jetpack_featured_media_url":"https:\/\/i0.wp.com\/blogdoeloiltoncajuhy.com.br\/site\/wp-content\/uploads\/2019\/10\/PMSB_ElaPode.jpg?fit=960%2C640&ssl=1","jetpack_sharing_enabled":true,"publishpress_future_workflow_manual_trigger":{"enabledWorkflows":[]},"_links":{"self":[{"href":"https:\/\/blogdoeloiltoncajuhy.com.br\/site\/wp-json\/wp\/v2\/posts\/38459","targetHints":{"allow":["GET"]}}],"collection":[{"href":"https:\/\/blogdoeloiltoncajuhy.com.br\/site\/wp-json\/wp\/v2\/posts"}],"about":[{"href":"https:\/\/blogdoeloiltoncajuhy.com.br\/site\/wp-json\/wp\/v2\/types\/post"}],"author":[{"embeddable":true,"href":"https:\/\/blogdoeloiltoncajuhy.com.br\/site\/wp-json\/wp\/v2\/users\/2"}],"replies":[{"embeddable":true,"href":"https:\/\/blogdoeloiltoncajuhy.com.br\/site\/wp-json\/wp\/v2\/comments?post=38459"}],"version-history":[{"count":1,"href":"https:\/\/blogdoeloiltoncajuhy.com.br\/site\/wp-json\/wp\/v2\/posts\/38459\/revisions"}],"predecessor-version":[{"id":38461,"href":"https:\/\/blogdoeloiltoncajuhy.com.br\/site\/wp-json\/wp\/v2\/posts\/38459\/revisions\/38461"}],"wp:featuredmedia":[{"embeddable":true,"href":"https:\/\/blogdoeloiltoncajuhy.com.br\/site\/wp-json\/wp\/v2\/media\/38460"}],"wp:attachment":[{"href":"https:\/\/blogdoeloiltoncajuhy.com.br\/site\/wp-json\/wp\/v2\/media?parent=38459"}],"wp:term":[{"taxonomy":"category","embeddable":true,"href":"https:\/\/blogdoeloiltoncajuhy.com.br\/site\/wp-json\/wp\/v2\/categories?post=38459"},{"taxonomy":"post_tag","embeddable":true,"href":"https:\/\/blogdoeloiltoncajuhy.com.br\/site\/wp-json\/wp\/v2\/tags?post=38459"}],"curies":[{"name":"wp","href":"https:\/\/api.w.org\/{rel}","templated":true}]}}