{"id":38455,"date":"2019-10-30T07:13:24","date_gmt":"2019-10-30T10:13:24","guid":{"rendered":"http:\/\/blogdoeloiltoncajuhy.com.br\/site\/?p=38455"},"modified":"2019-10-30T07:13:31","modified_gmt":"2019-10-30T10:13:31","slug":"suspeito-de-estuprar-a-propria-filha-tambem-atacou-enteada-abalada","status":"publish","type":"post","link":"https:\/\/blogdoeloiltoncajuhy.com.br\/site\/suspeito-de-estuprar-a-propria-filha-tambem-atacou-enteada-abalada\/","title":{"rendered":"Suspeito de estuprar a pr\u00f3pria filha tamb\u00e9m atacou enteada: &#8216;Abalada&#8217;"},"content":{"rendered":"\n<h5 class=\"wp-block-heading\" style=\"text-align:center\"><em>De acordo com a atendente, de 21 anos, que socorreu a irm\u00e3 ap\u00f3s um pedido de ajuda pelo WhatsApp, ela tamb\u00e9m foi v\u00edtima do mesmo homem quando tinha apenas seis anos<\/em><\/h5>\n\n\n\n<p><strong>Por G1 Santos<\/strong><\/p>\n\n\n\n<div class=\"wp-block-image\"><figure class=\"aligncenter\"><img data-recalc-dims=\"1\" fetchpriority=\"high\" decoding=\"async\" width=\"644\" height=\"330\" src=\"https:\/\/i0.wp.com\/blogdoeloiltoncajuhy.com.br\/site\/wp-content\/uploads\/2019\/10\/reproducao-whatsapp-editado.jpg?resize=644%2C330\" alt=\"\" class=\"wp-image-38456\" srcset=\"https:\/\/i0.wp.com\/blogdoeloiltoncajuhy.com.br\/site\/wp-content\/uploads\/2019\/10\/reproducao-whatsapp-editado.jpg?w=644&amp;ssl=1 644w, https:\/\/i0.wp.com\/blogdoeloiltoncajuhy.com.br\/site\/wp-content\/uploads\/2019\/10\/reproducao-whatsapp-editado.jpg?resize=300%2C154&amp;ssl=1 300w, https:\/\/i0.wp.com\/blogdoeloiltoncajuhy.com.br\/site\/wp-content\/uploads\/2019\/10\/reproducao-whatsapp-editado.jpg?resize=250%2C128&amp;ssl=1 250w\" sizes=\"(max-width: 644px) 100vw, 644px\" \/><figcaption><em>Menina de 13 anos relatou \u00e0 irm\u00e3 que estava sendo abusada pelo pai em S\u00e3o Vicente, SP \u2014 Foto: Reprodu\u00e7\u00e3o<\/em><\/figcaption><\/figure><\/div>\n\n\n\n<p>A irm\u00e3 da menina de 13 anos, que pediu socorro pelo WhatsApp ap\u00f3s ser estuprada pelo pai em S\u00e3o Vicente, no litoral de S\u00e3o Paulo, relatou ao <strong>G1<\/strong>, nesta quarta-feira (30), que tamb\u00e9m sofreu abusos sexuais por parte do suspeito, de 47, quando tinha seis anos. De acordo com a atendente, atualmente com 21, o homem era seu padrasto e, na \u00e9poca do ocorrido, ela chegou a sair de casa para morar com a av\u00f3.<\/p>\n\n\n\n<p><em>&#8220;Quanto eu tinha entre seis e sete anos, ele me molestava. Eu tive for\u00e7as para contar e a minha av\u00f3 decidiu me tirar de l\u00e1. Com 12 anos tive que voltar a morar com ele, mas aprendi a me defender, ent\u00e3o ele n\u00e3o fazia mais nada comigo. Eu ficava atenta a tudo&#8221;<\/em>, conta.<\/p>\n\n\n\n<p>Segundo a atendente, antes de se mudar para S\u00e3o Jos\u00e9 do Rio Preto, no interior do Estado, ela era vizinha do padrasto, que na \u00e9poca vivia com a m\u00e3e dela ainda e com os irm\u00e3os. <em>&#8220;Minha m\u00e3e tinha consci\u00eancia do que aconteceu comigo e continuou com ele, porque os dois eram usu\u00e1rios de drogas. Mas ele n\u00e3o aceitava nem meu marido, parecia que tinha ci\u00fames. Foi quando aluguei uma casa para eu morar, mas n\u00e3o imaginava que ele faria isso com a minha irm\u00e3&#8221;<\/em>, relata.<\/p>\n\n\n\n<p>De acordo com a jovem, os abusos sexuais com a irm\u00e3 de 13 anos come\u00e7aram depois que ela foi embora da cidade. Al\u00e9m disso, a menina s\u00f3 teve coragem de contar para ela cerca de um ano depois que j\u00e1 acontecia o crime. <em>&#8220;J\u00e1 estou com o pedido da guarda de todas as crian\u00e7as. Fiquei muito abalada em saber que ela passou pela mesma coisa que eu, mas estou fazendo o poss\u00edvel pra ajud\u00e1-la e fazer com que ele pague pelo que fez&#8221;<\/em>, finaliza.<\/p>\n\n\n\n<div class=\"wp-block-image\"><figure class=\"aligncenter\"><img data-recalc-dims=\"1\" decoding=\"async\" width=\"800\" height=\"501\" src=\"https:\/\/i0.wp.com\/blogdoeloiltoncajuhy.com.br\/site\/wp-content\/uploads\/2019\/10\/ddm.jpg?resize=800%2C501\" alt=\"\" class=\"wp-image-38457\" srcset=\"https:\/\/i0.wp.com\/blogdoeloiltoncajuhy.com.br\/site\/wp-content\/uploads\/2019\/10\/ddm.jpg?w=984&amp;ssl=1 984w, https:\/\/i0.wp.com\/blogdoeloiltoncajuhy.com.br\/site\/wp-content\/uploads\/2019\/10\/ddm.jpg?resize=300%2C188&amp;ssl=1 300w, https:\/\/i0.wp.com\/blogdoeloiltoncajuhy.com.br\/site\/wp-content\/uploads\/2019\/10\/ddm.jpg?resize=768%2C481&amp;ssl=1 768w, https:\/\/i0.wp.com\/blogdoeloiltoncajuhy.com.br\/site\/wp-content\/uploads\/2019\/10\/ddm.jpg?resize=250%2C157&amp;ssl=1 250w\" sizes=\"(max-width: 800px) 100vw, 800px\" \/><figcaption><em>Delegacia de Defesa da Mulher (DDM) de S\u00e3o Jos\u00e9 do Rio Preto, SP, onde o caso foi registrado \u2014 Foto: Reprodu\u00e7\u00e3o\/TV TEM<\/em><\/figcaption><\/figure><\/div>\n\n\n\n<p class=\"has-medium-font-size\"><strong>Relembre o caso<\/strong><\/p>\n\n\n\n<p>Uma menina de 13 anos pediu socorro para irm\u00e3 pelo WhatsApp ap\u00f3s ser estuprada pelo pr\u00f3prio pai. De acordo com a atendente, irm\u00e3 da v\u00edtima, a adolescente sofreu abusos sexuais diversas vezes por parte do suspeito.<\/p>\n\n\n\n<p>O crime teria acontecido em setembro, mas a irm\u00e3 resolveu divulgar agora, devido ao homem permanecer solto oferecendo riscos a integridade dos familiares. A irm\u00e3 diz que, nas mensagens enviadas, a adolescente diz que os abusos aconteceram, pelo menos, em outras quatro ocasi\u00f5es anteriores, sempre da mesma forma.<\/p>\n\n\n\n<p>Na mais recente, ela acordou de madrugada com o suspeito em cima dela e com as roupas abaixadas. A atendente contou que mora em S\u00e3o Jos\u00e9 do Rio Preto, no interior do Estado e, no mesmo dia em que recebeu a mensagem, foi at\u00e9 S\u00e3o Vicente para buscar a irm\u00e3. A v\u00edtima morava sozinha com os dois irm\u00e3os e o pai no bairro do Catiapo\u00e3, j\u00e1 que a m\u00e3e n\u00e3o mora na casa h\u00e1 cerca de dois anos e os filhos n\u00e3o t\u00eam contato com ela.<\/p>\n\n\n\n<p>Na delegacia, a menina disse que chegou a ser drogada pelo suspeito v\u00e1rias vezes, para facilitar os abusos. Segundo ela, inicialmente o suspeito passava a m\u00e3o nas partes \u00edntimas, mas depois ele tirava a roupa e cometia o ato sexual. Conforme relatou, os estupros come\u00e7aram com um <em>&#8216;rem\u00e9dio em l\u00edquido misturado com refrigerante e, depois, ele passou a dar comprimidos frequentemente&#8217;<\/em>.<\/p>\n\n\n\n<p>A irm\u00e3 afirmou ao <strong>G1<\/strong> que, pouco antes de chegar na casa da menina de 13 anos, o homem saiu de l\u00e1 dizendo que ia embora e n\u00e3o foi mais localizado. O caso foi registrado na Delegacia de Defesa da Mulher (DDM) e o suspeito \u00e9 investigado por estupro de vulner\u00e1vel. Segundo a Pol\u00edcia Civil, as investiga\u00e7\u00f5es seguem para esclarecer o caso.<\/p>\n","protected":false},"excerpt":{"rendered":"<p>De acordo com a atendente, de 21 anos, que socorreu a irm\u00e3 ap\u00f3s um pedido de ajuda pelo WhatsApp, ela tamb\u00e9m foi v\u00edtima do mesmo homem quando tinha apenas seis anos Por G1 Santos A irm\u00e3 da menina de 13 anos, que pediu socorro pelo WhatsApp ap\u00f3s ser estuprada pelo pai em S\u00e3o Vicente, no [&hellip;]<\/p>\n","protected":false},"author":2,"featured_media":38457,"comment_status":"open","ping_status":"open","sticky":false,"template":"","format":"standard","meta":{"_acf_changed":false,"_monsterinsights_skip_tracking":false,"_monsterinsights_sitenote_active":false,"_monsterinsights_sitenote_note":"","_monsterinsights_sitenote_category":0,"_jetpack_memberships_contains_paid_content":false,"footnotes":"","jetpack_publicize_message":"","jetpack_publicize_feature_enabled":true,"jetpack_social_post_already_shared":true,"jetpack_social_options":{"image_generator_settings":{"template":"highway","default_image_id":0,"font":"","enabled":false},"version":2}},"categories":[5,1],"tags":[],"class_list":["post-38455","post","type-post","status-publish","format-standard","has-post-thumbnail","hentry","category-cotidiano","category-noticias"],"acf":[],"jetpack_publicize_connections":[],"jetpack_featured_media_url":"https:\/\/i0.wp.com\/blogdoeloiltoncajuhy.com.br\/site\/wp-content\/uploads\/2019\/10\/ddm.jpg?fit=984%2C616&ssl=1","jetpack_sharing_enabled":true,"publishpress_future_workflow_manual_trigger":{"enabledWorkflows":[]},"_links":{"self":[{"href":"https:\/\/blogdoeloiltoncajuhy.com.br\/site\/wp-json\/wp\/v2\/posts\/38455","targetHints":{"allow":["GET"]}}],"collection":[{"href":"https:\/\/blogdoeloiltoncajuhy.com.br\/site\/wp-json\/wp\/v2\/posts"}],"about":[{"href":"https:\/\/blogdoeloiltoncajuhy.com.br\/site\/wp-json\/wp\/v2\/types\/post"}],"author":[{"embeddable":true,"href":"https:\/\/blogdoeloiltoncajuhy.com.br\/site\/wp-json\/wp\/v2\/users\/2"}],"replies":[{"embeddable":true,"href":"https:\/\/blogdoeloiltoncajuhy.com.br\/site\/wp-json\/wp\/v2\/comments?post=38455"}],"version-history":[{"count":1,"href":"https:\/\/blogdoeloiltoncajuhy.com.br\/site\/wp-json\/wp\/v2\/posts\/38455\/revisions"}],"predecessor-version":[{"id":38458,"href":"https:\/\/blogdoeloiltoncajuhy.com.br\/site\/wp-json\/wp\/v2\/posts\/38455\/revisions\/38458"}],"wp:featuredmedia":[{"embeddable":true,"href":"https:\/\/blogdoeloiltoncajuhy.com.br\/site\/wp-json\/wp\/v2\/media\/38457"}],"wp:attachment":[{"href":"https:\/\/blogdoeloiltoncajuhy.com.br\/site\/wp-json\/wp\/v2\/media?parent=38455"}],"wp:term":[{"taxonomy":"category","embeddable":true,"href":"https:\/\/blogdoeloiltoncajuhy.com.br\/site\/wp-json\/wp\/v2\/categories?post=38455"},{"taxonomy":"post_tag","embeddable":true,"href":"https:\/\/blogdoeloiltoncajuhy.com.br\/site\/wp-json\/wp\/v2\/tags?post=38455"}],"curies":[{"name":"wp","href":"https:\/\/api.w.org\/{rel}","templated":true}]}}