{"id":38452,"date":"2019-10-30T06:51:23","date_gmt":"2019-10-30T09:51:23","guid":{"rendered":"http:\/\/blogdoeloiltoncajuhy.com.br\/site\/?p=38452"},"modified":"2019-10-30T08:56:28","modified_gmt":"2019-10-30T11:56:28","slug":"manoel-gomes-autor-de-caneta-azul-registra-direitos-autorais-do-hit","status":"publish","type":"post","link":"https:\/\/blogdoeloiltoncajuhy.com.br\/site\/manoel-gomes-autor-de-caneta-azul-registra-direitos-autorais-do-hit\/","title":{"rendered":"Manoel Gomes, autor de &#8220;Caneta Azul&#8221;, registra direitos autorais do hit"},"content":{"rendered":"\n<p><em>Atualizado em 30 de outubro de 2019, \u00e0s 8h55<\/em><\/p>\n\n\n\n<div class=\"wp-block-image\"><figure class=\"aligncenter\"><img data-recalc-dims=\"1\" fetchpriority=\"high\" decoding=\"async\" width=\"700\" height=\"450\" src=\"https:\/\/i0.wp.com\/blogdoeloiltoncajuhy.com.br\/site\/wp-content\/uploads\/2019\/10\/CanetaAzulManoelGomes.jpg?resize=700%2C450\" alt=\"\" class=\"wp-image-38453\" srcset=\"https:\/\/i0.wp.com\/blogdoeloiltoncajuhy.com.br\/site\/wp-content\/uploads\/2019\/10\/CanetaAzulManoelGomes.jpg?w=700&amp;ssl=1 700w, https:\/\/i0.wp.com\/blogdoeloiltoncajuhy.com.br\/site\/wp-content\/uploads\/2019\/10\/CanetaAzulManoelGomes.jpg?resize=300%2C193&amp;ssl=1 300w, https:\/\/i0.wp.com\/blogdoeloiltoncajuhy.com.br\/site\/wp-content\/uploads\/2019\/10\/CanetaAzulManoelGomes.jpg?resize=250%2C161&amp;ssl=1 250w\" sizes=\"(max-width: 700px) 100vw, 700px\" \/><figcaption><em>Cantor e compositor se dirigiu a um cart\u00f3rio para solicitar o registro da m\u00fasica que viralizou nos \u00faltimos dias (Foto: Reprodu\u00e7\u00e3o)<\/em><\/figcaption><\/figure><\/div>\n\n\n\n<p>O maranhense Manoel Gomes, autor do hit <strong><em>&#8220;Caneta Azul&#8221;<\/em><\/strong>, deu in\u00edcio na tarde de segunda-feira (28) ao processo de registro dos direitos autorais da m\u00fasica que viralizou nos \u00faltimos dias. Manoel se dirigiu a um cart\u00f3rio, acompanhado do advogado Arnaldo Gomes, e aproveitou para solicitar tamb\u00e9m o registro de outra composi\u00e7\u00e3o de sua autoria, chamada de <strong><em>&#8220;Vou Deixar de Ser Besta&#8221;<\/em><\/strong>.<\/p>\n\n\n\n<p>O cantor e compositor Manoel Gomes \u00e9 natural de Balsas, munic\u00edpio que fica a 816 km da capital S\u00e3o Lu\u00eds. Desde que foi publicado, o v\u00eddeo em que Manoel canta &#8220;Caneta Azul&#8221; caiu no gosto dos internautas, que n\u00e3o conseguem mais tirar a m\u00fasica da cabe\u00e7a. O que chama aten\u00e7\u00e3o no v\u00eddeo, al\u00e9m da letra da m\u00fasica, \u00e9 a forma como o balsense interpreta a can\u00e7\u00e3o.<\/p>\n\n\n\n<p>&#8220;Caneta Azul&#8221; conta a hist\u00f3ria de quando Manoel perdeu a sua caneta a caminho da escola que, segundo ele, estava marcada com suas \u2018letras\u2019. Depois do v\u00eddeo vers\u00e3o original ter viralizado, diversas outras vers\u00f5es da can\u00e7\u00e3o j\u00e1 est\u00e3o circulando nas redes sociais, desde forr\u00f3 at\u00e9 remixado.<\/p>\n\n\n\n<p>Artistas como Rodrigo Faro, Simone (da dupla Simone e Simaria), L\u00e9o Magalh\u00e3es, Taty Vaqueira, Ray do Saia Rodada e v\u00e1rios outros, j\u00e1 reproduziram em suas redes sociais o sucesso da \u201cCaneta-Azul\u201d. O v\u00eddeo original de Caneta Azul no YouTube j\u00e1 tem mais de 7,2 milh\u00f5es de visualiza\u00e7\u00f5es.<\/p>\n\n\n\n<p class=\"has-medium-font-size\"><strong>Confira:<\/strong><\/p>\n\n\n\n<figure class=\"wp-block-embed-youtube wp-block-embed is-type-video is-provider-youtube wp-embed-aspect-4-3 wp-has-aspect-ratio\"><div class=\"wp-block-embed__wrapper\">\nhttps:\/\/youtu.be\/BsIXE-0O8IY\n<\/div><\/figure>\n\n\n\n<p><strong><em>Reprodu\u00e7\u00e3o do  site Di\u00e1rio de Pernambuco<\/em><\/strong><\/p>\n","protected":false},"excerpt":{"rendered":"<p>Atualizado em 30 de outubro de 2019, \u00e0s 8h55 O maranhense Manoel Gomes, autor do hit &#8220;Caneta Azul&#8221;, deu in\u00edcio na tarde de segunda-feira (28) ao processo de registro dos direitos autorais da m\u00fasica que viralizou nos \u00faltimos dias. Manoel se dirigiu a um cart\u00f3rio, acompanhado do advogado Arnaldo Gomes, e aproveitou para solicitar tamb\u00e9m [&hellip;]<\/p>\n","protected":false},"author":2,"featured_media":38453,"comment_status":"open","ping_status":"open","sticky":false,"template":"","format":"standard","meta":{"_acf_changed":false,"_monsterinsights_skip_tracking":false,"_monsterinsights_sitenote_active":false,"_monsterinsights_sitenote_note":"","_monsterinsights_sitenote_category":0,"_jetpack_memberships_contains_paid_content":false,"footnotes":"","jetpack_publicize_message":"","jetpack_publicize_feature_enabled":true,"jetpack_social_post_already_shared":true,"jetpack_social_options":{"image_generator_settings":{"template":"highway","default_image_id":0,"font":"","enabled":false},"version":2}},"categories":[5,1],"tags":[],"class_list":["post-38452","post","type-post","status-publish","format-standard","has-post-thumbnail","hentry","category-cotidiano","category-noticias"],"acf":[],"jetpack_publicize_connections":[],"jetpack_featured_media_url":"https:\/\/i0.wp.com\/blogdoeloiltoncajuhy.com.br\/site\/wp-content\/uploads\/2019\/10\/CanetaAzulManoelGomes.jpg?fit=700%2C450&ssl=1","jetpack_sharing_enabled":true,"publishpress_future_workflow_manual_trigger":{"enabledWorkflows":[]},"_links":{"self":[{"href":"https:\/\/blogdoeloiltoncajuhy.com.br\/site\/wp-json\/wp\/v2\/posts\/38452","targetHints":{"allow":["GET"]}}],"collection":[{"href":"https:\/\/blogdoeloiltoncajuhy.com.br\/site\/wp-json\/wp\/v2\/posts"}],"about":[{"href":"https:\/\/blogdoeloiltoncajuhy.com.br\/site\/wp-json\/wp\/v2\/types\/post"}],"author":[{"embeddable":true,"href":"https:\/\/blogdoeloiltoncajuhy.com.br\/site\/wp-json\/wp\/v2\/users\/2"}],"replies":[{"embeddable":true,"href":"https:\/\/blogdoeloiltoncajuhy.com.br\/site\/wp-json\/wp\/v2\/comments?post=38452"}],"version-history":[{"count":2,"href":"https:\/\/blogdoeloiltoncajuhy.com.br\/site\/wp-json\/wp\/v2\/posts\/38452\/revisions"}],"predecessor-version":[{"id":38462,"href":"https:\/\/blogdoeloiltoncajuhy.com.br\/site\/wp-json\/wp\/v2\/posts\/38452\/revisions\/38462"}],"wp:featuredmedia":[{"embeddable":true,"href":"https:\/\/blogdoeloiltoncajuhy.com.br\/site\/wp-json\/wp\/v2\/media\/38453"}],"wp:attachment":[{"href":"https:\/\/blogdoeloiltoncajuhy.com.br\/site\/wp-json\/wp\/v2\/media?parent=38452"}],"wp:term":[{"taxonomy":"category","embeddable":true,"href":"https:\/\/blogdoeloiltoncajuhy.com.br\/site\/wp-json\/wp\/v2\/categories?post=38452"},{"taxonomy":"post_tag","embeddable":true,"href":"https:\/\/blogdoeloiltoncajuhy.com.br\/site\/wp-json\/wp\/v2\/tags?post=38452"}],"curies":[{"name":"wp","href":"https:\/\/api.w.org\/{rel}","templated":true}]}}