{"id":38448,"date":"2019-10-30T06:39:02","date_gmt":"2019-10-30T09:39:02","guid":{"rendered":"http:\/\/blogdoeloiltoncajuhy.com.br\/site\/?p=38448"},"modified":"2019-10-30T06:39:09","modified_gmt":"2019-10-30T09:39:09","slug":"prefeitura-de-senhor-do-bonfim-realiza-capacitacao-para-merendeiras","status":"publish","type":"post","link":"https:\/\/blogdoeloiltoncajuhy.com.br\/site\/prefeitura-de-senhor-do-bonfim-realiza-capacitacao-para-merendeiras\/","title":{"rendered":"Prefeitura de Senhor do Bonfim realiza capacita\u00e7\u00e3o para merendeiras"},"content":{"rendered":"\n<p><strong>ASCOM &#8211; Prefeitura de Senhor do Bonfim-BA<\/strong><\/p>\n\n\n\n<div class=\"wp-block-image\"><figure class=\"aligncenter\"><img data-recalc-dims=\"1\" fetchpriority=\"high\" decoding=\"async\" width=\"800\" height=\"533\" src=\"https:\/\/i0.wp.com\/blogdoeloiltoncajuhy.com.br\/site\/wp-content\/uploads\/2019\/10\/PMSB_Merendeiras01.jpg?resize=800%2C533\" alt=\"\" class=\"wp-image-38449\" srcset=\"https:\/\/i0.wp.com\/blogdoeloiltoncajuhy.com.br\/site\/wp-content\/uploads\/2019\/10\/PMSB_Merendeiras01.jpg?w=960&amp;ssl=1 960w, https:\/\/i0.wp.com\/blogdoeloiltoncajuhy.com.br\/site\/wp-content\/uploads\/2019\/10\/PMSB_Merendeiras01.jpg?resize=300%2C200&amp;ssl=1 300w, https:\/\/i0.wp.com\/blogdoeloiltoncajuhy.com.br\/site\/wp-content\/uploads\/2019\/10\/PMSB_Merendeiras01.jpg?resize=768%2C512&amp;ssl=1 768w, https:\/\/i0.wp.com\/blogdoeloiltoncajuhy.com.br\/site\/wp-content\/uploads\/2019\/10\/PMSB_Merendeiras01.jpg?resize=250%2C167&amp;ssl=1 250w\" sizes=\"(max-width: 800px) 100vw, 800px\" \/><\/figure><\/div>\n\n\n\n<p>Merendeiras das escolas da rede municipal de Senhor do Bonfim participaram do encerramento da III Capacita\u00e7\u00e3o em Boas Pr\u00e1ticas na Manipula\u00e7\u00e3o de Alimentos, que aconteceu na \u00faltima sexta-feira (25), na Escola Creche Francisco Gales, no Bonfim 3.<\/p>\n\n\n\n<p>Realizada por meio da Secretaria de Educa\u00e7\u00e3o (Semed), a capacita\u00e7\u00e3o para merendeiras das institui\u00e7\u00f5es de ensino do munic\u00edpio foi ministrada por nutricionistas do setor de Alimenta\u00e7\u00e3o da prefeitura.<\/p>\n\n\n\n<p><em>\u201cEssa capacita\u00e7\u00e3o garante uma alimenta\u00e7\u00e3o saud\u00e1vel e muito mais segura para os nossos alunos da rede municipal\u201d<\/em>, enfatizou a nutricionista e coordenadora de Seguran\u00e7a Alimentar, Starley Sant\u2019Anna.<\/p>\n\n\n\n<p>A capacita\u00e7\u00e3o aconteceu durante tr\u00eas meses. Paralelo ao curso, foi realizado tamb\u00e9m um concurso de receitas de alimenta\u00e7\u00e3o escolar e a grande vencedora foi a merendeira da Escola Olga Campos de Menezes, Lindalva Maria Alves, que ganhou um TV de 32 polegadas.<\/p>\n\n\n\n<p>Lindinalva levou o pr\u00eamio com uma receita de gratinado de arroz e frango. Em segundo lugar ficou a merendeira da Escola Ant\u00f4nio Bastos, Debora da Silva Rocha, que ganhou uma Lavadora de Roupas Tanquinho. Francilene de Carvalho da Escola Lar da Sagrada Fam\u00edlia, ficou em terceiro lugar e foi agraciada com um forno el\u00e9trico.<\/p>\n\n\n\n<div class=\"wp-block-image\"><figure class=\"aligncenter\"><img data-recalc-dims=\"1\" decoding=\"async\" width=\"800\" height=\"533\" src=\"https:\/\/i0.wp.com\/blogdoeloiltoncajuhy.com.br\/site\/wp-content\/uploads\/2019\/10\/PMSB_Merendeiras02.jpg?resize=800%2C533\" alt=\"\" class=\"wp-image-38450\" srcset=\"https:\/\/i0.wp.com\/blogdoeloiltoncajuhy.com.br\/site\/wp-content\/uploads\/2019\/10\/PMSB_Merendeiras02.jpg?w=960&amp;ssl=1 960w, https:\/\/i0.wp.com\/blogdoeloiltoncajuhy.com.br\/site\/wp-content\/uploads\/2019\/10\/PMSB_Merendeiras02.jpg?resize=300%2C200&amp;ssl=1 300w, https:\/\/i0.wp.com\/blogdoeloiltoncajuhy.com.br\/site\/wp-content\/uploads\/2019\/10\/PMSB_Merendeiras02.jpg?resize=768%2C512&amp;ssl=1 768w, https:\/\/i0.wp.com\/blogdoeloiltoncajuhy.com.br\/site\/wp-content\/uploads\/2019\/10\/PMSB_Merendeiras02.jpg?resize=250%2C167&amp;ssl=1 250w\" sizes=\"(max-width: 800px) 100vw, 800px\" \/><\/figure><\/div>\n\n\n\n<p><em>\u201cEsse reconhecimento s\u00f3 coroa o esfor\u00e7o e a determina\u00e7\u00e3o que elas [merendeiras] tem no dia a dia. Que cada vez mais elas se aperfei\u00e7oem, e se dediquem para melhorar a alimenta\u00e7\u00e3o dos nosso estudantes. Saio daqui muito feliz, pela alegria e pelo comprometimento de todas\u201d<\/em>, destacou o prefeito Carlos Brasileiro durante entrega da premia\u00e7\u00e3o.<\/p>\n\n\n\n<p>Dentre as tem\u00e1ticas do curso, os Procedimentos Operacionais Padronizados (POPs), doen\u00e7as transmitidas por alimentos (DTAs), contamina\u00e7\u00e3o alimentar e riscos \u00e0 sa\u00fade, cuidados com os alimentos (manipula\u00e7\u00e3o, conserva\u00e7\u00e3o, armazenamento, preparo e distribui\u00e7\u00e3o), organiza\u00e7\u00e3o da cozinha, legisla\u00e7\u00e3o vigente, entre outros assuntos.<\/p>\n","protected":false},"excerpt":{"rendered":"<p>ASCOM &#8211; Prefeitura de Senhor do Bonfim-BA Merendeiras das escolas da rede municipal de Senhor do Bonfim participaram do encerramento da III Capacita\u00e7\u00e3o em Boas Pr\u00e1ticas na Manipula\u00e7\u00e3o de Alimentos, que aconteceu na \u00faltima sexta-feira (25), na Escola Creche Francisco Gales, no Bonfim 3. Realizada por meio da Secretaria de Educa\u00e7\u00e3o (Semed), a capacita\u00e7\u00e3o para [&hellip;]<\/p>\n","protected":false},"author":2,"featured_media":38450,"comment_status":"open","ping_status":"open","sticky":false,"template":"","format":"standard","meta":{"_acf_changed":false,"_monsterinsights_skip_tracking":false,"_monsterinsights_sitenote_active":false,"_monsterinsights_sitenote_note":"","_monsterinsights_sitenote_category":0,"_jetpack_memberships_contains_paid_content":false,"footnotes":"","jetpack_publicize_message":"","jetpack_publicize_feature_enabled":true,"jetpack_social_post_already_shared":true,"jetpack_social_options":{"image_generator_settings":{"template":"highway","default_image_id":0,"font":"","enabled":false},"version":2}},"categories":[14,1,4],"tags":[],"class_list":["post-38448","post","type-post","status-publish","format-standard","has-post-thumbnail","hentry","category-educacao","category-noticias","category-local"],"acf":[],"jetpack_publicize_connections":[],"jetpack_featured_media_url":"https:\/\/i0.wp.com\/blogdoeloiltoncajuhy.com.br\/site\/wp-content\/uploads\/2019\/10\/PMSB_Merendeiras02.jpg?fit=960%2C640&ssl=1","jetpack_sharing_enabled":true,"publishpress_future_workflow_manual_trigger":{"enabledWorkflows":[]},"_links":{"self":[{"href":"https:\/\/blogdoeloiltoncajuhy.com.br\/site\/wp-json\/wp\/v2\/posts\/38448","targetHints":{"allow":["GET"]}}],"collection":[{"href":"https:\/\/blogdoeloiltoncajuhy.com.br\/site\/wp-json\/wp\/v2\/posts"}],"about":[{"href":"https:\/\/blogdoeloiltoncajuhy.com.br\/site\/wp-json\/wp\/v2\/types\/post"}],"author":[{"embeddable":true,"href":"https:\/\/blogdoeloiltoncajuhy.com.br\/site\/wp-json\/wp\/v2\/users\/2"}],"replies":[{"embeddable":true,"href":"https:\/\/blogdoeloiltoncajuhy.com.br\/site\/wp-json\/wp\/v2\/comments?post=38448"}],"version-history":[{"count":1,"href":"https:\/\/blogdoeloiltoncajuhy.com.br\/site\/wp-json\/wp\/v2\/posts\/38448\/revisions"}],"predecessor-version":[{"id":38451,"href":"https:\/\/blogdoeloiltoncajuhy.com.br\/site\/wp-json\/wp\/v2\/posts\/38448\/revisions\/38451"}],"wp:featuredmedia":[{"embeddable":true,"href":"https:\/\/blogdoeloiltoncajuhy.com.br\/site\/wp-json\/wp\/v2\/media\/38450"}],"wp:attachment":[{"href":"https:\/\/blogdoeloiltoncajuhy.com.br\/site\/wp-json\/wp\/v2\/media?parent=38448"}],"wp:term":[{"taxonomy":"category","embeddable":true,"href":"https:\/\/blogdoeloiltoncajuhy.com.br\/site\/wp-json\/wp\/v2\/categories?post=38448"},{"taxonomy":"post_tag","embeddable":true,"href":"https:\/\/blogdoeloiltoncajuhy.com.br\/site\/wp-json\/wp\/v2\/tags?post=38448"}],"curies":[{"name":"wp","href":"https:\/\/api.w.org\/{rel}","templated":true}]}}