{"id":38418,"date":"2019-10-29T06:27:53","date_gmt":"2019-10-29T09:27:53","guid":{"rendered":"http:\/\/blogdoeloiltoncajuhy.com.br\/site\/?p=38418"},"modified":"2019-10-29T06:27:59","modified_gmt":"2019-10-29T09:27:59","slug":"academia-ao-ar-livre-da-praca-das-laranjeiras-e-instalada","status":"publish","type":"post","link":"https:\/\/blogdoeloiltoncajuhy.com.br\/site\/academia-ao-ar-livre-da-praca-das-laranjeiras-e-instalada\/","title":{"rendered":"Academia ao Ar Livre da Pra\u00e7a das Laranjeiras \u00e9 instalada"},"content":{"rendered":"\n<p><strong>ASCOM &#8211; Cleiton Vieira<\/strong><\/p>\n\n\n\n<div class=\"wp-block-image\"><figure class=\"aligncenter is-resized\"><img fetchpriority=\"high\" decoding=\"async\" src=\"https:\/\/i0.wp.com\/blogdoeloiltoncajuhy.com.br\/site\/wp-content\/uploads\/2019\/10\/VereadorCleitonAcademiaLaranjeiras.jpeg?fit=590%2C441\" alt=\"\" class=\"wp-image-38419\" width=\"442\" height=\"331\" srcset=\"https:\/\/i0.wp.com\/blogdoeloiltoncajuhy.com.br\/site\/wp-content\/uploads\/2019\/10\/VereadorCleitonAcademiaLaranjeiras.jpeg?w=1280&amp;ssl=1 1280w, https:\/\/i0.wp.com\/blogdoeloiltoncajuhy.com.br\/site\/wp-content\/uploads\/2019\/10\/VereadorCleitonAcademiaLaranjeiras.jpeg?resize=300%2C225&amp;ssl=1 300w, https:\/\/i0.wp.com\/blogdoeloiltoncajuhy.com.br\/site\/wp-content\/uploads\/2019\/10\/VereadorCleitonAcademiaLaranjeiras.jpeg?resize=768%2C575&amp;ssl=1 768w, https:\/\/i0.wp.com\/blogdoeloiltoncajuhy.com.br\/site\/wp-content\/uploads\/2019\/10\/VereadorCleitonAcademiaLaranjeiras.jpeg?resize=1024%2C766&amp;ssl=1 1024w, https:\/\/i0.wp.com\/blogdoeloiltoncajuhy.com.br\/site\/wp-content\/uploads\/2019\/10\/VereadorCleitonAcademiaLaranjeiras.jpeg?resize=250%2C187&amp;ssl=1 250w\" sizes=\"(max-width: 442px) 100vw, 442px\" \/><\/figure><\/div>\n\n\n\n<p>Foi conclu\u00edda na \u00faltima semana a instala\u00e7\u00e3o dos equipamentos da Academia ao Ar Livre, na Pra\u00e7a das Laranjeiras, em Senhor do Bonfim. O vereador Cleiton Vieira, autor do pedido que deu origem aos equipamentos da academia, comemorou a implanta\u00e7\u00e3o dos aparelhos. A pra\u00e7a, que foi totalmente reformada tamb\u00e9m a pedido do vereador, foi entregue em julho deste ano. <\/p>\n\n\n\n<p>Segundo o parlamentar, a pra\u00e7a que j\u00e1 contava, ap\u00f3s a reforma, com playground com brinquedos de madeira, bancos, nova ilumina\u00e7\u00e3o, arboriza\u00e7\u00e3o, cal\u00e7adas com rampas de acessibilidade e estacionamento, conta agora com mais uma op\u00e7\u00e3o de lazer e sa\u00fade para os moradores.<\/p>\n\n\n\n<p><em>\u201cAgora, conto com o bom senso da popula\u00e7\u00e3o para fiscalizar e fazer bom uso desta academia ao ar livre e dos equipamentos da pra\u00e7a, pois \u00e9 um patrim\u00f4nio do nosso bairro\u201d<\/em>, afirmou Cleiton Vieira.<\/p>\n\n\n\n<p><em>\u201cFico feliz em ver que o prefeito Carlos Brasileiro atendeu minha reivindica\u00e7\u00e3o. Isso porque esses equipamentos da academia ao ar livre agora fazem parte de um complexo de lazer para a popula\u00e7\u00e3o. Vamos em busca agora de mais equipamentos para a Pra\u00e7a da Lagoa e Pra\u00e7a Boa Esperan\u00e7a, junto ao governo municipal\u201d<\/em>, finalizou o vereador.<\/p>\n","protected":false},"excerpt":{"rendered":"<p>ASCOM &#8211; Cleiton Vieira Foi conclu\u00edda na \u00faltima semana a instala\u00e7\u00e3o dos equipamentos da Academia ao Ar Livre, na Pra\u00e7a das Laranjeiras, em Senhor do Bonfim. O vereador Cleiton Vieira, autor do pedido que deu origem aos equipamentos da academia, comemorou a implanta\u00e7\u00e3o dos aparelhos. A pra\u00e7a, que foi totalmente reformada tamb\u00e9m a pedido do [&hellip;]<\/p>\n","protected":false},"author":2,"featured_media":38419,"comment_status":"open","ping_status":"open","sticky":false,"template":"","format":"standard","meta":{"_acf_changed":false,"_monsterinsights_skip_tracking":false,"_monsterinsights_sitenote_active":false,"_monsterinsights_sitenote_note":"","_monsterinsights_sitenote_category":0,"_jetpack_memberships_contains_paid_content":false,"footnotes":"","jetpack_publicize_message":"","jetpack_publicize_feature_enabled":true,"jetpack_social_post_already_shared":true,"jetpack_social_options":{"image_generator_settings":{"template":"highway","default_image_id":0,"font":"","enabled":false},"version":2}},"categories":[1,3,4],"tags":[],"class_list":["post-38418","post","type-post","status-publish","format-standard","has-post-thumbnail","hentry","category-noticias","category-politica","category-local"],"acf":[],"jetpack_publicize_connections":[],"jetpack_featured_media_url":"https:\/\/i0.wp.com\/blogdoeloiltoncajuhy.com.br\/site\/wp-content\/uploads\/2019\/10\/VereadorCleitonAcademiaLaranjeiras.jpeg?fit=1280%2C958&ssl=1","jetpack_sharing_enabled":true,"publishpress_future_workflow_manual_trigger":{"enabledWorkflows":[]},"_links":{"self":[{"href":"https:\/\/blogdoeloiltoncajuhy.com.br\/site\/wp-json\/wp\/v2\/posts\/38418","targetHints":{"allow":["GET"]}}],"collection":[{"href":"https:\/\/blogdoeloiltoncajuhy.com.br\/site\/wp-json\/wp\/v2\/posts"}],"about":[{"href":"https:\/\/blogdoeloiltoncajuhy.com.br\/site\/wp-json\/wp\/v2\/types\/post"}],"author":[{"embeddable":true,"href":"https:\/\/blogdoeloiltoncajuhy.com.br\/site\/wp-json\/wp\/v2\/users\/2"}],"replies":[{"embeddable":true,"href":"https:\/\/blogdoeloiltoncajuhy.com.br\/site\/wp-json\/wp\/v2\/comments?post=38418"}],"version-history":[{"count":1,"href":"https:\/\/blogdoeloiltoncajuhy.com.br\/site\/wp-json\/wp\/v2\/posts\/38418\/revisions"}],"predecessor-version":[{"id":38420,"href":"https:\/\/blogdoeloiltoncajuhy.com.br\/site\/wp-json\/wp\/v2\/posts\/38418\/revisions\/38420"}],"wp:featuredmedia":[{"embeddable":true,"href":"https:\/\/blogdoeloiltoncajuhy.com.br\/site\/wp-json\/wp\/v2\/media\/38419"}],"wp:attachment":[{"href":"https:\/\/blogdoeloiltoncajuhy.com.br\/site\/wp-json\/wp\/v2\/media?parent=38418"}],"wp:term":[{"taxonomy":"category","embeddable":true,"href":"https:\/\/blogdoeloiltoncajuhy.com.br\/site\/wp-json\/wp\/v2\/categories?post=38418"},{"taxonomy":"post_tag","embeddable":true,"href":"https:\/\/blogdoeloiltoncajuhy.com.br\/site\/wp-json\/wp\/v2\/tags?post=38418"}],"curies":[{"name":"wp","href":"https:\/\/api.w.org\/{rel}","templated":true}]}}