{"id":38410,"date":"2019-10-28T19:38:25","date_gmt":"2019-10-28T22:38:25","guid":{"rendered":"http:\/\/blogdoeloiltoncajuhy.com.br\/site\/?p=38410"},"modified":"2019-10-28T19:38:33","modified_gmt":"2019-10-28T22:38:33","slug":"agentes-de-endemias-reforcam-o-combate-ao-mosquito-da-dengue-em-senhor-do-bonfim","status":"publish","type":"post","link":"https:\/\/blogdoeloiltoncajuhy.com.br\/site\/agentes-de-endemias-reforcam-o-combate-ao-mosquito-da-dengue-em-senhor-do-bonfim\/","title":{"rendered":"Agentes de Endemias refor\u00e7am o combate ao mosquito da dengue em Senhor do Bonfim"},"content":{"rendered":"\n<p><strong>BLOG DO ELOILTON CAJUHY<\/strong><br>Fonte: Coordena\u00e7\u00e3o de Endemias do munic\u00edpio<\/p>\n\n\n\n<div class=\"wp-block-image\"><figure class=\"aligncenter\"><img data-recalc-dims=\"1\" fetchpriority=\"high\" decoding=\"async\" width=\"800\" height=\"533\" src=\"https:\/\/i0.wp.com\/blogdoeloiltoncajuhy.com.br\/site\/wp-content\/uploads\/2019\/10\/MobilizacaoDengue_01.jpg?resize=800%2C533\" alt=\"\" class=\"wp-image-38411\" srcset=\"https:\/\/i0.wp.com\/blogdoeloiltoncajuhy.com.br\/site\/wp-content\/uploads\/2019\/10\/MobilizacaoDengue_01.jpg?w=960&amp;ssl=1 960w, https:\/\/i0.wp.com\/blogdoeloiltoncajuhy.com.br\/site\/wp-content\/uploads\/2019\/10\/MobilizacaoDengue_01.jpg?resize=300%2C200&amp;ssl=1 300w, https:\/\/i0.wp.com\/blogdoeloiltoncajuhy.com.br\/site\/wp-content\/uploads\/2019\/10\/MobilizacaoDengue_01.jpg?resize=768%2C511&amp;ssl=1 768w, https:\/\/i0.wp.com\/blogdoeloiltoncajuhy.com.br\/site\/wp-content\/uploads\/2019\/10\/MobilizacaoDengue_01.jpg?resize=250%2C166&amp;ssl=1 250w\" sizes=\"(max-width: 800px) 100vw, 800px\" \/><\/figure><\/div>\n\n\n\n<p>Com o aumento no n\u00famero de casos notificados e focos do Aedes aegypti no munic\u00edpio, durante esse per\u00edodo chuvoso e quente, \u00e9 necess\u00e1ria a realiza\u00e7\u00e3o de a\u00e7\u00f5es de conscientiza\u00e7\u00e3o e combate ao mosquito. Neste sentido, a Secretaria Municipal de Sa\u00fade, atrav\u00e9s dos Agentes de Combate as Endemias, Agentes Comunit\u00e1rios de Sa\u00fade e em parceria com setores estrat\u00e9gicos da administra\u00e7\u00e3o, criaram o Projeto de Mobiliza\u00e7\u00e3o Municipal <strong><em>\u201cVem com \u201cAGENTE\u201d combater o mosquito da Dengue\u201d<\/em><\/strong>, que vem sendo realizado nos principais bairros da cidade, que apresentaram no ultimo levantamento os maiores \u00edndices de infesta\u00e7\u00e3o predial com larvas do mosquito.<\/p>\n\n\n\n<p>Entre as a\u00e7\u00f5es realizadas, as que mais t\u00eam ganhado destaque no projeto s\u00e3o as palestras educativas nas escolas e os faxina\u00e7os com com distribui\u00e7\u00e3o de material informativo.<\/p>\n\n\n\n<div class=\"wp-block-image\"><figure class=\"aligncenter\"><img data-recalc-dims=\"1\" decoding=\"async\" width=\"800\" height=\"533\" src=\"https:\/\/i0.wp.com\/blogdoeloiltoncajuhy.com.br\/site\/wp-content\/uploads\/2019\/10\/MobilizacaoDengue_02.jpg?resize=800%2C533\" alt=\"\" class=\"wp-image-38412\" srcset=\"https:\/\/i0.wp.com\/blogdoeloiltoncajuhy.com.br\/site\/wp-content\/uploads\/2019\/10\/MobilizacaoDengue_02.jpg?w=960&amp;ssl=1 960w, https:\/\/i0.wp.com\/blogdoeloiltoncajuhy.com.br\/site\/wp-content\/uploads\/2019\/10\/MobilizacaoDengue_02.jpg?resize=300%2C200&amp;ssl=1 300w, https:\/\/i0.wp.com\/blogdoeloiltoncajuhy.com.br\/site\/wp-content\/uploads\/2019\/10\/MobilizacaoDengue_02.jpg?resize=768%2C511&amp;ssl=1 768w, https:\/\/i0.wp.com\/blogdoeloiltoncajuhy.com.br\/site\/wp-content\/uploads\/2019\/10\/MobilizacaoDengue_02.jpg?resize=250%2C166&amp;ssl=1 250w\" sizes=\"(max-width: 800px) 100vw, 800px\" \/><\/figure><\/div>\n\n\n\n<p>Estas a\u00e7\u00f5es est\u00e3o sendo realizadas desde o dia 1\u00ba de outubro, quando o Minist\u00e9rio da Sa\u00fade antecipou a campanha nacional de enfrentamento ao Aedes Aegypti, e j\u00e1 atendeu os bairros do Alto da Maravilha, S\u00e3o Jorge, Rodovi\u00e1ria, Bonfim III, Loteamento Jonas Costa, Casas Populares, Novo Horizonte, Pebas e o distrito de Igara.<\/p>\n\n\n\n<p>Estiveram envolvidas nas palestras as Escolas Judite Ferreira, de Quice, N\u00edvea Seixas, do Bonfim III, e Dr. Jos\u00e9 Gon\u00e7alves, nas Casa Populares. De acordo com a Coordena\u00e7\u00e3o de Endemias, a avalia\u00e7\u00e3o do projeto j\u00e1 pode ser considerada bastante positiva, porque os moradores dos bairros e localidades envolvidas est\u00e3o parando, conversando e questionando as equipes sobre como combater os focos do mosquito.<\/p>\n\n\n\n<p><em>\u201cEsperamos que isso reflita nas comunidades e a popula\u00e7\u00e3o se atente em suas resid\u00eancias, que \u00e9 onde encontramos o maior n\u00famero de focos at\u00e9 o momento\u201d<\/em>, destaca o Coordenador de Endemias Marlon Reis.<\/p>\n\n\n\n<div class=\"wp-block-image\"><figure class=\"aligncenter\"><img data-recalc-dims=\"1\" decoding=\"async\" width=\"800\" height=\"533\" src=\"https:\/\/i0.wp.com\/blogdoeloiltoncajuhy.com.br\/site\/wp-content\/uploads\/2019\/10\/MobilizacaoDengue_03.jpg?resize=800%2C533\" alt=\"\" class=\"wp-image-38413\" srcset=\"https:\/\/i0.wp.com\/blogdoeloiltoncajuhy.com.br\/site\/wp-content\/uploads\/2019\/10\/MobilizacaoDengue_03.jpg?w=960&amp;ssl=1 960w, https:\/\/i0.wp.com\/blogdoeloiltoncajuhy.com.br\/site\/wp-content\/uploads\/2019\/10\/MobilizacaoDengue_03.jpg?resize=300%2C200&amp;ssl=1 300w, https:\/\/i0.wp.com\/blogdoeloiltoncajuhy.com.br\/site\/wp-content\/uploads\/2019\/10\/MobilizacaoDengue_03.jpg?resize=768%2C511&amp;ssl=1 768w, https:\/\/i0.wp.com\/blogdoeloiltoncajuhy.com.br\/site\/wp-content\/uploads\/2019\/10\/MobilizacaoDengue_03.jpg?resize=250%2C166&amp;ssl=1 250w\" sizes=\"(max-width: 800px) 100vw, 800px\" \/><\/figure><\/div>\n\n\n\n<p class=\"has-medium-font-size\"><strong>A\u00e7\u00f5es continuam<\/strong><\/p>\n\n\n\n<p>Com o objetivo de localizar, combater focos e tamb\u00e9m de conscientizar as fam\u00edlias, Agentes de Endemias tamb\u00e9m est\u00e3o visitando os domic\u00edlios, orientando sobre poss\u00edveis locais que podem servir de criadouros do mosquito, al\u00e9m de como combat\u00ea-los com aplica\u00e7\u00e3o de larvicidas nas visitas domiciliares que s\u00e3o realizadas diariamente.<\/p>\n\n\n\n<p><em>\u201cCada um precisa fazer a sua parte, cuidar dos seus terrenos e evitar a prolifera\u00e7\u00e3o do mosquito, para que n\u00e3o tenhamos um novo surto de dengue em nosso munic\u00edpio, como o que tivemos no in\u00edcio em senhor do Bonfim\u201d<\/em>, explicou Marlon Reis.<\/p>\n\n\n\n<div class=\"wp-block-image\"><figure class=\"aligncenter\"><img data-recalc-dims=\"1\" loading=\"lazy\" decoding=\"async\" width=\"800\" height=\"600\" src=\"https:\/\/i0.wp.com\/blogdoeloiltoncajuhy.com.br\/site\/wp-content\/uploads\/2019\/10\/MobilizacaoDengue_04.jpg?resize=800%2C600\" alt=\"\" class=\"wp-image-38414\" srcset=\"https:\/\/i0.wp.com\/blogdoeloiltoncajuhy.com.br\/site\/wp-content\/uploads\/2019\/10\/MobilizacaoDengue_04.jpg?w=960&amp;ssl=1 960w, https:\/\/i0.wp.com\/blogdoeloiltoncajuhy.com.br\/site\/wp-content\/uploads\/2019\/10\/MobilizacaoDengue_04.jpg?resize=300%2C225&amp;ssl=1 300w, https:\/\/i0.wp.com\/blogdoeloiltoncajuhy.com.br\/site\/wp-content\/uploads\/2019\/10\/MobilizacaoDengue_04.jpg?resize=768%2C576&amp;ssl=1 768w, https:\/\/i0.wp.com\/blogdoeloiltoncajuhy.com.br\/site\/wp-content\/uploads\/2019\/10\/MobilizacaoDengue_04.jpg?resize=250%2C188&amp;ssl=1 250w\" sizes=\"(max-width: 800px) 100vw, 800px\" \/><\/figure><\/div>\n\n\n\n<p>De 29 de outubro a 1\u00ba de novembro, os Agentes de Endemias estar\u00e3o realizando o 4\u00ba e ultimo Levantamento de \u00cdndice R\u00e1pido para Aedes Aegypti (LIRAa), com a finalidade de direcionar as pr\u00f3ximas a\u00e7\u00f5es e as localidades que receber\u00e3o o projeto de mobiliza\u00e7\u00e3o.<\/p>\n\n\n\n<p>O LIRAa consiste em uma amostragem larv\u00e1ria bimestral de Aedes aegypti em um munic\u00edpio para obter a estimativa da infesta\u00e7\u00e3o pelo vetor da dengue. Essa amostragem deve ser precedida de um mapeamento e estratifica\u00e7\u00e3o dos im\u00f3veis do munic\u00edpio e \u00e9 uma ferramenta fundamental para direcionamento e intensifica\u00e7\u00e3o das a\u00e7\u00f5es contra o mosquito da Dengue, pois apresenta a magnitude e a distribui\u00e7\u00e3o da infesta\u00e7\u00e3o por tipo de criadouro nas diferentes localidades do munic\u00edpio.<\/p>\n","protected":false},"excerpt":{"rendered":"<p>BLOG DO ELOILTON CAJUHYFonte: Coordena\u00e7\u00e3o de Endemias do munic\u00edpio Com o aumento no n\u00famero de casos notificados e focos do Aedes aegypti no munic\u00edpio, durante esse per\u00edodo chuvoso e quente, \u00e9 necess\u00e1ria a realiza\u00e7\u00e3o de a\u00e7\u00f5es de conscientiza\u00e7\u00e3o e combate ao mosquito. Neste sentido, a Secretaria Municipal de Sa\u00fade, atrav\u00e9s dos Agentes de Combate as [&hellip;]<\/p>\n","protected":false},"author":2,"featured_media":38414,"comment_status":"open","ping_status":"open","sticky":false,"template":"","format":"standard","meta":{"_acf_changed":false,"_monsterinsights_skip_tracking":false,"_monsterinsights_sitenote_active":false,"_monsterinsights_sitenote_note":"","_monsterinsights_sitenote_category":0,"_jetpack_memberships_contains_paid_content":false,"footnotes":"","jetpack_publicize_message":"","jetpack_publicize_feature_enabled":true,"jetpack_social_post_already_shared":true,"jetpack_social_options":{"image_generator_settings":{"template":"highway","default_image_id":0,"font":"","enabled":false},"version":2}},"categories":[5,1,7],"tags":[],"class_list":["post-38410","post","type-post","status-publish","format-standard","has-post-thumbnail","hentry","category-cotidiano","category-noticias","category-saude"],"acf":[],"jetpack_publicize_connections":[],"jetpack_featured_media_url":"https:\/\/i0.wp.com\/blogdoeloiltoncajuhy.com.br\/site\/wp-content\/uploads\/2019\/10\/MobilizacaoDengue_04.jpg?fit=960%2C720&ssl=1","jetpack_sharing_enabled":true,"publishpress_future_workflow_manual_trigger":{"enabledWorkflows":[]},"_links":{"self":[{"href":"https:\/\/blogdoeloiltoncajuhy.com.br\/site\/wp-json\/wp\/v2\/posts\/38410","targetHints":{"allow":["GET"]}}],"collection":[{"href":"https:\/\/blogdoeloiltoncajuhy.com.br\/site\/wp-json\/wp\/v2\/posts"}],"about":[{"href":"https:\/\/blogdoeloiltoncajuhy.com.br\/site\/wp-json\/wp\/v2\/types\/post"}],"author":[{"embeddable":true,"href":"https:\/\/blogdoeloiltoncajuhy.com.br\/site\/wp-json\/wp\/v2\/users\/2"}],"replies":[{"embeddable":true,"href":"https:\/\/blogdoeloiltoncajuhy.com.br\/site\/wp-json\/wp\/v2\/comments?post=38410"}],"version-history":[{"count":1,"href":"https:\/\/blogdoeloiltoncajuhy.com.br\/site\/wp-json\/wp\/v2\/posts\/38410\/revisions"}],"predecessor-version":[{"id":38415,"href":"https:\/\/blogdoeloiltoncajuhy.com.br\/site\/wp-json\/wp\/v2\/posts\/38410\/revisions\/38415"}],"wp:featuredmedia":[{"embeddable":true,"href":"https:\/\/blogdoeloiltoncajuhy.com.br\/site\/wp-json\/wp\/v2\/media\/38414"}],"wp:attachment":[{"href":"https:\/\/blogdoeloiltoncajuhy.com.br\/site\/wp-json\/wp\/v2\/media?parent=38410"}],"wp:term":[{"taxonomy":"category","embeddable":true,"href":"https:\/\/blogdoeloiltoncajuhy.com.br\/site\/wp-json\/wp\/v2\/categories?post=38410"},{"taxonomy":"post_tag","embeddable":true,"href":"https:\/\/blogdoeloiltoncajuhy.com.br\/site\/wp-json\/wp\/v2\/tags?post=38410"}],"curies":[{"name":"wp","href":"https:\/\/api.w.org\/{rel}","templated":true}]}}