{"id":38403,"date":"2019-10-28T15:14:56","date_gmt":"2019-10-28T18:14:56","guid":{"rendered":"http:\/\/blogdoeloiltoncajuhy.com.br\/site\/?p=38403"},"modified":"2019-10-28T15:15:03","modified_gmt":"2019-10-28T18:15:03","slug":"andorinha-programa-despertar-desenvolve-diversos-trabalhos-com-alunos-da-rede-municipal-de-ensino","status":"publish","type":"post","link":"https:\/\/blogdoeloiltoncajuhy.com.br\/site\/andorinha-programa-despertar-desenvolve-diversos-trabalhos-com-alunos-da-rede-municipal-de-ensino\/","title":{"rendered":"Andorinha: Programa Despertar desenvolve diversos trabalhos com alunos da Rede Municipal de Ensino"},"content":{"rendered":"\n<p><strong>ASCOM &#8211; Prefeitura de Andorinha-BA<\/strong><\/p>\n\n\n\n<div class=\"wp-block-image\"><figure class=\"aligncenter is-resized\"><img data-recalc-dims=\"1\" fetchpriority=\"high\" decoding=\"async\" src=\"https:\/\/i0.wp.com\/blogdoeloiltoncajuhy.com.br\/site\/wp-content\/uploads\/2019\/10\/PA_ProgramaDespertar_01.jpg?resize=380%2C285\" alt=\"\" class=\"wp-image-38404\" width=\"380\" height=\"285\" srcset=\"https:\/\/i0.wp.com\/blogdoeloiltoncajuhy.com.br\/site\/wp-content\/uploads\/2019\/10\/PA_ProgramaDespertar_01.jpg?w=760&amp;ssl=1 760w, https:\/\/i0.wp.com\/blogdoeloiltoncajuhy.com.br\/site\/wp-content\/uploads\/2019\/10\/PA_ProgramaDespertar_01.jpg?resize=300%2C225&amp;ssl=1 300w, https:\/\/i0.wp.com\/blogdoeloiltoncajuhy.com.br\/site\/wp-content\/uploads\/2019\/10\/PA_ProgramaDespertar_01.jpg?resize=250%2C188&amp;ssl=1 250w\" sizes=\"(max-width: 380px) 100vw, 380px\" \/><\/figure><\/div>\n\n\n\n<p>O <strong><em>Programa Despertar<\/em><\/strong> vem ampliando o papel social do Senar Bahia desde 2005. O objetivo \u00e9 promover a educa\u00e7\u00e3o voltada \u00e0 responsabilidade social, em busca de alavancar mudan\u00e7as de valores, aliados a postura de cidad\u00e3 e socioambiental.<\/p>\n\n\n\n<p>Em Andorinha o programa atende mais de 1.000 crian\u00e7as e est\u00e1 presente na Escola de S\u00edtio do A\u00e7ude, Col\u00e9gio Municipal Deputado Jonival Lucas, Escola Municipal No\u00eamia Vitor, Escola Municipal Martiliano Jos\u00e9 Ferreira, Escola Municipal de Caldeir\u00e3o da Vaca, Escola Municipal de Vila Medrado e Escola Municipal S\u00e3o Jos\u00e9.<\/p>\n\n\n\n<p>Durante as atividades implementadas j\u00e1 foram recebidas pelo projeto 50 mudas de \u00e1rvores frut\u00edferas doados pelo munic\u00edpio de Sa\u00fade. Al\u00e9m disso, os alunos de Caldeir\u00e3o da Vaca produziram cartazes de preserva\u00e7\u00e3o do meio ambiente e mensagens sobre a import\u00e2ncia das \u00e1rvores, que foram fixados nas \u00e1rvores situadas no local.<\/p>\n\n\n\n<p>A Secretaria de Desenvolvimento Rural e Meio Ambiente tamb\u00e9m doou para a Escola Municipal de Medrado a primeira remessa de sementes para plantio, onde os alunos est\u00e3o fazendo o paisagismo da \u00e1rea aberta da escola. Morro Branco e S\u00edtio do A\u00e7ude j\u00e1 receberam mudas de \u00e1rvores frut\u00edferas e j\u00e1 fizeram o plantio.<\/p>\n\n\n\n<p><em>\u201cO Projeto d\u00e1 a oportunidade ao aluno de desenvolver pr\u00e1ticas sustent\u00e1veis de forma l\u00fadica e aprendem a valorizar o meio ambiente. O Despertar realmente desperta novos ideais sobre responsabilidade social em cada aluno participante. \u00c9 mais que gratificante ver cada um se empenhar, ajudando a pensar, criar e executar ideias para desenvolver o projeto\u201d<\/em>, destacou o coordenador do projeto Gerson Pereira.<\/p>\n","protected":false},"excerpt":{"rendered":"<p>ASCOM &#8211; Prefeitura de Andorinha-BA O Programa Despertar vem ampliando o papel social do Senar Bahia desde 2005. O objetivo \u00e9 promover a educa\u00e7\u00e3o voltada \u00e0 responsabilidade social, em busca de alavancar mudan\u00e7as de valores, aliados a postura de cidad\u00e3 e socioambiental. Em Andorinha o programa atende mais de 1.000 crian\u00e7as e est\u00e1 presente na [&hellip;]<\/p>\n","protected":false},"author":2,"featured_media":38404,"comment_status":"open","ping_status":"open","sticky":false,"template":"","format":"standard","meta":{"_acf_changed":false,"_monsterinsights_skip_tracking":false,"_monsterinsights_sitenote_active":false,"_monsterinsights_sitenote_note":"","_monsterinsights_sitenote_category":0,"_jetpack_memberships_contains_paid_content":false,"footnotes":"","jetpack_publicize_message":"","jetpack_publicize_feature_enabled":true,"jetpack_social_post_already_shared":true,"jetpack_social_options":{"image_generator_settings":{"template":"highway","default_image_id":0,"font":"","enabled":false},"version":2}},"categories":[1,11],"tags":[],"class_list":["post-38403","post","type-post","status-publish","format-standard","has-post-thumbnail","hentry","category-noticias","category-regional"],"acf":[],"jetpack_publicize_connections":[],"jetpack_featured_media_url":"https:\/\/i0.wp.com\/blogdoeloiltoncajuhy.com.br\/site\/wp-content\/uploads\/2019\/10\/PA_ProgramaDespertar_01.jpg?fit=760%2C570&ssl=1","jetpack_sharing_enabled":true,"publishpress_future_workflow_manual_trigger":{"enabledWorkflows":[]},"_links":{"self":[{"href":"https:\/\/blogdoeloiltoncajuhy.com.br\/site\/wp-json\/wp\/v2\/posts\/38403","targetHints":{"allow":["GET"]}}],"collection":[{"href":"https:\/\/blogdoeloiltoncajuhy.com.br\/site\/wp-json\/wp\/v2\/posts"}],"about":[{"href":"https:\/\/blogdoeloiltoncajuhy.com.br\/site\/wp-json\/wp\/v2\/types\/post"}],"author":[{"embeddable":true,"href":"https:\/\/blogdoeloiltoncajuhy.com.br\/site\/wp-json\/wp\/v2\/users\/2"}],"replies":[{"embeddable":true,"href":"https:\/\/blogdoeloiltoncajuhy.com.br\/site\/wp-json\/wp\/v2\/comments?post=38403"}],"version-history":[{"count":1,"href":"https:\/\/blogdoeloiltoncajuhy.com.br\/site\/wp-json\/wp\/v2\/posts\/38403\/revisions"}],"predecessor-version":[{"id":38405,"href":"https:\/\/blogdoeloiltoncajuhy.com.br\/site\/wp-json\/wp\/v2\/posts\/38403\/revisions\/38405"}],"wp:featuredmedia":[{"embeddable":true,"href":"https:\/\/blogdoeloiltoncajuhy.com.br\/site\/wp-json\/wp\/v2\/media\/38404"}],"wp:attachment":[{"href":"https:\/\/blogdoeloiltoncajuhy.com.br\/site\/wp-json\/wp\/v2\/media?parent=38403"}],"wp:term":[{"taxonomy":"category","embeddable":true,"href":"https:\/\/blogdoeloiltoncajuhy.com.br\/site\/wp-json\/wp\/v2\/categories?post=38403"},{"taxonomy":"post_tag","embeddable":true,"href":"https:\/\/blogdoeloiltoncajuhy.com.br\/site\/wp-json\/wp\/v2\/tags?post=38403"}],"curies":[{"name":"wp","href":"https:\/\/api.w.org\/{rel}","templated":true}]}}