{"id":38398,"date":"2019-10-28T14:43:07","date_gmt":"2019-10-28T17:43:07","guid":{"rendered":"http:\/\/blogdoeloiltoncajuhy.com.br\/site\/?p=38398"},"modified":"2019-10-28T14:43:13","modified_gmt":"2019-10-28T17:43:13","slug":"8a-edicao-do-projeto-prefeitura-nas-comunidades-leva-diversos-servicos-a-localidade-de-jacuna","status":"publish","type":"post","link":"https:\/\/blogdoeloiltoncajuhy.com.br\/site\/8a-edicao-do-projeto-prefeitura-nas-comunidades-leva-diversos-servicos-a-localidade-de-jacuna\/","title":{"rendered":"8\u00aa edi\u00e7\u00e3o do Projeto Prefeitura nas Comunidades leva diversos servi\u00e7os \u00e0 localidade de Jacun\u00e3"},"content":{"rendered":"\n<p><strong>ASCOM &#8211; Prefeitura de Jaguarari-BA<\/strong><\/p>\n\n\n\n<div class=\"wp-block-image\"><figure class=\"aligncenter is-resized\"><img data-recalc-dims=\"1\" fetchpriority=\"high\" decoding=\"async\" src=\"https:\/\/i0.wp.com\/blogdoeloiltoncajuhy.com.br\/site\/wp-content\/uploads\/2019\/10\/PMJ_PrefeituraComunidadesJacuna_01888.jpg?resize=424%2C318\" alt=\"\" class=\"wp-image-38399\" width=\"424\" height=\"318\" srcset=\"https:\/\/i0.wp.com\/blogdoeloiltoncajuhy.com.br\/site\/wp-content\/uploads\/2019\/10\/PMJ_PrefeituraComunidadesJacuna_01888.jpg?w=960&amp;ssl=1 960w, https:\/\/i0.wp.com\/blogdoeloiltoncajuhy.com.br\/site\/wp-content\/uploads\/2019\/10\/PMJ_PrefeituraComunidadesJacuna_01888.jpg?resize=300%2C225&amp;ssl=1 300w, https:\/\/i0.wp.com\/blogdoeloiltoncajuhy.com.br\/site\/wp-content\/uploads\/2019\/10\/PMJ_PrefeituraComunidadesJacuna_01888.jpg?resize=768%2C576&amp;ssl=1 768w, https:\/\/i0.wp.com\/blogdoeloiltoncajuhy.com.br\/site\/wp-content\/uploads\/2019\/10\/PMJ_PrefeituraComunidadesJacuna_01888.jpg?resize=250%2C188&amp;ssl=1 250w\" sizes=\"(max-width: 424px) 100vw, 424px\" \/><\/figure><\/div>\n\n\n\n<p>A prefeitura de Jaguarari levou na ultima sexta (25), a localidade de Jacun\u00e3, o <strong><em>Projeto Prefeitura nas Comunidades<\/em><\/strong>. Esta a\u00e7\u00e3o levou aos moradores servi\u00e7os das secretarias de A\u00e7\u00e3o Social, Educa\u00e7\u00e3o, Infraestrutura, Administra\u00e7\u00e3o e Agricultura. Al\u00e9m disso, a gest\u00e3o municipal p\u00f4de acompanhar de perto as demandas da localidade.<\/p>\n\n\n\n<p>O Prefeito Everton Rocha, acompanhado por secret\u00e1rios municipais e pelo vereador Dourival Borges, esteve presente e reafirmou o compromisso da gest\u00e3o municipal em garantir \u00e0 popula\u00e7\u00e3o acesso aos servi\u00e7os essenciais oferecidos pelo poder p\u00fablico.<\/p>\n\n\n\n<p><em>\u201c\u00c9 importante \u00e9 ouvir a comunidade, j\u00e1 que s\u00e3o eles que sabem das suas demandas e a gest\u00e3o municipal tem que estar atenta para ouvir e atender\u201d<\/em>, pontuou o prefeito.<\/p>\n\n\n\n<div class=\"wp-block-image\"><figure class=\"aligncenter is-resized\"><img data-recalc-dims=\"1\" decoding=\"async\" src=\"https:\/\/i0.wp.com\/blogdoeloiltoncajuhy.com.br\/site\/wp-content\/uploads\/2019\/10\/PMJ_PrefeituraComunidadesJacuna_01882.jpg?resize=425%2C239\" alt=\"\" class=\"wp-image-38400\" width=\"425\" height=\"239\" srcset=\"https:\/\/i0.wp.com\/blogdoeloiltoncajuhy.com.br\/site\/wp-content\/uploads\/2019\/10\/PMJ_PrefeituraComunidadesJacuna_01882.jpg?w=960&amp;ssl=1 960w, https:\/\/i0.wp.com\/blogdoeloiltoncajuhy.com.br\/site\/wp-content\/uploads\/2019\/10\/PMJ_PrefeituraComunidadesJacuna_01882.jpg?resize=300%2C169&amp;ssl=1 300w, https:\/\/i0.wp.com\/blogdoeloiltoncajuhy.com.br\/site\/wp-content\/uploads\/2019\/10\/PMJ_PrefeituraComunidadesJacuna_01882.jpg?resize=768%2C432&amp;ssl=1 768w, https:\/\/i0.wp.com\/blogdoeloiltoncajuhy.com.br\/site\/wp-content\/uploads\/2019\/10\/PMJ_PrefeituraComunidadesJacuna_01882.jpg?resize=250%2C141&amp;ssl=1 250w\" sizes=\"(max-width: 425px) 100vw, 425px\" \/><\/figure><\/div>\n\n\n\n<p>Durante a execu\u00e7\u00e3o do projeto, a comunidade usufruiu de servi\u00e7os relacionados \u00e0s secretarias de Sa\u00fade, Desenvolvimento Social, Administra\u00e7\u00e3o, Infraestrutura e Agricultura. J\u00e1 a Secretaria de Educa\u00e7\u00e3o levou para Jacun\u00e3 brincadeiras e muita divers\u00e3o para as crian\u00e7as, enquanto a Secretaria de Meio Ambiente promoveu a conscientiza\u00e7\u00e3o ambiental e distribui\u00e7\u00e3o de mudas de diversas esp\u00e9cies nativas da regi\u00e3o.<\/p>\n\n\n\n<p><em>\u201cEu tenho 48 anos e nunca vi o que eu t\u00f4 vendo agora. Muitos servi\u00e7os que antes a gente tinha q ir at\u00e9 Jaguarari, agora vem at\u00e9 a gente\u201d<\/em>, comemorou a moradora de Jacun\u00e3, Telma Ferreira.<\/p>\n\n\n\n<div class=\"wp-block-image\"><figure class=\"aligncenter is-resized\"><img data-recalc-dims=\"1\" decoding=\"async\" src=\"https:\/\/i0.wp.com\/blogdoeloiltoncajuhy.com.br\/site\/wp-content\/uploads\/2019\/10\/PMJ_PrefeituraComunidadesJacuna_01883.jpg?resize=425%2C283\" alt=\"\" class=\"wp-image-38401\" width=\"425\" height=\"283\" srcset=\"https:\/\/i0.wp.com\/blogdoeloiltoncajuhy.com.br\/site\/wp-content\/uploads\/2019\/10\/PMJ_PrefeituraComunidadesJacuna_01883.jpg?w=960&amp;ssl=1 960w, https:\/\/i0.wp.com\/blogdoeloiltoncajuhy.com.br\/site\/wp-content\/uploads\/2019\/10\/PMJ_PrefeituraComunidadesJacuna_01883.jpg?resize=300%2C200&amp;ssl=1 300w, https:\/\/i0.wp.com\/blogdoeloiltoncajuhy.com.br\/site\/wp-content\/uploads\/2019\/10\/PMJ_PrefeituraComunidadesJacuna_01883.jpg?resize=768%2C512&amp;ssl=1 768w, https:\/\/i0.wp.com\/blogdoeloiltoncajuhy.com.br\/site\/wp-content\/uploads\/2019\/10\/PMJ_PrefeituraComunidadesJacuna_01883.jpg?resize=250%2C167&amp;ssl=1 250w\" sizes=\"(max-width: 425px) 100vw, 425px\" \/><\/figure><\/div>\n","protected":false},"excerpt":{"rendered":"<p>ASCOM &#8211; Prefeitura de Jaguarari-BA A prefeitura de Jaguarari levou na ultima sexta (25), a localidade de Jacun\u00e3, o Projeto Prefeitura nas Comunidades. Esta a\u00e7\u00e3o levou aos moradores servi\u00e7os das secretarias de A\u00e7\u00e3o Social, Educa\u00e7\u00e3o, Infraestrutura, Administra\u00e7\u00e3o e Agricultura. Al\u00e9m disso, a gest\u00e3o municipal p\u00f4de acompanhar de perto as demandas da localidade. O Prefeito Everton [&hellip;]<\/p>\n","protected":false},"author":2,"featured_media":38401,"comment_status":"open","ping_status":"open","sticky":false,"template":"","format":"standard","meta":{"_acf_changed":false,"_monsterinsights_skip_tracking":false,"_monsterinsights_sitenote_active":false,"_monsterinsights_sitenote_note":"","_monsterinsights_sitenote_category":0,"_jetpack_memberships_contains_paid_content":false,"footnotes":"","jetpack_publicize_message":"","jetpack_publicize_feature_enabled":true,"jetpack_social_post_already_shared":true,"jetpack_social_options":{"image_generator_settings":{"template":"highway","default_image_id":0,"font":"","enabled":false},"version":2}},"categories":[1,3,11],"tags":[],"class_list":["post-38398","post","type-post","status-publish","format-standard","has-post-thumbnail","hentry","category-noticias","category-politica","category-regional"],"acf":[],"jetpack_publicize_connections":[],"jetpack_featured_media_url":"https:\/\/i0.wp.com\/blogdoeloiltoncajuhy.com.br\/site\/wp-content\/uploads\/2019\/10\/PMJ_PrefeituraComunidadesJacuna_01883.jpg?fit=960%2C640&ssl=1","jetpack_sharing_enabled":true,"publishpress_future_workflow_manual_trigger":{"enabledWorkflows":[]},"_links":{"self":[{"href":"https:\/\/blogdoeloiltoncajuhy.com.br\/site\/wp-json\/wp\/v2\/posts\/38398","targetHints":{"allow":["GET"]}}],"collection":[{"href":"https:\/\/blogdoeloiltoncajuhy.com.br\/site\/wp-json\/wp\/v2\/posts"}],"about":[{"href":"https:\/\/blogdoeloiltoncajuhy.com.br\/site\/wp-json\/wp\/v2\/types\/post"}],"author":[{"embeddable":true,"href":"https:\/\/blogdoeloiltoncajuhy.com.br\/site\/wp-json\/wp\/v2\/users\/2"}],"replies":[{"embeddable":true,"href":"https:\/\/blogdoeloiltoncajuhy.com.br\/site\/wp-json\/wp\/v2\/comments?post=38398"}],"version-history":[{"count":1,"href":"https:\/\/blogdoeloiltoncajuhy.com.br\/site\/wp-json\/wp\/v2\/posts\/38398\/revisions"}],"predecessor-version":[{"id":38402,"href":"https:\/\/blogdoeloiltoncajuhy.com.br\/site\/wp-json\/wp\/v2\/posts\/38398\/revisions\/38402"}],"wp:featuredmedia":[{"embeddable":true,"href":"https:\/\/blogdoeloiltoncajuhy.com.br\/site\/wp-json\/wp\/v2\/media\/38401"}],"wp:attachment":[{"href":"https:\/\/blogdoeloiltoncajuhy.com.br\/site\/wp-json\/wp\/v2\/media?parent=38398"}],"wp:term":[{"taxonomy":"category","embeddable":true,"href":"https:\/\/blogdoeloiltoncajuhy.com.br\/site\/wp-json\/wp\/v2\/categories?post=38398"},{"taxonomy":"post_tag","embeddable":true,"href":"https:\/\/blogdoeloiltoncajuhy.com.br\/site\/wp-json\/wp\/v2\/tags?post=38398"}],"curies":[{"name":"wp","href":"https:\/\/api.w.org\/{rel}","templated":true}]}}