{"id":38388,"date":"2019-10-27T08:34:01","date_gmt":"2019-10-27T11:34:01","guid":{"rendered":"http:\/\/blogdoeloiltoncajuhy.com.br\/site\/?p=38388"},"modified":"2019-10-27T08:34:07","modified_gmt":"2019-10-27T11:34:07","slug":"concursos-pelo-menos-10-orgaos-abrem-inscricoes-nesta-segunda-feira-para-18-mil-vagas","status":"publish","type":"post","link":"https:\/\/blogdoeloiltoncajuhy.com.br\/site\/concursos-pelo-menos-10-orgaos-abrem-inscricoes-nesta-segunda-feira-para-18-mil-vagas\/","title":{"rendered":"Concursos: pelo menos 10 \u00f3rg\u00e3os abrem inscri\u00e7\u00f5es nesta segunda-feira para 1,8 mil vagas"},"content":{"rendered":"\n<h5 class=\"wp-block-heading\" style=\"text-align:center\"><em>S\u00f3 a prefeitura de Rondon\u00f3polis, no Mato Grosso, oferta 1.155 vagas e os sal\u00e1rios chegam a R$ 10 mil na prefeitura de Ipi\u00fana, em Minas Gerais. Cargos s\u00e3o de todos os n\u00edveis de escolaridade<\/em><\/h5>\n\n\n\n<p><strong>Por Daniel Silveira, G1<\/strong> \u2014 Rio de Janeiro<\/p>\n\n\n\n<div class=\"wp-block-image\"><figure class=\"aligncenter\"><img data-recalc-dims=\"1\" fetchpriority=\"high\" decoding=\"async\" width=\"600\" height=\"339\" src=\"https:\/\/i0.wp.com\/blogdoeloiltoncajuhy.com.br\/site\/wp-content\/uploads\/2017\/08\/concursos-abertos-e1502031896813.png?resize=600%2C339\" alt=\"\" class=\"wp-image-19311\"\/><\/figure><\/div>\n\n\n\n<p>Pelo menos dez \u00f3rg\u00e3os p\u00fablicos abrem as inscri\u00e7\u00f5es nesta segunda-feira (28) para concursos p\u00fablicos. Juntos, eles oferecem 1.815 vagas em cargos de todos os n\u00edveis de escolaridade.<\/p>\n\n\n\n<p>S\u00f3 na Prefeitura de Rondon\u00f3polis, no Mato Grosso, s\u00e3o ofertadas 1.155 vagas \u2013 todas para cargo de n\u00edvel m\u00e9dio.<\/p>\n\n\n\n<p>J\u00e1 na Prefeitura de Ipi\u00fana, em Minas Gerais, h\u00e1 58 vagas dispon\u00edveis com sal\u00e1rios que podem chegar a R$ 10.031,23.<\/p>\n\n\n\n<ul class=\"wp-block-list\"><li><a rel=\"noreferrer noopener\" href=\"http:\/\/especiais.g1.globo.com\/economia\/concursos-e-emprego\/lista-de-concursos-publicos-e-vagas-de-emprego\/\" target=\"_blank\"><strong><em>CONFIRA A LISTA COMPLETA DE CONCURSOS<\/em><\/strong><\/a><\/li><\/ul>\n\n\n\n<p>Veja abaixo os detalhes dos concursos que abrem inscri\u00e7\u00f5es nesta segunda:<\/p>\n\n\n\n<h2 class=\"wp-block-heading\">Prefeitura de Rondon\u00f3polis (MT)<\/h2>\n\n\n\n<ul class=\"wp-block-list\"><li>Inscri\u00e7\u00f5es: at\u00e9 20\/11\/19<\/li><li>1.155 vagas<\/li><li>Sal\u00e1rios de at\u00e9 R$ 1.358,72<\/li><li>Cargos de n\u00edvel m\u00e9dio<\/li><li><a href=\"https:\/\/g1.globo.com\/mt\/mato-grosso\/concursos-e-emprego\/noticia\/2019\/10\/16\/rondonopolis-mt-abre-processo-seletivo-com-419-vagas-para-agentes-de-saude-e-endemias.ghtml\">Veja o edital<\/a><\/li><\/ul>\n\n\n\n<h2 class=\"wp-block-heading\">Prefeitura de Ipi\u00fana (MG)<\/h2>\n\n\n\n<ul class=\"wp-block-list\"><li>Inscri\u00e7\u00f5es: at\u00e9 28\/11\/19<\/li><li>58 vagas<\/li><li>Sal\u00e1rios de at\u00e9 R$ 10.031,23<\/li><li>Cargos de n\u00edvel fundamental, m\u00e9dio e superior<\/li><li><a href=\"https:\/\/imam.org.br\/sitenoticia\/exibir_detalhes_noticia.aspx?IDNoticia=6B0CFF5761D9D776\" target=\"_blank\" rel=\"noreferrer noopener\">Veja o edital<\/a><\/li><\/ul>\n\n\n\n<h2 class=\"wp-block-heading\">Prefeitura de Reden\u00e7\u00e3o (CE)<\/h2>\n\n\n\n<ul class=\"wp-block-list\"><li>Inscri\u00e7\u00f5es: at\u00e9 24\/11\/19<\/li><li>310 vagas<\/li><li>Sal\u00e1rios de at\u00e9 R$ 2.420,00<\/li><li>Cargos de n\u00edvel fundamental, m\u00e9dio e superior<\/li><li><a href=\"https:\/\/concursos.promunicipio.com\/informacoes\/266\/\" target=\"_blank\" rel=\"noreferrer noopener\">Veja o edital<\/a><\/li><\/ul>\n\n\n\n<h2 class=\"wp-block-heading\">Cons\u00f3rcio Inter. para Assist\u00eancia da Crian\u00e7a e do Adolescente -CIACA (MG)<\/h2>\n\n\n\n<ul class=\"wp-block-list\"><li>Inscri\u00e7\u00f5es: at\u00e9 27\/11\/19<\/li><li>20 vagas<\/li><li>Sal\u00e1rios de at\u00e9 R$ 1.936,00<\/li><li>Cargos de n\u00edvel fundamental, m\u00e9dio e superior<\/li><li><a href=\"http:\/\/www.reisauditores.com.br\/concurso\/22\/detalhes\" target=\"_blank\" rel=\"noreferrer noopener\">Veja o edital<\/a><\/li><\/ul>\n\n\n\n<h2 class=\"wp-block-heading\">Servi\u00e7o Aut\u00f4nomo de \u00c1gua e Esgoto (Saae) de Mantena (MG)<\/h2>\n\n\n\n<ul class=\"wp-block-list\"><li>Inscri\u00e7\u00f5es: at\u00e9 27\/11\/19<\/li><li>16 vagas<\/li><li>Sal\u00e1rios de at\u00e9 R$ 2.051,63<\/li><li>Cargos de n\u00edvel fundamental e m\u00e9dio<\/li><li><a href=\"https:\/\/concursos.exameconsultores.com.br\/informacoes\/376\/\" target=\"_blank\" rel=\"noreferrer noopener\">Veja o edital<\/a><\/li><\/ul>\n\n\n\n<h2 class=\"wp-block-heading\">S\u00e3o Paulo Previd\u00eancia (SPPrev)<\/h2>\n\n\n\n<ul class=\"wp-block-list\"><li>Inscri\u00e7\u00f5es: at\u00e9 13\/11\/19<\/li><li>91 vagas<\/li><li>Sal\u00e1rios de at\u00e9 R$ 5.384,42<\/li><li>Cargos de n\u00edvel m\u00e9dio e superior<\/li><li><a href=\"https:\/\/www.concursosfcc.com.br\/concursos\/sppre119\/index.html\" target=\"_blank\" rel=\"noreferrer noopener\">Veja o edital<\/a><\/li><\/ul>\n\n\n\n<h2 class=\"wp-block-heading\">Prefeitura de Laguna (SC)<\/h2>\n\n\n\n<ul class=\"wp-block-list\"><li>Inscri\u00e7\u00f5es: at\u00e9 27\/11\/19<\/li><li>51 vagas<\/li><li>Sal\u00e1rios de at\u00e9 R$ 9.210,60<\/li><li>Cargos de n\u00edvel m\u00e9dio e superior<\/li><li><a href=\"https:\/\/unesc.selecao.net.br\/index\/abertos\/\" target=\"_blank\" rel=\"noreferrer noopener\">Veja o edital<\/a><\/li><\/ul>\n\n\n\n<h2 class=\"wp-block-heading\">Prefeitura de Porto Alegre do Piau\u00ed (PI)<\/h2>\n\n\n\n<ul class=\"wp-block-list\"><li>Inscri\u00e7\u00f5es: at\u00e9 08\/11\/19<\/li><li>40 vagas<\/li><li>Sal\u00e1rios de at\u00e9 R$ 5.568,11<\/li><li>Cargos de n\u00edvel fundamental, m\u00e9dio e superior<\/li><li><a href=\"http:\/\/www.consep-pi.com.br\/concurso\/PREFEITURA-MUNICIPAL-DE-P0RT0-ALEGRE-PI\/149\/\" target=\"_blank\" rel=\"noreferrer noopener\">Veja o edital<\/a><\/li><\/ul>\n\n\n\n<h2 class=\"wp-block-heading\">Prefeitura de Matup\u00e1 (MT)<\/h2>\n\n\n\n<ul class=\"wp-block-list\"><li>Inscri\u00e7\u00f5es: at\u00e9 08\/11\/19<\/li><li>57 vagas<\/li><li>Sal\u00e1rios de at\u00e9 R$ 4.121,11<\/li><li>Cargos de n\u00edvel fundamental, m\u00e9dio e superior<\/li><li><a rel=\"noreferrer noopener\" href=\"https:\/\/www.matupa.mt.gov.br\/\" target=\"_blank\">Veja o edital<\/a><\/li><\/ul>\n\n\n\n<h2 class=\"wp-block-heading\">Pol\u00edcia Militar da Bahia (BA)<\/h2>\n\n\n\n<ul class=\"wp-block-list\"><li>Inscri\u00e7\u00f5es: at\u00e9 26\/11\/19<\/li><li>17 vagas<\/li><li>Sal\u00e1rios de at\u00e9 R$ 7.164,19<\/li><li>Cargos de n\u00edvel superior<\/li><li><a href=\"https:\/\/www.ibfc.org.br\/concurso\/concurso_selecionado\/347\" target=\"_blank\" rel=\"noreferrer noopener\">Veja o edital<\/a><\/li><\/ul>\n","protected":false},"excerpt":{"rendered":"<p>S\u00f3 a prefeitura de Rondon\u00f3polis, no Mato Grosso, oferta 1.155 vagas e os sal\u00e1rios chegam a R$ 10 mil na prefeitura de Ipi\u00fana, em Minas Gerais. Cargos s\u00e3o de todos os n\u00edveis de escolaridade Por Daniel Silveira, G1 \u2014 Rio de Janeiro Pelo menos dez \u00f3rg\u00e3os p\u00fablicos abrem as inscri\u00e7\u00f5es nesta segunda-feira (28) para concursos [&hellip;]<\/p>\n","protected":false},"author":2,"featured_media":0,"comment_status":"open","ping_status":"open","sticky":false,"template":"","format":"standard","meta":{"_acf_changed":false,"_monsterinsights_skip_tracking":false,"_monsterinsights_sitenote_active":false,"_monsterinsights_sitenote_note":"","_monsterinsights_sitenote_category":0,"_jetpack_memberships_contains_paid_content":false,"footnotes":"","jetpack_publicize_message":"","jetpack_publicize_feature_enabled":true,"jetpack_social_post_already_shared":true,"jetpack_social_options":{"image_generator_settings":{"template":"highway","default_image_id":0,"font":"","enabled":false},"version":2}},"categories":[5,1],"tags":[],"class_list":["post-38388","post","type-post","status-publish","format-standard","hentry","category-cotidiano","category-noticias"],"acf":[],"jetpack_publicize_connections":[],"jetpack_featured_media_url":"","jetpack_sharing_enabled":true,"publishpress_future_workflow_manual_trigger":{"enabledWorkflows":[]},"_links":{"self":[{"href":"https:\/\/blogdoeloiltoncajuhy.com.br\/site\/wp-json\/wp\/v2\/posts\/38388","targetHints":{"allow":["GET"]}}],"collection":[{"href":"https:\/\/blogdoeloiltoncajuhy.com.br\/site\/wp-json\/wp\/v2\/posts"}],"about":[{"href":"https:\/\/blogdoeloiltoncajuhy.com.br\/site\/wp-json\/wp\/v2\/types\/post"}],"author":[{"embeddable":true,"href":"https:\/\/blogdoeloiltoncajuhy.com.br\/site\/wp-json\/wp\/v2\/users\/2"}],"replies":[{"embeddable":true,"href":"https:\/\/blogdoeloiltoncajuhy.com.br\/site\/wp-json\/wp\/v2\/comments?post=38388"}],"version-history":[{"count":1,"href":"https:\/\/blogdoeloiltoncajuhy.com.br\/site\/wp-json\/wp\/v2\/posts\/38388\/revisions"}],"predecessor-version":[{"id":38389,"href":"https:\/\/blogdoeloiltoncajuhy.com.br\/site\/wp-json\/wp\/v2\/posts\/38388\/revisions\/38389"}],"wp:attachment":[{"href":"https:\/\/blogdoeloiltoncajuhy.com.br\/site\/wp-json\/wp\/v2\/media?parent=38388"}],"wp:term":[{"taxonomy":"category","embeddable":true,"href":"https:\/\/blogdoeloiltoncajuhy.com.br\/site\/wp-json\/wp\/v2\/categories?post=38388"},{"taxonomy":"post_tag","embeddable":true,"href":"https:\/\/blogdoeloiltoncajuhy.com.br\/site\/wp-json\/wp\/v2\/tags?post=38388"}],"curies":[{"name":"wp","href":"https:\/\/api.w.org\/{rel}","templated":true}]}}