{"id":38385,"date":"2019-10-27T08:23:48","date_gmt":"2019-10-27T11:23:48","guid":{"rendered":"http:\/\/blogdoeloiltoncajuhy.com.br\/site\/?p=38385"},"modified":"2019-10-27T08:23:55","modified_gmt":"2019-10-27T11:23:55","slug":"suspeita-de-participar-do-sequestro-de-10-pessoas-da-mesma-familia-e-presa-na-bahia","status":"publish","type":"post","link":"https:\/\/blogdoeloiltoncajuhy.com.br\/site\/suspeita-de-participar-do-sequestro-de-10-pessoas-da-mesma-familia-e-presa-na-bahia\/","title":{"rendered":"Suspeita de participar do sequestro de 10 pessoas da mesma fam\u00edlia \u00e9 presa na Bahia"},"content":{"rendered":"\n<h5 class=\"wp-block-heading\" style=\"text-align:center\"><em><strong>Priscila dos Santos Batista<\/strong>, de 21 anos foi presa neste s\u00e1bado (26). Sequestro ocorreu em janeiro deste ano em Prado, cidade tur\u00edstica do sul da Bahia<\/em><\/h5>\n\n\n\n<p><strong>Por G1 BA<\/strong><\/p>\n\n\n\n<div class=\"wp-block-image\"><figure class=\"aligncenter is-resized\"><img data-recalc-dims=\"1\" fetchpriority=\"high\" decoding=\"async\" src=\"https:\/\/i0.wp.com\/blogdoeloiltoncajuhy.com.br\/site\/wp-content\/uploads\/2019\/10\/PriscilaSequestro.jpg?resize=492%2C424\" alt=\"\" class=\"wp-image-38386\" width=\"492\" height=\"424\" srcset=\"https:\/\/i0.wp.com\/blogdoeloiltoncajuhy.com.br\/site\/wp-content\/uploads\/2019\/10\/PriscilaSequestro.jpg?w=984&amp;ssl=1 984w, https:\/\/i0.wp.com\/blogdoeloiltoncajuhy.com.br\/site\/wp-content\/uploads\/2019\/10\/PriscilaSequestro.jpg?resize=300%2C258&amp;ssl=1 300w, https:\/\/i0.wp.com\/blogdoeloiltoncajuhy.com.br\/site\/wp-content\/uploads\/2019\/10\/PriscilaSequestro.jpg?resize=768%2C661&amp;ssl=1 768w, https:\/\/i0.wp.com\/blogdoeloiltoncajuhy.com.br\/site\/wp-content\/uploads\/2019\/10\/PriscilaSequestro.jpg?resize=250%2C215&amp;ssl=1 250w\" sizes=\"(max-width: 492px) 100vw, 492px\" \/><figcaption><em>Suspeita de participar do sequestro de 10 pessoas da mesma fam\u00edlia foi presa na Bahia neste s\u00e1bado (26) \u2014 Foto: Divulga\u00e7\u00e3o\/Pol\u00edcia Civil<\/em><\/figcaption><\/figure><\/div>\n\n\n\n<p>Uma mulher de 21 anos, suspeita de envolvimento no sequestro de 10 pessoas da mesma fam\u00edlia em janeiro deste ano, foi presa neste s\u00e1bado (26). Ela foi encontrada na cidade de Teixeira de Freitas, no sul da Bahia, conforme informou a Pol\u00edcia Civil da regi\u00e3o.<\/p>\n\n\n\n<p>A pol\u00edcia detalhou que o mandado de pris\u00e3o preventiva contra Priscila foi expedido pela comarca de Prado, onde ocorreu o sequestro.<\/p>\n\n\n\n<p>A fam\u00edlia sequestrada \u00e9 da cidade de Itamaraju, tamb\u00e9m no sul do estado e foi abordada pelos criminosos quando passava o ver\u00e3o em uma casa de praia em Prado.<\/p>\n\n\n\n<p>Cinco adultos e cinco crian\u00e7as da mesma fam\u00edlia s\u00f3 foram liberados ap\u00f3s pagamento de uma quantia exigida pelos sequestradores. A pol\u00edcia segue com as investiga\u00e7\u00f5es do caso e em busca dos demais envolvidos no crime.<\/p>\n","protected":false},"excerpt":{"rendered":"<p>Priscila dos Santos Batista, de 21 anos foi presa neste s\u00e1bado (26). Sequestro ocorreu em janeiro deste ano em Prado, cidade tur\u00edstica do sul da Bahia Por G1 BA Uma mulher de 21 anos, suspeita de envolvimento no sequestro de 10 pessoas da mesma fam\u00edlia em janeiro deste ano, foi presa neste s\u00e1bado (26). Ela [&hellip;]<\/p>\n","protected":false},"author":2,"featured_media":38386,"comment_status":"open","ping_status":"open","sticky":false,"template":"","format":"standard","meta":{"_acf_changed":false,"_monsterinsights_skip_tracking":false,"_monsterinsights_sitenote_active":false,"_monsterinsights_sitenote_note":"","_monsterinsights_sitenote_category":0,"_jetpack_memberships_contains_paid_content":false,"footnotes":"","jetpack_publicize_message":"","jetpack_publicize_feature_enabled":true,"jetpack_social_post_already_shared":true,"jetpack_social_options":{"image_generator_settings":{"template":"highway","default_image_id":0,"font":"","enabled":false},"version":2}},"categories":[5,1],"tags":[],"class_list":["post-38385","post","type-post","status-publish","format-standard","has-post-thumbnail","hentry","category-cotidiano","category-noticias"],"acf":[],"jetpack_publicize_connections":[],"jetpack_featured_media_url":"https:\/\/i0.wp.com\/blogdoeloiltoncajuhy.com.br\/site\/wp-content\/uploads\/2019\/10\/PriscilaSequestro.jpg?fit=984%2C847&ssl=1","jetpack_sharing_enabled":true,"publishpress_future_workflow_manual_trigger":{"enabledWorkflows":[]},"_links":{"self":[{"href":"https:\/\/blogdoeloiltoncajuhy.com.br\/site\/wp-json\/wp\/v2\/posts\/38385","targetHints":{"allow":["GET"]}}],"collection":[{"href":"https:\/\/blogdoeloiltoncajuhy.com.br\/site\/wp-json\/wp\/v2\/posts"}],"about":[{"href":"https:\/\/blogdoeloiltoncajuhy.com.br\/site\/wp-json\/wp\/v2\/types\/post"}],"author":[{"embeddable":true,"href":"https:\/\/blogdoeloiltoncajuhy.com.br\/site\/wp-json\/wp\/v2\/users\/2"}],"replies":[{"embeddable":true,"href":"https:\/\/blogdoeloiltoncajuhy.com.br\/site\/wp-json\/wp\/v2\/comments?post=38385"}],"version-history":[{"count":1,"href":"https:\/\/blogdoeloiltoncajuhy.com.br\/site\/wp-json\/wp\/v2\/posts\/38385\/revisions"}],"predecessor-version":[{"id":38387,"href":"https:\/\/blogdoeloiltoncajuhy.com.br\/site\/wp-json\/wp\/v2\/posts\/38385\/revisions\/38387"}],"wp:featuredmedia":[{"embeddable":true,"href":"https:\/\/blogdoeloiltoncajuhy.com.br\/site\/wp-json\/wp\/v2\/media\/38386"}],"wp:attachment":[{"href":"https:\/\/blogdoeloiltoncajuhy.com.br\/site\/wp-json\/wp\/v2\/media?parent=38385"}],"wp:term":[{"taxonomy":"category","embeddable":true,"href":"https:\/\/blogdoeloiltoncajuhy.com.br\/site\/wp-json\/wp\/v2\/categories?post=38385"},{"taxonomy":"post_tag","embeddable":true,"href":"https:\/\/blogdoeloiltoncajuhy.com.br\/site\/wp-json\/wp\/v2\/tags?post=38385"}],"curies":[{"name":"wp","href":"https:\/\/api.w.org\/{rel}","templated":true}]}}