{"id":38378,"date":"2019-10-26T21:06:49","date_gmt":"2019-10-27T00:06:49","guid":{"rendered":"http:\/\/blogdoeloiltoncajuhy.com.br\/site\/?p=38378"},"modified":"2019-10-26T21:06:55","modified_gmt":"2019-10-27T00:06:55","slug":"uneb-realiza-simposio-sobre-saude-da-populacao-negra","status":"publish","type":"post","link":"https:\/\/blogdoeloiltoncajuhy.com.br\/site\/uneb-realiza-simposio-sobre-saude-da-populacao-negra\/","title":{"rendered":"UNEB realiza Simp\u00f3sio sobre sa\u00fade da popula\u00e7\u00e3o negra"},"content":{"rendered":"\n<p><strong>Lorena Simas<\/strong><br>Coordenadora do N\u00facleo de Assessoria de Comunica\u00e7\u00e3o (NAC-DEDC\/ VII)<\/p>\n\n\n\n<div class=\"wp-block-image\"><figure class=\"alignleft is-resized\"><img fetchpriority=\"high\" decoding=\"async\" src=\"https:\/\/i1.wp.com\/blogdoeloiltoncajuhy.com.br\/site\/wp-content\/uploads\/2019\/10\/Uneb_SimposioSaudeNegra.jpeg?fit=590%2C834\" alt=\"\" class=\"wp-image-38379\" width=\"295\" height=\"417\" srcset=\"https:\/\/i0.wp.com\/blogdoeloiltoncajuhy.com.br\/site\/wp-content\/uploads\/2019\/10\/Uneb_SimposioSaudeNegra.jpeg?w=793&amp;ssl=1 793w, https:\/\/i0.wp.com\/blogdoeloiltoncajuhy.com.br\/site\/wp-content\/uploads\/2019\/10\/Uneb_SimposioSaudeNegra.jpeg?resize=212%2C300&amp;ssl=1 212w, https:\/\/i0.wp.com\/blogdoeloiltoncajuhy.com.br\/site\/wp-content\/uploads\/2019\/10\/Uneb_SimposioSaudeNegra.jpeg?resize=768%2C1087&amp;ssl=1 768w, https:\/\/i0.wp.com\/blogdoeloiltoncajuhy.com.br\/site\/wp-content\/uploads\/2019\/10\/Uneb_SimposioSaudeNegra.jpeg?resize=724%2C1024&amp;ssl=1 724w, https:\/\/i0.wp.com\/blogdoeloiltoncajuhy.com.br\/site\/wp-content\/uploads\/2019\/10\/Uneb_SimposioSaudeNegra.jpeg?resize=177%2C250&amp;ssl=1 177w\" sizes=\"(max-width: 295px) 100vw, 295px\" \/><\/figure><\/div>\n\n\n\n<p>O I Simp\u00f3sio Sa\u00fade da Popula\u00e7\u00e3o Negra do Departamento de Educa\u00e7\u00e3o (DEDC), Campus VII da UNEB acontecer\u00e1 na pr\u00f3xima quarta-feira (30) a partir das 9h no Fundec no territ\u00f3rio quilombola de Tijua\u00e7u, e a partir das 15h no audit\u00f3rio do DEDC VII da UNEB. O Simp\u00f3sio \u00e9 uma alus\u00e3o ao dia 27 de outubro, Dia Nacional de Mobiliza\u00e7\u00e3o Pr\u00f3 Sa\u00fade da Popula\u00e7\u00e3o Negra, e tem o objetivo de fomentar a discuss\u00e3o sobre a sa\u00fade da popula\u00e7\u00e3o negra em Senhor do Bonfim e Microrregi\u00e3o.<\/p>\n\n\n\n<p>No Simp\u00f3sio ser\u00e1 abordado sobre a implanta\u00e7\u00e3o da Pol\u00edtica Nacional de Sa\u00fade Integral da Popula\u00e7\u00e3o Negra (PNSIPN) que j\u00e1 est\u00e1 posta pelo Minist\u00e9rio da Sa\u00fade em n\u00edvel nacional desde 2009. <em>\u201cPor\u00e9m, n\u00e3o percebemos essa pol\u00edtica na pr\u00e1tica nas Unidades B\u00e1sicas de Sa\u00fade (UBS) do munic\u00edpio\u201d<\/em>, afirma a professora do DEDC VII, Eliana Sacramento.<\/p>\n\n\n\n<p>Portanto, <em>\u201cdiscutir a sa\u00fade da popula\u00e7\u00e3o negra em Senhor do Bonfim \u00e9 importante, pois 70% da popula\u00e7\u00e3o se autodeclara preta ou parda. Assim, precisamos discutir essa tem\u00e1tica e as suas especificidades e condicionantes tanto de mortalidade quanto de adoecimento dentro das comunidades\u201d<\/em>, declara Eliana.<\/p>\n\n\n\n<p>O evento \u00e9 uma atividade acad\u00eamico-cient\u00edfica desenvolvida pelo Projeto de Extens\u00e3o Sa\u00fade da Popula\u00e7\u00e3o Negra, com o apoio do Grupo de Pesquisa sobre o Cuidado em Enfermagem (GPCEnf) e o Laborat\u00f3rio de Hist\u00f3ria e Cultura Afro-Brasileira e Curr\u00edculo Mariinha Rodrigues (LahAfro), do DEDC VII da UNEB.<\/p>\n\n\n\n<p>As inscri\u00e7\u00f5es s\u00e3o gratuitas e podem ser feitas atrav\u00e9s do endere\u00e7o eletr\u00f4nico: www.sge.uneb.br<\/p>\n\n\n\n<p class=\"has-medium-font-size\"><strong>Confira a programa\u00e7\u00e3o completa:<\/strong><\/p>\n\n\n\n<p><strong>30 de outubro de 2019<\/strong><\/p>\n\n\n\n<p>9h \u2013 Roda de Conversa sobre Sa\u00fade da Popula\u00e7\u00e3o Negra<\/p>\n\n\n\n<p>Profa. Dra. Edna Maria Ara\u00fajo (UEFS)<\/p>\n\n\n\n<p>Local: Fundec \u2013 Tijua\u00e7u<\/p>\n\n\n\n<p>15h \u2013 Abertura<\/p>\n\n\n\n<p>Local: Audit\u00f3rio da UNEB (DEDC VII)<\/p>\n\n\n\n<p>Profa. Dra. Suzzana Alice Lima Almeida (Diretora Departamento Campus VII) Profa. Dra. Milca Ramaiane da Silva Carvalho (Coord. Colegiado Enfermagem) Profa. Ms. Eliana do Sacramento de Almeida (Coordenadora do I Simp\u00f3sio)<\/p>\n\n\n\n<p>15h30 \u2013 Apresenta\u00e7\u00e3o \u201cBoi Educador\u201d<\/p>\n\n\n\n<p>Jo\u00e3o Bispo da Silva (ACS Bonfim III)<\/p>\n\n\n\n<p>15h45 \u2013 Mesa Redonda: Sa\u00fade da Popula\u00e7\u00e3o Negra: desafios e perspectivas<\/p>\n\n\n\n<p>Profa. Dra. Edna Maria de Ara\u00fajo (UEFS) Profa. Dra. Carm\u00e9lia Miranda (UNEB) Sr. Jos\u00e9 Ant\u00f4nio Souza de Oliveira (Secret\u00e1rio Municipal de Sa\u00fade \/ Senhor do Bonfim) Mediadora: Profa. Ms. Eliana do Sacramento de Almeida<\/p>\n\n\n\n<p>17h30 \u2013 Encerramento<\/p>\n","protected":false},"excerpt":{"rendered":"<p>Lorena SimasCoordenadora do N\u00facleo de Assessoria de Comunica\u00e7\u00e3o (NAC-DEDC\/ VII) O I Simp\u00f3sio Sa\u00fade da Popula\u00e7\u00e3o Negra do Departamento de Educa\u00e7\u00e3o (DEDC), Campus VII da UNEB acontecer\u00e1 na pr\u00f3xima quarta-feira (30) a partir das 9h no Fundec no territ\u00f3rio quilombola de Tijua\u00e7u, e a partir das 15h no audit\u00f3rio do DEDC VII da UNEB. O [&hellip;]<\/p>\n","protected":false},"author":2,"featured_media":38379,"comment_status":"open","ping_status":"open","sticky":false,"template":"","format":"standard","meta":{"_acf_changed":false,"_monsterinsights_skip_tracking":false,"_monsterinsights_sitenote_active":false,"_monsterinsights_sitenote_note":"","_monsterinsights_sitenote_category":0,"_jetpack_memberships_contains_paid_content":false,"footnotes":"","jetpack_publicize_message":"","jetpack_publicize_feature_enabled":true,"jetpack_social_post_already_shared":true,"jetpack_social_options":{"image_generator_settings":{"template":"highway","default_image_id":0,"font":"","enabled":false},"version":2}},"categories":[1,4],"tags":[],"class_list":["post-38378","post","type-post","status-publish","format-standard","has-post-thumbnail","hentry","category-noticias","category-local"],"acf":[],"jetpack_publicize_connections":[],"jetpack_featured_media_url":"https:\/\/i0.wp.com\/blogdoeloiltoncajuhy.com.br\/site\/wp-content\/uploads\/2019\/10\/Uneb_SimposioSaudeNegra.jpeg?fit=793%2C1122&ssl=1","jetpack_sharing_enabled":true,"publishpress_future_workflow_manual_trigger":{"enabledWorkflows":[]},"_links":{"self":[{"href":"https:\/\/blogdoeloiltoncajuhy.com.br\/site\/wp-json\/wp\/v2\/posts\/38378","targetHints":{"allow":["GET"]}}],"collection":[{"href":"https:\/\/blogdoeloiltoncajuhy.com.br\/site\/wp-json\/wp\/v2\/posts"}],"about":[{"href":"https:\/\/blogdoeloiltoncajuhy.com.br\/site\/wp-json\/wp\/v2\/types\/post"}],"author":[{"embeddable":true,"href":"https:\/\/blogdoeloiltoncajuhy.com.br\/site\/wp-json\/wp\/v2\/users\/2"}],"replies":[{"embeddable":true,"href":"https:\/\/blogdoeloiltoncajuhy.com.br\/site\/wp-json\/wp\/v2\/comments?post=38378"}],"version-history":[{"count":1,"href":"https:\/\/blogdoeloiltoncajuhy.com.br\/site\/wp-json\/wp\/v2\/posts\/38378\/revisions"}],"predecessor-version":[{"id":38380,"href":"https:\/\/blogdoeloiltoncajuhy.com.br\/site\/wp-json\/wp\/v2\/posts\/38378\/revisions\/38380"}],"wp:featuredmedia":[{"embeddable":true,"href":"https:\/\/blogdoeloiltoncajuhy.com.br\/site\/wp-json\/wp\/v2\/media\/38379"}],"wp:attachment":[{"href":"https:\/\/blogdoeloiltoncajuhy.com.br\/site\/wp-json\/wp\/v2\/media?parent=38378"}],"wp:term":[{"taxonomy":"category","embeddable":true,"href":"https:\/\/blogdoeloiltoncajuhy.com.br\/site\/wp-json\/wp\/v2\/categories?post=38378"},{"taxonomy":"post_tag","embeddable":true,"href":"https:\/\/blogdoeloiltoncajuhy.com.br\/site\/wp-json\/wp\/v2\/tags?post=38378"}],"curies":[{"name":"wp","href":"https:\/\/api.w.org\/{rel}","templated":true}]}}