{"id":38366,"date":"2019-10-26T09:37:11","date_gmt":"2019-10-26T12:37:11","guid":{"rendered":"http:\/\/blogdoeloiltoncajuhy.com.br\/site\/?p=38366"},"modified":"2019-10-26T09:37:17","modified_gmt":"2019-10-26T12:37:17","slug":"com-doenca-incuravel-cantor-bonfinense-ricardo-lima-pede-ajuda","status":"publish","type":"post","link":"https:\/\/blogdoeloiltoncajuhy.com.br\/site\/com-doenca-incuravel-cantor-bonfinense-ricardo-lima-pede-ajuda\/","title":{"rendered":"Com doen\u00e7a incur\u00e1vel, cantor bonfinense Ricardo Lima pede ajuda"},"content":{"rendered":"\n<p><strong>Falando Tudo<\/strong><\/p>\n\n\n\n<div class=\"wp-block-image\"><figure class=\"aligncenter\"><img fetchpriority=\"high\" decoding=\"async\" width=\"1024\" height=\"576\" src=\"https:\/\/i0.wp.com\/blogdoeloiltoncajuhy.com.br\/site\/wp-content\/uploads\/2019\/10\/RicardoLima.jpg?fit=590%2C332\" alt=\"\" class=\"wp-image-38367\" srcset=\"https:\/\/i0.wp.com\/blogdoeloiltoncajuhy.com.br\/site\/wp-content\/uploads\/2019\/10\/RicardoLima.jpg?w=1024&amp;ssl=1 1024w, https:\/\/i0.wp.com\/blogdoeloiltoncajuhy.com.br\/site\/wp-content\/uploads\/2019\/10\/RicardoLima.jpg?resize=300%2C169&amp;ssl=1 300w, https:\/\/i0.wp.com\/blogdoeloiltoncajuhy.com.br\/site\/wp-content\/uploads\/2019\/10\/RicardoLima.jpg?resize=768%2C432&amp;ssl=1 768w, https:\/\/i0.wp.com\/blogdoeloiltoncajuhy.com.br\/site\/wp-content\/uploads\/2019\/10\/RicardoLima.jpg?resize=250%2C141&amp;ssl=1 250w\" sizes=\"(max-width: 800px) 100vw, 800px\" \/><\/figure><\/div>\n\n\n\n<p>O m\u00fasico Ricardo Lima &#8211; autodenominado <em>\u201cO Pop da M\u00fasica Brega\u201d<\/em> &#8211; sofre de psor\u00edase, uma doen\u00e7a sist\u00eamica que se manifesta na pele. Com uma campanha nas redes sociais, o m\u00fasico de 39 anos pede ajuda para  comprar medicamentos para controle da doen\u00e7a, al\u00e9m de subs\u00eddios para alimenta\u00e7\u00e3o. Atualmente sua rende vem de fretes feitos por  sua carro\u00e7a movida \u00e0 tra\u00e7\u00e3o animal.<\/p>\n\n\n\n<p>Ricardo mora na comunidade de Lim\u00f5es, no munic\u00edpio de Senhor do Bonfim, norte da Bahia. Ajuda em qualquer valor pode ser feita pela Caixa Econ\u00f4mica Federal em nome de <strong>Jair Pereira Alves<\/strong> &#8211; ag\u00eancia 0076 \u2013 Conta Poupan\u00e7a 65513 -5.<\/p>\n\n\n\n<p><strong>Contatos para maiores informa\u00e7\u00f5es<\/strong>:<br>(74) 9136-6305<br>9143-2627<br>99135 2603<\/p>\n\n\n\n<p><strong><em>VEJA REPORTAGEM<\/em><\/strong>:<\/p>\n\n\n\n<figure class=\"wp-block-embed-youtube aligncenter wp-block-embed is-type-video is-provider-youtube wp-embed-aspect-16-9 wp-has-aspect-ratio\"><div class=\"wp-block-embed__wrapper\">\n<iframe title=\"AJUDE O M\u00daSICO RICARDO LIMA\" width=\"800\" height=\"450\" src=\"https:\/\/www.youtube.com\/embed\/d3ahceozzvI?feature=oembed\" frameborder=\"0\" allow=\"accelerometer; autoplay; encrypted-media; gyroscope; picture-in-picture\" allowfullscreen><\/iframe>\n<\/div><\/figure>\n","protected":false},"excerpt":{"rendered":"<p>Falando Tudo O m\u00fasico Ricardo Lima &#8211; autodenominado \u201cO Pop da M\u00fasica Brega\u201d &#8211; sofre de psor\u00edase, uma doen\u00e7a sist\u00eamica que se manifesta na pele. Com uma campanha nas redes sociais, o m\u00fasico de 39 anos pede ajuda para comprar medicamentos para controle da doen\u00e7a, al\u00e9m de subs\u00eddios para alimenta\u00e7\u00e3o. Atualmente sua rende vem de [&hellip;]<\/p>\n","protected":false},"author":2,"featured_media":38367,"comment_status":"open","ping_status":"open","sticky":false,"template":"","format":"standard","meta":{"_acf_changed":false,"_monsterinsights_skip_tracking":false,"_monsterinsights_sitenote_active":false,"_monsterinsights_sitenote_note":"","_monsterinsights_sitenote_category":0,"_jetpack_memberships_contains_paid_content":false,"footnotes":"","jetpack_publicize_message":"","jetpack_publicize_feature_enabled":true,"jetpack_social_post_already_shared":true,"jetpack_social_options":{"image_generator_settings":{"template":"highway","default_image_id":0,"font":"","enabled":false},"version":2}},"categories":[1,4],"tags":[],"class_list":["post-38366","post","type-post","status-publish","format-standard","has-post-thumbnail","hentry","category-noticias","category-local"],"acf":[],"jetpack_publicize_connections":[],"jetpack_featured_media_url":"https:\/\/i0.wp.com\/blogdoeloiltoncajuhy.com.br\/site\/wp-content\/uploads\/2019\/10\/RicardoLima.jpg?fit=1024%2C576&ssl=1","jetpack_sharing_enabled":true,"publishpress_future_workflow_manual_trigger":{"enabledWorkflows":[]},"_links":{"self":[{"href":"https:\/\/blogdoeloiltoncajuhy.com.br\/site\/wp-json\/wp\/v2\/posts\/38366","targetHints":{"allow":["GET"]}}],"collection":[{"href":"https:\/\/blogdoeloiltoncajuhy.com.br\/site\/wp-json\/wp\/v2\/posts"}],"about":[{"href":"https:\/\/blogdoeloiltoncajuhy.com.br\/site\/wp-json\/wp\/v2\/types\/post"}],"author":[{"embeddable":true,"href":"https:\/\/blogdoeloiltoncajuhy.com.br\/site\/wp-json\/wp\/v2\/users\/2"}],"replies":[{"embeddable":true,"href":"https:\/\/blogdoeloiltoncajuhy.com.br\/site\/wp-json\/wp\/v2\/comments?post=38366"}],"version-history":[{"count":1,"href":"https:\/\/blogdoeloiltoncajuhy.com.br\/site\/wp-json\/wp\/v2\/posts\/38366\/revisions"}],"predecessor-version":[{"id":38368,"href":"https:\/\/blogdoeloiltoncajuhy.com.br\/site\/wp-json\/wp\/v2\/posts\/38366\/revisions\/38368"}],"wp:featuredmedia":[{"embeddable":true,"href":"https:\/\/blogdoeloiltoncajuhy.com.br\/site\/wp-json\/wp\/v2\/media\/38367"}],"wp:attachment":[{"href":"https:\/\/blogdoeloiltoncajuhy.com.br\/site\/wp-json\/wp\/v2\/media?parent=38366"}],"wp:term":[{"taxonomy":"category","embeddable":true,"href":"https:\/\/blogdoeloiltoncajuhy.com.br\/site\/wp-json\/wp\/v2\/categories?post=38366"},{"taxonomy":"post_tag","embeddable":true,"href":"https:\/\/blogdoeloiltoncajuhy.com.br\/site\/wp-json\/wp\/v2\/tags?post=38366"}],"curies":[{"name":"wp","href":"https:\/\/api.w.org\/{rel}","templated":true}]}}