{"id":38363,"date":"2019-10-26T09:24:17","date_gmt":"2019-10-26T12:24:17","guid":{"rendered":"http:\/\/blogdoeloiltoncajuhy.com.br\/site\/?p=38363"},"modified":"2019-10-26T09:24:23","modified_gmt":"2019-10-26T12:24:23","slug":"homem-e-morto-a-tiros-apos-ficar-na-frente-do-filho-que-seria-alvo-de-disparos-no-sudoeste-da-bahia","status":"publish","type":"post","link":"https:\/\/blogdoeloiltoncajuhy.com.br\/site\/homem-e-morto-a-tiros-apos-ficar-na-frente-do-filho-que-seria-alvo-de-disparos-no-sudoeste-da-bahia\/","title":{"rendered":"Homem \u00e9 morto a tiros ap\u00f3s ficar na frente do filho que seria alvo de disparos no sudoeste da Bahia"},"content":{"rendered":"\n<h5 class=\"wp-block-heading\" style=\"text-align:center\"><em>Caso aconteceu na cidade de Po\u00e7\u00f5es. Jovem tamb\u00e9m foi atingido e levado para a Unidade de Pronto Atendimento M\u00e9dico (UPA). Ningu\u00e9m foi preso<\/em><\/h5>\n\n\n\n<p><strong>Por G1 BA<\/strong><\/p>\n\n\n\n<div class=\"wp-block-image\"><figure class=\"aligncenter is-resized\"><img data-recalc-dims=\"1\" fetchpriority=\"high\" decoding=\"async\" src=\"https:\/\/i0.wp.com\/blogdoeloiltoncajuhy.com.br\/site\/wp-content\/uploads\/2019\/10\/dpt-conquista.jpg?resize=492%2C308\" alt=\"\" class=\"wp-image-38364\" width=\"492\" height=\"308\" srcset=\"https:\/\/i0.wp.com\/blogdoeloiltoncajuhy.com.br\/site\/wp-content\/uploads\/2019\/10\/dpt-conquista.jpg?w=984&amp;ssl=1 984w, https:\/\/i0.wp.com\/blogdoeloiltoncajuhy.com.br\/site\/wp-content\/uploads\/2019\/10\/dpt-conquista.jpg?resize=300%2C188&amp;ssl=1 300w, https:\/\/i0.wp.com\/blogdoeloiltoncajuhy.com.br\/site\/wp-content\/uploads\/2019\/10\/dpt-conquista.jpg?resize=768%2C481&amp;ssl=1 768w, https:\/\/i0.wp.com\/blogdoeloiltoncajuhy.com.br\/site\/wp-content\/uploads\/2019\/10\/dpt-conquista.jpg?resize=250%2C157&amp;ssl=1 250w\" sizes=\"(max-width: 492px) 100vw, 492px\" \/><figcaption><em>Corpo da v\u00edtima foi levado para o DPT de Conquista, que fica a 60 quil\u00f4metros de Po\u00e7\u00f5es \u2014 Foto: Anderson Oliveira\/Blog do Anderson<\/em><\/figcaption><\/figure><\/div>\n\n\n\n<p>Um homem foi morto a tiros ap\u00f3s ficar na frente do filho, que seria alvo dos disparos, dentro de um bar, na noite de quinta-feira (24), na cidade de Po\u00e7\u00f5es, no sudoeste da Bahia. Conforme a Pol\u00edcia Militar, o jovem tamb\u00e9m foi atingido e est\u00e1 internado em uma unidade m\u00e9dica.<\/p>\n\n\n\n<p>Segundo informa\u00e7\u00f5es da Pol\u00edcia Militar, <strong>Jos\u00e9 Silva Nascimento<\/strong> conversava com o filho, que n\u00e3o teve a identidade revelada, dentro de um bar, quando um homem invadiu o local e atirou no jovem. A v\u00edtima tentou impedir os disparos e se jogou na frente do rapaz.<\/p>\n\n\n\n<p>De acordo com a PM, o suspeito de cometer o crime fugiu do local e, at\u00e9 a \u00faltima atualiza\u00e7\u00e3o desta reportagem, ele n\u00e3o havia sido encontrado. Jos\u00e9 Silva foi socorrido e levado para a Unidade de Pronto Atendimento (UPA), mas n\u00e3o resistiu aos ferimentos.<\/p>\n\n\n\n<p>A Pol\u00edcia Civil informou que o filho da v\u00edtima tem envolvimento com o tr\u00e1fico de drogas. Ele tamb\u00e9m foi levado para a UPA e se recupera dos ferimentos.<\/p>\n\n\n\n<p>O corpo da v\u00edtima foi levado para o Departamento de Pol\u00edcia T\u00e9cnica (DPT) de Vit\u00f3ria da Conquista, que fica a 60 quil\u00f4metros de Po\u00e7\u00f5es.<\/p>\n","protected":false},"excerpt":{"rendered":"<p>Caso aconteceu na cidade de Po\u00e7\u00f5es. Jovem tamb\u00e9m foi atingido e levado para a Unidade de Pronto Atendimento M\u00e9dico (UPA). Ningu\u00e9m foi preso Por G1 BA Um homem foi morto a tiros ap\u00f3s ficar na frente do filho, que seria alvo dos disparos, dentro de um bar, na noite de quinta-feira (24), na cidade de [&hellip;]<\/p>\n","protected":false},"author":2,"featured_media":38364,"comment_status":"open","ping_status":"open","sticky":false,"template":"","format":"standard","meta":{"_acf_changed":false,"_monsterinsights_skip_tracking":false,"_monsterinsights_sitenote_active":false,"_monsterinsights_sitenote_note":"","_monsterinsights_sitenote_category":0,"_jetpack_memberships_contains_paid_content":false,"footnotes":"","jetpack_publicize_message":"","jetpack_publicize_feature_enabled":true,"jetpack_social_post_already_shared":true,"jetpack_social_options":{"image_generator_settings":{"template":"highway","default_image_id":0,"font":"","enabled":false},"version":2}},"categories":[5,1],"tags":[],"class_list":["post-38363","post","type-post","status-publish","format-standard","has-post-thumbnail","hentry","category-cotidiano","category-noticias"],"acf":[],"jetpack_publicize_connections":[],"jetpack_featured_media_url":"https:\/\/i0.wp.com\/blogdoeloiltoncajuhy.com.br\/site\/wp-content\/uploads\/2019\/10\/dpt-conquista.jpg?fit=984%2C616&ssl=1","jetpack_sharing_enabled":true,"publishpress_future_workflow_manual_trigger":{"enabledWorkflows":[]},"_links":{"self":[{"href":"https:\/\/blogdoeloiltoncajuhy.com.br\/site\/wp-json\/wp\/v2\/posts\/38363","targetHints":{"allow":["GET"]}}],"collection":[{"href":"https:\/\/blogdoeloiltoncajuhy.com.br\/site\/wp-json\/wp\/v2\/posts"}],"about":[{"href":"https:\/\/blogdoeloiltoncajuhy.com.br\/site\/wp-json\/wp\/v2\/types\/post"}],"author":[{"embeddable":true,"href":"https:\/\/blogdoeloiltoncajuhy.com.br\/site\/wp-json\/wp\/v2\/users\/2"}],"replies":[{"embeddable":true,"href":"https:\/\/blogdoeloiltoncajuhy.com.br\/site\/wp-json\/wp\/v2\/comments?post=38363"}],"version-history":[{"count":1,"href":"https:\/\/blogdoeloiltoncajuhy.com.br\/site\/wp-json\/wp\/v2\/posts\/38363\/revisions"}],"predecessor-version":[{"id":38365,"href":"https:\/\/blogdoeloiltoncajuhy.com.br\/site\/wp-json\/wp\/v2\/posts\/38363\/revisions\/38365"}],"wp:featuredmedia":[{"embeddable":true,"href":"https:\/\/blogdoeloiltoncajuhy.com.br\/site\/wp-json\/wp\/v2\/media\/38364"}],"wp:attachment":[{"href":"https:\/\/blogdoeloiltoncajuhy.com.br\/site\/wp-json\/wp\/v2\/media?parent=38363"}],"wp:term":[{"taxonomy":"category","embeddable":true,"href":"https:\/\/blogdoeloiltoncajuhy.com.br\/site\/wp-json\/wp\/v2\/categories?post=38363"},{"taxonomy":"post_tag","embeddable":true,"href":"https:\/\/blogdoeloiltoncajuhy.com.br\/site\/wp-json\/wp\/v2\/tags?post=38363"}],"curies":[{"name":"wp","href":"https:\/\/api.w.org\/{rel}","templated":true}]}}