{"id":38352,"date":"2019-10-25T09:13:59","date_gmt":"2019-10-25T12:13:59","guid":{"rendered":"http:\/\/blogdoeloiltoncajuhy.com.br\/site\/?p=38352"},"modified":"2019-10-25T09:14:06","modified_gmt":"2019-10-25T12:14:06","slug":"veja-o-resumo-da-sessao-ordinaria-da-camara-municipal-de-senhor-do-bonfim-desta-quinta-feira-24","status":"publish","type":"post","link":"https:\/\/blogdoeloiltoncajuhy.com.br\/site\/veja-o-resumo-da-sessao-ordinaria-da-camara-municipal-de-senhor-do-bonfim-desta-quinta-feira-24\/","title":{"rendered":"Veja o resumo da sess\u00e3o ordin\u00e1ria da C\u00e2mara Municipal de Senhor do Bonfim desta quinta-feira (24)"},"content":{"rendered":"\n<p><strong>ASCOM &#8211; C\u00e2mara Municipal de Senhor do Bonfim-BA<\/strong><\/p>\n\n\n\n<div class=\"wp-block-image\"><figure class=\"aligncenter\"><img data-recalc-dims=\"1\" fetchpriority=\"high\" decoding=\"async\" width=\"800\" height=\"533\" src=\"https:\/\/i0.wp.com\/blogdoeloiltoncajuhy.com.br\/site\/wp-content\/uploads\/2019\/02\/C%C3%A2mara-Municipal-de-Senhor-do-Bonfim-0912.jpg?resize=800%2C533\" alt=\"\" class=\"wp-image-31832\" srcset=\"https:\/\/i0.wp.com\/blogdoeloiltoncajuhy.com.br\/site\/wp-content\/uploads\/2019\/02\/C%C3%A2mara-Municipal-de-Senhor-do-Bonfim-0912.jpg?resize=1024%2C682&amp;ssl=1 1024w, https:\/\/i0.wp.com\/blogdoeloiltoncajuhy.com.br\/site\/wp-content\/uploads\/2019\/02\/C%C3%A2mara-Municipal-de-Senhor-do-Bonfim-0912.jpg?resize=300%2C200&amp;ssl=1 300w, https:\/\/i0.wp.com\/blogdoeloiltoncajuhy.com.br\/site\/wp-content\/uploads\/2019\/02\/C%C3%A2mara-Municipal-de-Senhor-do-Bonfim-0912.jpg?resize=768%2C512&amp;ssl=1 768w, https:\/\/i0.wp.com\/blogdoeloiltoncajuhy.com.br\/site\/wp-content\/uploads\/2019\/02\/C%C3%A2mara-Municipal-de-Senhor-do-Bonfim-0912.jpg?resize=250%2C167&amp;ssl=1 250w, https:\/\/i0.wp.com\/blogdoeloiltoncajuhy.com.br\/site\/wp-content\/uploads\/2019\/02\/C%C3%A2mara-Municipal-de-Senhor-do-Bonfim-0912.jpg?w=1280&amp;ssl=1 1280w\" sizes=\"(max-width: 800px) 100vw, 800px\" \/><\/figure><\/div>\n\n\n\n<p>Nesta quinta-feira, 24 de outubro, foi realizada a 23\u00aa Sess\u00e3o Ordin\u00e1ria do 2\u00ba Per\u00edodo Ordin\u00e1rio, do ano de 2019, da C\u00e2mara Municipal de Senhor do Bonfim. Conduzida pelo Presidente da Casa, vereador Cleiton Vieira, a sess\u00e3o teve in\u00edcio \u00e0s 19h10, ap\u00f3s a chamada dos vereadores, onde havendo n\u00famero legal \u00e9 declarada aberta.<\/p>\n\n\n\n<p>O Sr. Presidente informa que solicitaram o abono das faltas os vereadores ANDREILTO DE ALMEIDA, OT\u00c1VIO XISTO DE SOUZA J\u00daNIOR e L\u00daCIA CRISTINA SOUZA CERQUEIRA DA SILVA, cujas justificativas s\u00e3o: Por estar de atestado m\u00e9dico e por estarem na cidade de Juazeiro-BA acompanhando seus pais que est\u00e3o enfermos. Todavia, a Mesa Diretora ir\u00e1 avaliar.<\/p>\n\n\n\n<p>Em seguida, atendendo o Regimento Interno, em seu art. 141, foi encaminhada a ata da sess\u00e3o anterior aos e-mails de todos os vereadores, foi colocada em discuss\u00e3o e, ningu\u00e9m querendo discutir, \u00e9 colocada em vota\u00e7\u00e3o, sendo aprovada.<\/p>\n\n\n\n<p class=\"has-medium-font-size\"><strong>Passa-se \u00e0 leitura do expediente, que consta das seguintes mat\u00e9rias:<\/strong><\/p>\n\n\n\n<p>Of\u00edcio Gab. Pref. N\u00b0 264\/2019, que \u201cencaminha atrav\u00e9s do anexo I (nota t\u00e9cnica do controle interno), II (demonstrativo do impacto or\u00e7ament\u00e1rio financeiro, e metodologia de c\u00e1lculo, referente \u00e0 cria\u00e7\u00e3o de cargos) e II (declara\u00e7\u00e3o do ordenador de despesas), em atendimento a solicita\u00e7\u00e3o do Presidente da Comiss\u00e3o Permanente de Finan\u00e7as, Or\u00e7amento, Fiscaliza\u00e7\u00e3o Financeira e Or\u00e7ament\u00e1ria\u201d;<\/p>\n\n\n\n<p>PROJETO DE DECRETO LEGISLATIVO N\u00ba 027\/2019, de autoria do Vereador Reinaldo Jos\u00e9 da Silva, que \u201cConcede Medalha Doutor Jos\u00e9 Gon\u00e7alves \u00e0 Funda\u00e7\u00e3o da Brigada: Guerreiros Serra de San\u2019tanna, no Munic\u00edpio de Senhor do Bonfim, representada pela Presidente a senhora Francisca Goudian e o vice-presidente o senhor Luiz Santana, e d\u00e1 outras provid\u00eancias\u201d;<\/p>\n\n\n\n<p>PROJETO DE DECRETO LEGISLATIVO N\u00ba 029\/2019, de autoria do Vereador Reinaldo Ferreira Santana, e subscrito pelos vereadores Carlos Alberto Dias dos Santos, Ot\u00e1vio Xisto de Souza J\u00fanior, Herm\u00f3genes Gomes de Almeida, Elizeu Concei\u00e7\u00e3o de Souza, Reinaldo Jos\u00e9 da Silva, Gerivaldo Ribeiro Sampaio, Jorge Souza e Silva Filho, Jo\u00e3o Carlos de Castro, La\u00e9rcio Muniz de Azevedo J\u00fanior e L\u00facia Cristina Souza Cerqueira que \u201cConcede T\u00edtulo de Cidad\u00e3o Bonfinense ao Senhor Deputado Adolfo Emanuel Monteiro de Menezes e d\u00e1 outras provid\u00eancias\u201d;<\/p>\n\n\n\n<p>PROJETO DE DECRETO LEGISLATIVO N\u00ba 030\/2019, de autoria do Vereador Elizeu Concei\u00e7\u00e3o de Souza, que \u201cConcede Medalha Doutor Jos\u00e9 Gon\u00e7alves ao Centro Educacional Construindo Sonhos, no Munic\u00edpio de Senhor do Bonfim, representado pela Diretora Vossa Senhoria Vandineide Freitas Costa, e d\u00e1 outras provid\u00eancias\u201d;<\/p>\n\n\n\n<p>PROJETO DE DECRETO LEGISLATIVO N\u00ba 031\/2019, de autoria do Vereador Andreilto de Almeida Barbosa, que \u201cConcede Medalha Doutor Jos\u00e9 Gon\u00e7alves \u00e0 Loja Ma\u00e7\u00f4nica Uni\u00e3o e Fraternidade de Senhor do Bonfim\u201d;<\/p>\n\n\n\n<p>INDICA\u00c7\u00c3O N\u00ba 006\/2019, de autoria do Vereador Elizeu Concei\u00e7\u00e3o de Souza, que solicita a \u201cconstru\u00e7\u00e3o da Arena Mandacaru no Bonfim III, Campo Mandacaru, Senhor do Bonfim \u2013 BA\u201d;<\/p>\n\n\n\n<p>PEDIDO DE PROVID\u00caNCIA N\u00ba 068\/2019, de autoria do Vereador La\u00e9rcio Muniz de Azevedo J\u00fanior, que solicita \u201cque Secretaria Municipal de Infraestrutura promova a melhoria da estrada, no povoado de Itapicuru, ap\u00f3s a linha do trem, fazendo o patrolamento da mesma\u201d;<\/p>\n\n\n\n<p>OF\u00cdCIO N\u00ba 037\/2019, de autoria da Universidade Anhanguera, que solicita espa\u00e7o livre na tribuna para a divulga\u00e7\u00e3o de evento.<\/p>\n\n\n\n<p>O Sr. Presidente passa para ordem dos vereadores inscritos e franqueia a palavra ao primeiro, Vereador REINALDO FERREIRA SANTANA. Dando continuidade, franqueia a palavra ao segundo, Vereador LA\u00c9RCIO MUNIZ DE AZEVEDO J\u00daNIOR. Franqueia a palavra ao terceiro, Vereador CARLOS ALBERTO DIAS DOS SANTOS. Franqueia a palavra ao quarto, Vereador ELIZEU CONCEI\u00c7\u00c3O DE SOUZA. Franqueia a palavra ao quinto, Vereador HERM\u00d3GENES GOMES DE ALMEIDA. Franqueia a palavra ao sexto, Vereador ALEXANDRE FERREIRA.<\/p>\n\n\n\n<p>Passa-se para a <strong>ORDEM DO DIA<\/strong> que n\u00e3o consta de nenhuma mat\u00e9ria. N\u00e3o havendo nenhuma mat\u00e9ria para ser lida e discutida o Sr. Presidente passa a franquear a palavra aos vereadores por inscri\u00e7\u00e3o de Bancadas, sendo franqueada a primeira bancada DEM\/PMN\/PPS composta pelos vereadores Gerivaldo Ribeiro Sampaio, Ot\u00e1vio Xisto de Souza J\u00fanior e La\u00e9rcio Muniz de Azevedo J\u00fanior e usa da palavra o Vereador LA\u00c9RCIO MUNIZ DE AZEVEDO J\u00daNIOR. Usa da palavra o Vereador GERIVALDO RIBEIRO SAMPAIO.<\/p>\n\n\n\n<p>\u00c9 franqueada a segunda bancada PRTB\/PSD, composta pelos vereadores Jo\u00e3o Carlos de Castro, Jorge Souza e Silva Filho e Reinaldo Ferreira Santana e usa da palavra o Vereador JORGE SOUZA E SILVA FILHO. Usa da palavra o Vereador JO\u00c3O CARLOS DE CASTRO. Usa da palavra o Vereador REINALDO FERREIRA SANTANA.<\/p>\n\n\n\n<p>\u00c9 franqueada a terceira bancada PT\/PROS, composta pelos vereadores Herm\u00f3genes Gomes de Almeida, Elizeu Concei\u00e7\u00e3o de Souza, Edson Ribeiro da Silva e Reinaldo Jos\u00e9 da Silva e usa da palavra o Vereador HERM\u00d3GENES GOMES DE ALMEIDA. Usa da palavra o Vereador ELIZEU CONCEI\u00c7\u00c3O DE SOUZA.<\/p>\n\n\n\n<p>\u00c9 franqueada a quarta bancada PCdoB\/PSB\/PRB, composta pelos vereadores Andreilto de Almeida Barbosa, Alexandre Ferreira, Carlos Alberto Dias dos Santos e a Vereadora L\u00facia Cristina Souza Cerqueira da Silva e usa da palavra o Vereador CARLOS ALBERTO DIAS DOS SANTOS. Usa da palavra o Vereador ALEXANDRE FERREIRA.<\/p>\n\n\n\n<p>O Vereador La\u00e9rcio Muniz de Azevedo J\u00fanior solicita sua prerrogativa de L\u00edder da Oposi\u00e7\u00e3o, previsto no Regimento Interno da Casa, para usar da palavra. O Sr. Presidente Franqueia a palavra ao Vereador LA\u00c9RCIO MUNIZ DE AZEVEDO J\u00daNIOR.<\/p>\n\n\n\n<p>N\u00e3o havendo mais nenhuma bancada para usar o Sr. Presidente, \u00e0s vinte e uma horas e vinte e cinco minutos, d\u00e1 por encerrada a Sess\u00e3o.<\/p>\n\n\n\n<p><strong>Veja a sess\u00e3o completa:<\/strong><\/p>\n\n\n\n<figure class=\"wp-block-embed-youtube aligncenter wp-block-embed is-type-video is-provider-youtube wp-embed-aspect-16-9 wp-has-aspect-ratio\"><div class=\"wp-block-embed__wrapper\">\n<iframe title=\"23\u00aa Sess\u00e3o Ordin\u00e1ria do 2\u00ba PO [24\/10\/2019]\" width=\"800\" height=\"450\" src=\"https:\/\/www.youtube.com\/embed\/BsNk7VciZVg?feature=oembed\" frameborder=\"0\" allow=\"accelerometer; autoplay; encrypted-media; gyroscope; picture-in-picture\" allowfullscreen><\/iframe>\n<\/div><\/figure>\n","protected":false},"excerpt":{"rendered":"<p>ASCOM &#8211; C\u00e2mara Municipal de Senhor do Bonfim-BA Nesta quinta-feira, 24 de outubro, foi realizada a 23\u00aa Sess\u00e3o Ordin\u00e1ria do 2\u00ba Per\u00edodo Ordin\u00e1rio, do ano de 2019, da C\u00e2mara Municipal de Senhor do Bonfim. Conduzida pelo Presidente da Casa, vereador Cleiton Vieira, a sess\u00e3o teve in\u00edcio \u00e0s 19h10, ap\u00f3s a chamada dos vereadores, onde havendo [&hellip;]<\/p>\n","protected":false},"author":2,"featured_media":0,"comment_status":"open","ping_status":"open","sticky":false,"template":"","format":"standard","meta":{"_acf_changed":false,"_monsterinsights_skip_tracking":false,"_monsterinsights_sitenote_active":false,"_monsterinsights_sitenote_note":"","_monsterinsights_sitenote_category":0,"_jetpack_memberships_contains_paid_content":false,"footnotes":"","jetpack_publicize_message":"","jetpack_publicize_feature_enabled":true,"jetpack_social_post_already_shared":true,"jetpack_social_options":{"image_generator_settings":{"template":"highway","default_image_id":0,"font":"","enabled":false},"version":2}},"categories":[1,3,4],"tags":[],"class_list":["post-38352","post","type-post","status-publish","format-standard","hentry","category-noticias","category-politica","category-local"],"acf":[],"jetpack_publicize_connections":[],"jetpack_featured_media_url":"","jetpack_sharing_enabled":true,"publishpress_future_workflow_manual_trigger":{"enabledWorkflows":[]},"_links":{"self":[{"href":"https:\/\/blogdoeloiltoncajuhy.com.br\/site\/wp-json\/wp\/v2\/posts\/38352","targetHints":{"allow":["GET"]}}],"collection":[{"href":"https:\/\/blogdoeloiltoncajuhy.com.br\/site\/wp-json\/wp\/v2\/posts"}],"about":[{"href":"https:\/\/blogdoeloiltoncajuhy.com.br\/site\/wp-json\/wp\/v2\/types\/post"}],"author":[{"embeddable":true,"href":"https:\/\/blogdoeloiltoncajuhy.com.br\/site\/wp-json\/wp\/v2\/users\/2"}],"replies":[{"embeddable":true,"href":"https:\/\/blogdoeloiltoncajuhy.com.br\/site\/wp-json\/wp\/v2\/comments?post=38352"}],"version-history":[{"count":1,"href":"https:\/\/blogdoeloiltoncajuhy.com.br\/site\/wp-json\/wp\/v2\/posts\/38352\/revisions"}],"predecessor-version":[{"id":38353,"href":"https:\/\/blogdoeloiltoncajuhy.com.br\/site\/wp-json\/wp\/v2\/posts\/38352\/revisions\/38353"}],"wp:attachment":[{"href":"https:\/\/blogdoeloiltoncajuhy.com.br\/site\/wp-json\/wp\/v2\/media?parent=38352"}],"wp:term":[{"taxonomy":"category","embeddable":true,"href":"https:\/\/blogdoeloiltoncajuhy.com.br\/site\/wp-json\/wp\/v2\/categories?post=38352"},{"taxonomy":"post_tag","embeddable":true,"href":"https:\/\/blogdoeloiltoncajuhy.com.br\/site\/wp-json\/wp\/v2\/tags?post=38352"}],"curies":[{"name":"wp","href":"https:\/\/api.w.org\/{rel}","templated":true}]}}