{"id":38347,"date":"2019-10-25T06:43:29","date_gmt":"2019-10-25T09:43:29","guid":{"rendered":"http:\/\/blogdoeloiltoncajuhy.com.br\/site\/?p=38347"},"modified":"2019-10-25T06:43:36","modified_gmt":"2019-10-25T09:43:36","slug":"mais-um-caso-de-sarampo-na-bahia-e-confirmado-pela-sesab-estado-tem-23-ocorrencias-no-total","status":"publish","type":"post","link":"https:\/\/blogdoeloiltoncajuhy.com.br\/site\/mais-um-caso-de-sarampo-na-bahia-e-confirmado-pela-sesab-estado-tem-23-ocorrencias-no-total\/","title":{"rendered":"Mais um caso de sarampo na Bahia \u00e9 confirmado pela Sesab; estado tem 23 ocorr\u00eancias no total"},"content":{"rendered":"\n<h5 class=\"wp-block-heading\" style=\"text-align:center\"><em>Dados foram divulgados nesta quinta-feira (24), pela Secretaria de Sa\u00fade do Estado da Bahia. \u00daltimo boletim foi divulgado em 17 de outubro<\/em><\/h5>\n\n\n\n<p><strong>Por G1 BA<\/strong><\/p>\n\n\n\n<div class=\"wp-block-image\"><figure class=\"aligncenter is-resized\"><img data-recalc-dims=\"1\" fetchpriority=\"high\" decoding=\"async\" src=\"https:\/\/i0.wp.com\/blogdoeloiltoncajuhy.com.br\/site\/wp-content\/uploads\/2019\/08\/VacinacaoSarampo_2019.jpg?resize=566%2C377\" alt=\"\" class=\"wp-image-36694\" width=\"566\" height=\"377\" srcset=\"https:\/\/i0.wp.com\/blogdoeloiltoncajuhy.com.br\/site\/wp-content\/uploads\/2019\/08\/VacinacaoSarampo_2019.jpg?w=754&amp;ssl=1 754w, https:\/\/i0.wp.com\/blogdoeloiltoncajuhy.com.br\/site\/wp-content\/uploads\/2019\/08\/VacinacaoSarampo_2019.jpg?resize=300%2C200&amp;ssl=1 300w, https:\/\/i0.wp.com\/blogdoeloiltoncajuhy.com.br\/site\/wp-content\/uploads\/2019\/08\/VacinacaoSarampo_2019.jpg?resize=250%2C167&amp;ssl=1 250w\" sizes=\"(max-width: 566px) 100vw, 566px\" \/><\/figure><\/div>\n\n\n\n<p>Mais um caso confirmado de sarampo foi registrado na cidade de Ituber\u00e1, baixo sul da Bahia, segundo boletim divulgado nesta quinta-feira (24) pela Secretaria de Sa\u00fade do Estado da Bahia (Sesab).<\/p>\n\n\n\n<p>Com isso, o n\u00famero de ocorr\u00eancias confirmadas da doen\u00e7a no estado sobe, em uma semana, de 22 para 23. O \u00faltimo boletim havia sido divulgado em 17 de outubro.<\/p>\n\n\n\n<p>Segundo a Sesab, os n\u00fameros correspondem ao levantamento feito at\u00e9 a semana epidemiol\u00f3gica 42 (19\/10). Dos 23 casos de sarampo confirmados na Bahia, 12 s\u00e3o em Santo Amaro, 5 em Gandu, 2 em Ituber\u00e1, <strong>1 em Jacobina<\/strong>, 1 em Palmeiras, 1 em Salvador e <strong>1 em Andorinha<\/strong>.<\/p>\n\n\n\n<p>A Sesab ainda destaca que, do total de casos, cinco s\u00e3o importados, o que significa que a contamina\u00e7\u00e3o ocorreu em outras localidades fora da Bahia, mas a notifica\u00e7\u00e3o se deu durante a estadia aqui no estado. Esses casos s\u00e3o em Porto Seguro (1), Salvador (1), Souto Soares (1) e Caetit\u00e9 (2).<\/p>\n\n\n\n<p>At\u00e9 o momento, foram notificados 584 casos suspeitos de sarampo, sendo 310 descartados, 23 confirmados, enquanto 251 permanecem em investiga\u00e7\u00e3o.<\/p>\n\n\n\n<p class=\"has-medium-font-size\"><strong>Campanha de vacina\u00e7\u00e3o<\/strong><\/p>\n\n\n\n<p>Come\u00e7ou no \u00faltimo dia 7 a campanha nacional de vacina\u00e7\u00e3o contra sarampo. A a\u00e7\u00e3o segue at\u00e9 esta sexta-feira (25). O p\u00fablico-alvo \u00e9 formado por crian\u00e7as de 6 meses a menores de 5 anos (4 anos, 11 meses e 29 dias), devido a vulnerabilidade desse grupo contrair o agravo e evoluir para complica\u00e7\u00f5es graves e at\u00e9 mesmo levar ao \u00f3bito.<\/p>\n","protected":false},"excerpt":{"rendered":"<p>Dados foram divulgados nesta quinta-feira (24), pela Secretaria de Sa\u00fade do Estado da Bahia. \u00daltimo boletim foi divulgado em 17 de outubro Por G1 BA Mais um caso confirmado de sarampo foi registrado na cidade de Ituber\u00e1, baixo sul da Bahia, segundo boletim divulgado nesta quinta-feira (24) pela Secretaria de Sa\u00fade do Estado da Bahia [&hellip;]<\/p>\n","protected":false},"author":2,"featured_media":0,"comment_status":"open","ping_status":"open","sticky":false,"template":"","format":"standard","meta":{"_acf_changed":false,"_monsterinsights_skip_tracking":false,"_monsterinsights_sitenote_active":false,"_monsterinsights_sitenote_note":"","_monsterinsights_sitenote_category":0,"_jetpack_memberships_contains_paid_content":false,"footnotes":"","jetpack_publicize_message":"","jetpack_publicize_feature_enabled":true,"jetpack_social_post_already_shared":true,"jetpack_social_options":{"image_generator_settings":{"template":"highway","default_image_id":0,"font":"","enabled":false},"version":2}},"categories":[1,7],"tags":[],"class_list":["post-38347","post","type-post","status-publish","format-standard","hentry","category-noticias","category-saude"],"acf":[],"jetpack_publicize_connections":[],"jetpack_featured_media_url":"","jetpack_sharing_enabled":true,"publishpress_future_workflow_manual_trigger":{"enabledWorkflows":[]},"_links":{"self":[{"href":"https:\/\/blogdoeloiltoncajuhy.com.br\/site\/wp-json\/wp\/v2\/posts\/38347","targetHints":{"allow":["GET"]}}],"collection":[{"href":"https:\/\/blogdoeloiltoncajuhy.com.br\/site\/wp-json\/wp\/v2\/posts"}],"about":[{"href":"https:\/\/blogdoeloiltoncajuhy.com.br\/site\/wp-json\/wp\/v2\/types\/post"}],"author":[{"embeddable":true,"href":"https:\/\/blogdoeloiltoncajuhy.com.br\/site\/wp-json\/wp\/v2\/users\/2"}],"replies":[{"embeddable":true,"href":"https:\/\/blogdoeloiltoncajuhy.com.br\/site\/wp-json\/wp\/v2\/comments?post=38347"}],"version-history":[{"count":1,"href":"https:\/\/blogdoeloiltoncajuhy.com.br\/site\/wp-json\/wp\/v2\/posts\/38347\/revisions"}],"predecessor-version":[{"id":38348,"href":"https:\/\/blogdoeloiltoncajuhy.com.br\/site\/wp-json\/wp\/v2\/posts\/38347\/revisions\/38348"}],"wp:attachment":[{"href":"https:\/\/blogdoeloiltoncajuhy.com.br\/site\/wp-json\/wp\/v2\/media?parent=38347"}],"wp:term":[{"taxonomy":"category","embeddable":true,"href":"https:\/\/blogdoeloiltoncajuhy.com.br\/site\/wp-json\/wp\/v2\/categories?post=38347"},{"taxonomy":"post_tag","embeddable":true,"href":"https:\/\/blogdoeloiltoncajuhy.com.br\/site\/wp-json\/wp\/v2\/tags?post=38347"}],"curies":[{"name":"wp","href":"https:\/\/api.w.org\/{rel}","templated":true}]}}